{"id":22361,"date":"2021-02-20T20:48:41","date_gmt":"2021-02-20T23:48:41","guid":{"rendered":"https:\/\/blogs.correio24horas.com.br\/mesalte\/?p=22361"},"modified":"2021-02-20T21:17:06","modified_gmt":"2021-02-21T00:17:06","slug":"anitta-faz-tatuagem-anal-e-video-viraliza-nas-redes-sociais","status":"publish","type":"post","link":"https:\/\/blogs.correio24horas.com.br\/mesalte\/anitta-faz-tatuagem-anal-e-video-viraliza-nas-redes-sociais\/","title":{"rendered":"Anitta faz tatuagem anal e v\u00eddeo viraliza nas redes sociais"},"content":{"rendered":"\n<p>A cantora Anitta voltou a ser um dos assuntos mais comentados das redes sociais neste s\u00e1bado (20). O motivo? A artista fez uma nova tatuagem, desta vez na regi\u00e3o anal.<\/p>\n\n\n\n<p>A artista postou um v\u00eddeo do momento em seu perfil da rede social OnlyFans; logo as imagens foram parar em outras redes sociais e est\u00e3o dando o que falar &#8211; no Twitter, o nome da funkeira foi parar nos Trending Topics. <\/p>\n\n\n\n<p>Em seu Instagram, Anitta brincou: \u201cQuem tem c* tem medo ou tem tatuagem&#8221;, na legenda ela acrescentou: \u201cQual dos dois ser\u00e1 que eu tenho?&#8221;.&nbsp;<\/p>\n\n\n\n<div class=\"wp-block-image\"><figure class=\"aligncenter\"><img loading=\"lazy\" decoding=\"async\" width=\"485\" height=\"1024\" src=\"https:\/\/blogs.correio24h.com.br\/mesalte\/wp-content\/uploads\/2021\/02\/151823394_4179812302030090_4579294867864813958_n-485x1024.png\" alt=\"\" class=\"wp-image-22362\" srcset=\"https:\/\/blogs.correio24h.com.br\/mesalte\/wp-content\/uploads\/2021\/02\/151823394_4179812302030090_4579294867864813958_n-485x1024.png 485w, https:\/\/blogs.correio24h.com.br\/mesalte\/wp-content\/uploads\/2021\/02\/151823394_4179812302030090_4579294867864813958_n-142x300.png 142w, https:\/\/blogs.correio24h.com.br\/mesalte\/wp-content\/uploads\/2021\/02\/151823394_4179812302030090_4579294867864813958_n-768x1622.png 768w, https:\/\/blogs.correio24h.com.br\/mesalte\/wp-content\/uploads\/2021\/02\/151823394_4179812302030090_4579294867864813958_n-69x146.png 69w, https:\/\/blogs.correio24h.com.br\/mesalte\/wp-content\/uploads\/2021\/02\/151823394_4179812302030090_4579294867864813958_n-24x50.png 24w, https:\/\/blogs.correio24h.com.br\/mesalte\/wp-content\/uploads\/2021\/02\/151823394_4179812302030090_4579294867864813958_n-36x75.png 36w, https:\/\/blogs.correio24h.com.br\/mesalte\/wp-content\/uploads\/2021\/02\/151823394_4179812302030090_4579294867864813958_n.png 970w\" sizes=\"auto, (max-width: 485px) 100vw, 485px\" \/><\/figure><\/div>\n\n\n\n<figure class=\"wp-block-embed-twitter aligncenter wp-block-embed is-type-rich is-provider-twitter\"><div class=\"wp-block-embed__wrapper\">\n<blockquote class=\"twitter-tweet\" data-width=\"550\" data-dnt=\"true\"><p lang=\"pt\" dir=\"ltr\">\u00c9 que n\u00e3o tinha mais espa\u00e7o&#8230; <a href=\"https:\/\/t.co\/uf7qv6lqis\">pic.twitter.com\/uf7qv6lqis<\/a><\/p>&mdash; Anitta (@Anitta) <a href=\"https:\/\/twitter.com\/Anitta\/status\/1363271167616950273?ref_src=twsrc%5Etfw\">February 20, 2021<\/a><\/blockquote><script async src=\"https:\/\/platform.twitter.com\/widgets.js\" charset=\"utf-8\"><\/script>\n<\/div><\/figure>\n\n\n\n<p>\u201cReality show cheio de sub das sub celebridades e agora v\u00eddeo fazendo&nbsp;tatuagem&nbsp;no cu. Eu n\u00e3o dou uma semana pra&nbsp;Anitta&nbsp;come\u00e7ar a ser sondada pela record pra participar da fazenda 13\u2033, escreveu um internauta. <\/p>\n\n\n\n<p>\u201cGente, a @Anitta&nbsp;tava internada no hospital, agora t\u00e1 fazendo&nbsp;tatuagem&nbsp;no cu? N\u00e3o t\u00f4 entendendo mais nada. A velocidade dos acontecimentos est\u00e1 demais\u201d, brincou outro.<\/p>\n\n\n\n<figure class=\"wp-block-embed-twitter aligncenter wp-block-embed is-type-rich is-provider-twitter\"><div class=\"wp-block-embed__wrapper\">\n<blockquote class=\"twitter-tweet\" data-width=\"550\" data-dnt=\"true\"><p lang=\"pt\" dir=\"ltr\">se vc fosse a anitta, o que vc tatuaria no cy?  <a href=\"https:\/\/t.co\/13MTjBezbB\">pic.twitter.com\/13MTjBezbB<\/a><\/p>&mdash; lucas paiva em #BBB21 (@paiva) <a href=\"https:\/\/twitter.com\/paiva\/status\/1363252482068123655?ref_src=twsrc%5Etfw\">February 20, 2021<\/a><\/blockquote><script async src=\"https:\/\/platform.twitter.com\/widgets.js\" charset=\"utf-8\"><\/script>\n<\/div><\/figure>\n","protected":false},"excerpt":{"rendered":"<p>A cantora Anitta voltou a ser um dos assuntos mais comentados das redes sociais neste s\u00e1bado (20). O motivo? A artista fez uma nova tatuagem, desta [&hellip;]<\/p>\n","protected":false},"author":3,"featured_media":22364,"comment_status":"open","ping_status":"open","sticky":false,"template":"","format":"image","meta":{"footnotes":""},"categories":[28,80],"tags":[790,2148,2151,2149],"class_list":["post-22361","post","type-post","status-publish","format-image","has-post-thumbnail","hentry","category-farofa-digital","category-home","tag-anitta","tag-anitta-tatto","tag-anitta-tatuagem","tag-tatuagem-anal","post_format-post-format-image"],"_links":{"self":[{"href":"https:\/\/blogs.correio24horas.com.br\/mesalte\/wp-json\/wp\/v2\/posts\/22361","targetHints":{"allow":["GET"]}}],"collection":[{"href":"https:\/\/blogs.correio24horas.com.br\/mesalte\/wp-json\/wp\/v2\/posts"}],"about":[{"href":"https:\/\/blogs.correio24horas.com.br\/mesalte\/wp-json\/wp\/v2\/types\/post"}],"author":[{"embeddable":true,"href":"https:\/\/blogs.correio24horas.com.br\/mesalte\/wp-json\/wp\/v2\/users\/3"}],"replies":[{"embeddable":true,"href":"https:\/\/blogs.correio24horas.com.br\/mesalte\/wp-json\/wp\/v2\/comments?post=22361"}],"version-history":[{"count":4,"href":"https:\/\/blogs.correio24horas.com.br\/mesalte\/wp-json\/wp\/v2\/posts\/22361\/revisions"}],"predecessor-version":[{"id":22372,"href":"https:\/\/blogs.correio24horas.com.br\/mesalte\/wp-json\/wp\/v2\/posts\/22361\/revisions\/22372"}],"wp:featuredmedia":[{"embeddable":true,"href":"https:\/\/blogs.correio24horas.com.br\/mesalte\/wp-json\/wp\/v2\/media\/22364"}],"wp:attachment":[{"href":"https:\/\/blogs.correio24horas.com.br\/mesalte\/wp-json\/wp\/v2\/media?parent=22361"}],"wp:term":[{"taxonomy":"category","embeddable":true,"href":"https:\/\/blogs.correio24horas.com.br\/mesalte\/wp-json\/wp\/v2\/categories?post=22361"},{"taxonomy":"post_tag","embeddable":true,"href":"https:\/\/blogs.correio24horas.com.br\/mesalte\/wp-json\/wp\/v2\/tags?post=22361"}],"curies":[{"name":"wp","href":"https:\/\/api.w.org\/{rel}","templated":true}]}}