{"id":22343,"date":"2021-02-19T22:46:44","date_gmt":"2021-02-20T01:46:44","guid":{"rendered":"https:\/\/blogs.correio24horas.com.br\/mesalte\/?p=22343"},"modified":"2021-02-19T22:49:24","modified_gmt":"2021-02-20T01:49:24","slug":"anitta-tem-alta-apos-quatro-dias-internada-ainda-nao-estou-100","status":"publish","type":"post","link":"https:\/\/blogs.correio24horas.com.br\/mesalte\/anitta-tem-alta-apos-quatro-dias-internada-ainda-nao-estou-100\/","title":{"rendered":"Anitta tem alta ap\u00f3s quatro dias internada: &#8220;Ainda n\u00e3o estou 100%&#8221;"},"content":{"rendered":"\n<p>Depois de ficar quatro dias internada por uma intoxica\u00e7\u00e3o alimentar, a cantora Anitta&nbsp;<a href=\"https:\/\/www.correio24horas.com.br\/noticia\/nid\/ainda-internada-anitta-diz-se-sentir-melhor-estarei-bem-em-poucos-dias\/\">teve alta hospitalar nesta sexta-feira (19)<\/a>, ap\u00f3s ficar&nbsp;quatro dias internada&nbsp;em hospital particular da Zona Sul carioca. <\/p>\n\n\n\n<p>A pr\u00f3pria artista deu a not\u00edcia aos seguidores nas redes sociais. &#8220;&#8216;T\u00f4 preocupada com a minha amiga&#8217; is over<em>&nbsp;[&#8216;terminou&#8217;, em ingl\u00eas]<\/em>. Vamos arrumar outra amiga pra se preocupar, porque eu acabo de ter alta do hospital&#8221;, disse ela.<\/p>\n\n\n\n<p>Nos Stories do Instagram, Anitta aparece sendo recebida por seus cachorros e tamb\u00e9m falou sobre sua situa\u00e7\u00e3o. &#8220;Ainda n\u00e3o estou 100%. Vou continuar o tratamento de casa&#8230; Mas estou em casa, gra\u00e7as a Deus&#8221;, explicou.<\/p>\n\n\n\n<p>Na quinta-feira (18), a cantora tinha dito que n\u00e3o tinha certeza que teria alta t\u00e3o breve. &#8220;Ol\u00e1, galerix. Peguei um pouco no celular hoje. Ainda n\u00e3o tive alta, \u00e9 minha quarta noite dormindo no hospital, mas j\u00e1 me sinto melhor do que quando entrei. Obrigada pelas energias positivas. Um beijo. Falei errado. Quarto dia amanh\u00e3. Ddesculpa, \u00e9 que estou agoniada j\u00e1. Bom, rezar pra ser o \u00faltimo&#8221;, falou Anitta.<\/p>\n\n\n\n<p>Logo que <a href=\"https:\/\/www.correio24horas.com.br\/noticia\/nid\/com-infeccao-alimentar-anitta-e-internada-no-rio-de-janeiro\/\">a funkeira foi internada<\/a>, internautas questionaram se ela estaria com Covid-19 &#8211; o que foi\u00a0negado por seu irm\u00e3o, Renan Machado. &#8220;Passando s\u00f3 para dar um recado, porque est\u00e1 saindo um monte de especula\u00e7\u00e3o e um monte de coisa que n\u00e3o tem sentido na internet sobre a interna\u00e7\u00e3o da minha irm\u00e3. Sim, ela est\u00e1 internada, sendo medicada e tratada. Vim esclarecer que n\u00e3o \u00e9 Covid. Assim que ela chegou aqui, ela foi testada, deu negativo. Est\u00e1 sendo tratada. Est\u00e1 tudo certo. Estou vindo aqui para pedir um pouco de respeito a ela para que se recupere bem&#8221;, desabafou ele. Na ocasi\u00e3o, Renan mostrou o teste da cantora com resultado negativo.<\/p>\n\n\n\n<p><br><\/p>\n","protected":false},"excerpt":{"rendered":"<p>Depois de ficar quatro dias internada por uma intoxica\u00e7\u00e3o alimentar, a cantora Anitta&nbsp;teve alta hospitalar nesta sexta-feira (19), ap\u00f3s ficar&nbsp;quatro dias internada&nbsp;em hospital particular da Zona [&hellip;]<\/p>\n","protected":false},"author":3,"featured_media":22344,"comment_status":"open","ping_status":"open","sticky":false,"template":"","format":"image","meta":{"footnotes":""},"categories":[80],"tags":[790,2142,2143],"class_list":["post-22343","post","type-post","status-publish","format-image","has-post-thumbnail","hentry","category-home","tag-anitta","tag-anitta-alta","tag-anitta-internada","post_format-post-format-image"],"_links":{"self":[{"href":"https:\/\/blogs.correio24horas.com.br\/mesalte\/wp-json\/wp\/v2\/posts\/22343","targetHints":{"allow":["GET"]}}],"collection":[{"href":"https:\/\/blogs.correio24horas.com.br\/mesalte\/wp-json\/wp\/v2\/posts"}],"about":[{"href":"https:\/\/blogs.correio24horas.com.br\/mesalte\/wp-json\/wp\/v2\/types\/post"}],"author":[{"embeddable":true,"href":"https:\/\/blogs.correio24horas.com.br\/mesalte\/wp-json\/wp\/v2\/users\/3"}],"replies":[{"embeddable":true,"href":"https:\/\/blogs.correio24horas.com.br\/mesalte\/wp-json\/wp\/v2\/comments?post=22343"}],"version-history":[{"count":3,"href":"https:\/\/blogs.correio24horas.com.br\/mesalte\/wp-json\/wp\/v2\/posts\/22343\/revisions"}],"predecessor-version":[{"id":22347,"href":"https:\/\/blogs.correio24horas.com.br\/mesalte\/wp-json\/wp\/v2\/posts\/22343\/revisions\/22347"}],"wp:featuredmedia":[{"embeddable":true,"href":"https:\/\/blogs.correio24horas.com.br\/mesalte\/wp-json\/wp\/v2\/media\/22344"}],"wp:attachment":[{"href":"https:\/\/blogs.correio24horas.com.br\/mesalte\/wp-json\/wp\/v2\/media?parent=22343"}],"wp:term":[{"taxonomy":"category","embeddable":true,"href":"https:\/\/blogs.correio24horas.com.br\/mesalte\/wp-json\/wp\/v2\/categories?post=22343"},{"taxonomy":"post_tag","embeddable":true,"href":"https:\/\/blogs.correio24horas.com.br\/mesalte\/wp-json\/wp\/v2\/tags?post=22343"}],"curies":[{"name":"wp","href":"https:\/\/api.w.org\/{rel}","templated":true}]}}