{"id":22319,"date":"2021-02-16T22:48:53","date_gmt":"2021-02-17T01:48:53","guid":{"rendered":"https:\/\/blogs.correio24horas.com.br\/mesalte\/?p=22319"},"modified":"2021-02-18T22:54:21","modified_gmt":"2021-02-19T01:54:21","slug":"ivete-comemora-vitoria-no-correio-folia-2021-que-alegria-muito-amor","status":"publish","type":"post","link":"https:\/\/blogs.correio24horas.com.br\/mesalte\/ivete-comemora-vitoria-no-correio-folia-2021-que-alegria-muito-amor\/","title":{"rendered":"Ivete comemora vit\u00f3ria no Correio Folia 2021: &#8220;Que alegria! Muito amor&#8221;"},"content":{"rendered":"\n<p>&#8216;T\u00e1 solteira mas n\u00e3o t\u00e1 sozinha&#8217; m\u00fasica de Ivete Sangalo e Harmonia do Samba foi\u00a0<a href=\"https:\/\/blogs.correio24horas.com.br\/mesalte\/ivete-e-harmonia-do-samba-vencem-o-trofeu-correio-folia-2021\/\">eleita a m\u00fasica do Carnaval 2021, vencendo o trof\u00e9u Correio Folia 2021<\/a>. A vota\u00e7\u00e3o foi aberta ao p\u00fablico aqui no site do CORREIO. A m\u00fasica venceu com 38% dos votos.<\/p>\n\n\n\n<p>Logo que soube do resultado, Ivete comemorou nas redes sociais. No post do colunista do Correio, Osmar Marrom, Ivete escreveu: &#8220;UHUUUUU!!!!! Que alegria!!!!! Obrigado a todos que votaram!!!! Muito amor&#8221;.<\/p>\n\n\n\n<figure class=\"wp-block-image\"><img decoding=\"async\" src=\"https:\/\/correio-cdn2.cworks.cloud\/fileadmin\/user_upload\/correio24horas\/2021\/WhatsApp_Image_2021-02-16_at_22.08.58.jpeg\" alt=\"\"\/><\/figure>\n\n\n\n<p>A m\u00fasica \u00e9 uma composi\u00e7\u00e3o de Ivete, juntamente com Samir, Radam\u00e9s Ven\u00e2ncio e Gigi. O clipe da m\u00fasica, onde Ivete \u00e9 coroada rainha, foi dirigido por Chico Kert\u00e9sz.<\/p>\n\n\n\n<p>&#8216;T\u00e1 solteira mas n\u00e3o t\u00e1 sozinha&#8217; deixou para tr\u00e1s Armandinho e Tierry ficaram na segunda coloca\u00e7\u00e3o, ambos com 16%, gra\u00e7as \u00e0s m\u00fasicas &#8216;Quando Chega Fevereiro&#8217; e &#8216;Rita&#8217;, respectivamente. Petter Feraz e Menor Nico fecham o p\u00f3dio com &#8216;Amor ou Litr\u00e3o&#8217;, que teve 11% dos votos.<\/p>\n\n\n\n<center><iframe loading=\"lazy\" width=\"560\" height=\"315\" src=\"https:\/\/www.youtube.com\/embed\/FcA_F77cgcw\" allowfullscreen=\"\"><\/iframe><\/figure><\/center>\n\n\n\n<p><br><\/p>\n","protected":false},"excerpt":{"rendered":"<p>&#8216;T\u00e1 solteira mas n\u00e3o t\u00e1 sozinha&#8217; m\u00fasica de Ivete Sangalo e Harmonia do Samba foi\u00a0eleita a m\u00fasica do Carnaval 2021, vencendo o trof\u00e9u Correio Folia 2021. [&hellip;]<\/p>\n","protected":false},"author":3,"featured_media":22320,"comment_status":"open","ping_status":"open","sticky":false,"template":"","format":"image","meta":{"footnotes":""},"categories":[28,80],"tags":[1983,2140,415],"class_list":["post-22319","post","type-post","status-publish","format-image","has-post-thumbnail","hentry","category-farofa-digital","category-home","tag-carnaval-2021","tag-correio-folia-2021","tag-ivete-sangalo","post_format-post-format-image"],"_links":{"self":[{"href":"https:\/\/blogs.correio24horas.com.br\/mesalte\/wp-json\/wp\/v2\/posts\/22319","targetHints":{"allow":["GET"]}}],"collection":[{"href":"https:\/\/blogs.correio24horas.com.br\/mesalte\/wp-json\/wp\/v2\/posts"}],"about":[{"href":"https:\/\/blogs.correio24horas.com.br\/mesalte\/wp-json\/wp\/v2\/types\/post"}],"author":[{"embeddable":true,"href":"https:\/\/blogs.correio24horas.com.br\/mesalte\/wp-json\/wp\/v2\/users\/3"}],"replies":[{"embeddable":true,"href":"https:\/\/blogs.correio24horas.com.br\/mesalte\/wp-json\/wp\/v2\/comments?post=22319"}],"version-history":[{"count":1,"href":"https:\/\/blogs.correio24horas.com.br\/mesalte\/wp-json\/wp\/v2\/posts\/22319\/revisions"}],"predecessor-version":[{"id":22321,"href":"https:\/\/blogs.correio24horas.com.br\/mesalte\/wp-json\/wp\/v2\/posts\/22319\/revisions\/22321"}],"wp:featuredmedia":[{"embeddable":true,"href":"https:\/\/blogs.correio24horas.com.br\/mesalte\/wp-json\/wp\/v2\/media\/22320"}],"wp:attachment":[{"href":"https:\/\/blogs.correio24horas.com.br\/mesalte\/wp-json\/wp\/v2\/media?parent=22319"}],"wp:term":[{"taxonomy":"category","embeddable":true,"href":"https:\/\/blogs.correio24horas.com.br\/mesalte\/wp-json\/wp\/v2\/categories?post=22319"},{"taxonomy":"post_tag","embeddable":true,"href":"https:\/\/blogs.correio24horas.com.br\/mesalte\/wp-json\/wp\/v2\/tags?post=22319"}],"curies":[{"name":"wp","href":"https:\/\/api.w.org\/{rel}","templated":true}]}}