{"id":22306,"date":"2021-02-18T21:53:44","date_gmt":"2021-02-19T00:53:44","guid":{"rendered":"https:\/\/blogs.correio24horas.com.br\/mesalte\/?p=22306"},"modified":"2021-02-18T21:54:14","modified_gmt":"2021-02-19T00:54:14","slug":"edital-distribui-r100-mil-a-artistas-e-empreendedores-negros-e-indigenas-lgbtqia","status":"publish","type":"post","link":"https:\/\/blogs.correio24horas.com.br\/mesalte\/edital-distribui-r100-mil-a-artistas-e-empreendedores-negros-e-indigenas-lgbtqia\/","title":{"rendered":"Edital distribui R$100 mil a artistas e empreendedores negros e ind\u00edgenas LGBTQIA+"},"content":{"rendered":"\n<p>Quem trabalha na \u00e1rea da cultura ou economia criativa poder\u00e1 inscrever projetos inovadores para conseguir uma bolsa-aux\u00edlio at\u00e9 o pr\u00f3ximo s\u00e1bado (20), \u00e0s 23h59. O edital Latinidades Pretas vai repassar R$ 100 mil a iniciativas de criadores negros e ind\u00edgenas da comuidade LGBTQIA+. A ideia foi criada para reduzir danos econ\u00f4micos causados pela pandemia da Covid-19.<\/p>\n\n\n\n<p>O Latinidades Pretas, que \u00e9 realizado pelos institutos Feira Preta e Afrolatinas, em parceria com a Funda\u00e7\u00e3o Open Society, deve beneficiar 100 profissionais com bolsa de R$ 1 mil. <\/p>\n\n\n\n<p><strong>Como participar?<\/strong><\/p>\n\n\n\n<p>Se voc\u00ea que inscrever seu projeto no edital, saiba que ele precisa ser in\u00e9dito e pode ser enviado em diferentes formatos, como m\u00fasica, poesia, cr\u00f4nica, conto, texto, fotos, podcast, croquis, ensaios, performance, oficina, curso, apresenta\u00e7\u00e3o art\u00edstica, entre outros.<\/p>\n\n\n\n<p>As inscri\u00e7\u00f5es devem ser feitas no site do edital &#8211; <a href=\"http:\/\/www.latinidadespretas.com.br\">www.latinidadespretas.com.br<\/a> &#8211; at\u00e9 20 de fevereiro. Com foco na acessibilidade, a iniciativa aceita tamb\u00e9m candidaturas orais e em libras. A lista de selecionados ser\u00e1 divulgada no dia 31 de mar\u00e7o, nas redes sociais do projeto.<\/p>\n\n\n\n<p>O edital quer reconhecer, dar visibilidade e premiar conte\u00fados inovadores, focando na diversidade de g\u00eanero e sexual. Al\u00e9m de pessoas f\u00edsicas, coletivos e institui\u00e7\u00f5es LGBTQIA+ tamb\u00e9m podem se inscrever.<\/p>\n\n\n\n<p>\u201c\u00c9 urgente combatermos a marginaliza\u00e7\u00e3o, discrimina\u00e7\u00e3o e todo tipo de viol\u00eancia contra corpos LGBTQIA+. Queremos reafirmar que estamos comprometidas com essas vidas, com a mem\u00f3ria, hist\u00f3ria e prote\u00e7\u00e3o do patrim\u00f4nio cultural imaterial de suas culturas e com o reconhecimento da contribui\u00e7\u00e3o desta popula\u00e7\u00e3o para a sociedade\u201d, explica\u00a0Jaqueline Fernandes, fundadora do Instituto Afrolatinas.<\/p>\n","protected":false},"excerpt":{"rendered":"<p>Quem trabalha na \u00e1rea da cultura ou economia criativa poder\u00e1 inscrever projetos inovadores para conseguir uma bolsa-aux\u00edlio at\u00e9 o pr\u00f3ximo s\u00e1bado (20), \u00e0s 23h59. O edital [&hellip;]<\/p>\n","protected":false},"author":3,"featured_media":22307,"comment_status":"open","ping_status":"open","sticky":false,"template":"","format":"image","meta":{"footnotes":""},"categories":[28,80],"tags":[],"class_list":["post-22306","post","type-post","status-publish","format-image","has-post-thumbnail","hentry","category-farofa-digital","category-home","post_format-post-format-image"],"_links":{"self":[{"href":"https:\/\/blogs.correio24horas.com.br\/mesalte\/wp-json\/wp\/v2\/posts\/22306","targetHints":{"allow":["GET"]}}],"collection":[{"href":"https:\/\/blogs.correio24horas.com.br\/mesalte\/wp-json\/wp\/v2\/posts"}],"about":[{"href":"https:\/\/blogs.correio24horas.com.br\/mesalte\/wp-json\/wp\/v2\/types\/post"}],"author":[{"embeddable":true,"href":"https:\/\/blogs.correio24horas.com.br\/mesalte\/wp-json\/wp\/v2\/users\/3"}],"replies":[{"embeddable":true,"href":"https:\/\/blogs.correio24horas.com.br\/mesalte\/wp-json\/wp\/v2\/comments?post=22306"}],"version-history":[{"count":1,"href":"https:\/\/blogs.correio24horas.com.br\/mesalte\/wp-json\/wp\/v2\/posts\/22306\/revisions"}],"predecessor-version":[{"id":22308,"href":"https:\/\/blogs.correio24horas.com.br\/mesalte\/wp-json\/wp\/v2\/posts\/22306\/revisions\/22308"}],"wp:featuredmedia":[{"embeddable":true,"href":"https:\/\/blogs.correio24horas.com.br\/mesalte\/wp-json\/wp\/v2\/media\/22307"}],"wp:attachment":[{"href":"https:\/\/blogs.correio24horas.com.br\/mesalte\/wp-json\/wp\/v2\/media?parent=22306"}],"wp:term":[{"taxonomy":"category","embeddable":true,"href":"https:\/\/blogs.correio24horas.com.br\/mesalte\/wp-json\/wp\/v2\/categories?post=22306"},{"taxonomy":"post_tag","embeddable":true,"href":"https:\/\/blogs.correio24horas.com.br\/mesalte\/wp-json\/wp\/v2\/tags?post=22306"}],"curies":[{"name":"wp","href":"https:\/\/api.w.org\/{rel}","templated":true}]}}