{"id":22290,"date":"2021-02-12T19:52:23","date_gmt":"2021-02-12T22:52:23","guid":{"rendered":"https:\/\/blogs.correio24horas.com.br\/mesalte\/?p=22290"},"modified":"2021-02-16T09:31:57","modified_gmt":"2021-02-16T12:31:57","slug":"apos-sofrer-agressao-transfobica-vida-bruno-e-internado-na-uti","status":"publish","type":"post","link":"https:\/\/blogs.correio24horas.com.br\/mesalte\/apos-sofrer-agressao-transfobica-vida-bruno-e-internado-na-uti\/","title":{"rendered":"Vida Bruno \u00e9 internado na UTI"},"content":{"rendered":"\n<p><em>Por Felipe Aguiar*<br><\/em><br>O coordenador de Pol\u00edticas e Promo\u00e7\u00e3o da Cidadania LGBT da Prefeitura Municipal de Salvador, Vida Bruno, deu entrada no hospital Teresa de Lisieux na manh\u00e3 desta quinta-feira (12), \u00e0s pressas. Vida fez uma cirurgia para conter o sangramento no cr\u00e2nio. O hematoma que gerou o quadro \u00e9 consequ\u00eancia de uma agress\u00e3o sofrida pelo homem trans em novembro do ano passado. <\/p>\n\n\n\n<p>As \u00faltimas informa\u00e7\u00f5es recebidas por amigos de Vida confirmam que ele  est\u00e1 na UTI. Segundo a irm\u00e3 do rapaz, ele passou a manh\u00e3 sedado. Ainda na tarde de hoje, Vida foi entubado. Em contato com o Me Salte\/CORREIO, a secret\u00e1ria da Secretaria Municipal da Repara\u00e7\u00e3o (Semur), Ivete Sacramento, disse que est\u00e1 orando pelo amigo. \u201cA gente ainda precisa muito da experi\u00eancia e contribui\u00e7\u00e3o de Vida Bruno\u201d, assegurou a secret\u00e1ria.<\/p>\n\n\n\n<p>O hospital ainda n\u00e3o divulgou nenhum boletim oficial sobre o quadro do coordenador de Pol\u00edticas e Promo\u00e7\u00e3o da Cidadania LGBT. <\/p>\n\n\n\n<p>Em 29 de novembro do ano passado, Vida Bruno alegou ter sido agredido com pancadas na cabe\u00e7a e em diversas partes do corpo em bar no Campo Grande. A Pol\u00edcia Civil informou que a agress\u00e3o n\u00e3o foi comprovada durante as investiga\u00e7\u00f5es. <\/p>\n\n\n\n<p>Em nota, a Pol\u00edcia Civil informou que o procedimento foi encaminhado para a Justi\u00e7a. N\u00e3o houve elementos comprobat\u00f3rios para indiciamento. A decis\u00e3o baseou-se em laudos periciais do Departamento de Pol\u00edcia T\u00e9cnica. <\/p>\n\n\n\n<p><em>*com supervis\u00e3o do chefe de reportagem Jorge Gauthier<\/em><\/p>\n","protected":false},"excerpt":{"rendered":"<p>Por Felipe Aguiar*O coordenador de Pol\u00edticas e Promo\u00e7\u00e3o da Cidadania LGBT da Prefeitura Municipal de Salvador, Vida Bruno, deu entrada no hospital Teresa de Lisieux na [&hellip;]<\/p>\n","protected":false},"author":2,"featured_media":22081,"comment_status":"open","ping_status":"open","sticky":false,"template":"","format":"standard","meta":{"footnotes":""},"categories":[80,11],"tags":[],"class_list":["post-22290","post","type-post","status-publish","format-standard","has-post-thumbnail","hentry","category-home","category-me-informo"],"_links":{"self":[{"href":"https:\/\/blogs.correio24horas.com.br\/mesalte\/wp-json\/wp\/v2\/posts\/22290","targetHints":{"allow":["GET"]}}],"collection":[{"href":"https:\/\/blogs.correio24horas.com.br\/mesalte\/wp-json\/wp\/v2\/posts"}],"about":[{"href":"https:\/\/blogs.correio24horas.com.br\/mesalte\/wp-json\/wp\/v2\/types\/post"}],"author":[{"embeddable":true,"href":"https:\/\/blogs.correio24horas.com.br\/mesalte\/wp-json\/wp\/v2\/users\/2"}],"replies":[{"embeddable":true,"href":"https:\/\/blogs.correio24horas.com.br\/mesalte\/wp-json\/wp\/v2\/comments?post=22290"}],"version-history":[{"count":3,"href":"https:\/\/blogs.correio24horas.com.br\/mesalte\/wp-json\/wp\/v2\/posts\/22290\/revisions"}],"predecessor-version":[{"id":22293,"href":"https:\/\/blogs.correio24horas.com.br\/mesalte\/wp-json\/wp\/v2\/posts\/22290\/revisions\/22293"}],"wp:featuredmedia":[{"embeddable":true,"href":"https:\/\/blogs.correio24horas.com.br\/mesalte\/wp-json\/wp\/v2\/media\/22081"}],"wp:attachment":[{"href":"https:\/\/blogs.correio24horas.com.br\/mesalte\/wp-json\/wp\/v2\/media?parent=22290"}],"wp:term":[{"taxonomy":"category","embeddable":true,"href":"https:\/\/blogs.correio24horas.com.br\/mesalte\/wp-json\/wp\/v2\/categories?post=22290"},{"taxonomy":"post_tag","embeddable":true,"href":"https:\/\/blogs.correio24horas.com.br\/mesalte\/wp-json\/wp\/v2\/tags?post=22290"}],"curies":[{"name":"wp","href":"https:\/\/api.w.org\/{rel}","templated":true}]}}