{"id":22278,"date":"2021-02-11T10:30:10","date_gmt":"2021-02-11T13:30:10","guid":{"rendered":"https:\/\/blogs.correio24horas.com.br\/mesalte\/?p=22278"},"modified":"2021-02-18T22:36:13","modified_gmt":"2021-02-19T01:36:13","slug":"conheca-o-coletivo-urbano-close-que-oferecera-aulas-gratuitas-em-salvador","status":"publish","type":"post","link":"https:\/\/blogs.correio24horas.com.br\/mesalte\/conheca-o-coletivo-urbano-close-que-oferecera-aulas-gratuitas-em-salvador\/","title":{"rendered":"Conhe\u00e7a o Coletivo Urbano CLOSE, que oferecer\u00e1 aulas gratuitas em Salvador"},"content":{"rendered":"\n<p>Nasceu em Salvador o Coletivo Urbano Close que \u00e9 composto por cinco corpas que causam nas ruas da cidade:  Pietra Fellipa, travestis, performer, voguer, moradora do Nordeste de Amaralina; Marcos Silva, gay negro, professor de Stiletto, morador do Sub\u00farbio; Darlan Orrico, gay, negro, bailarino, modelo, morador de Cama\u00e7ari; J\u00falia Rios, m\u00e3e, bailarina autodidata e modelo; e Carina Santana, mulher preta, bailarina, agente cultural, fot\u00f3grafa, coreogr\u00e1fa e moradora do Sub\u00farbio.  <\/p>\n\n\n\n<p>O Coletivo tem dire\u00e7\u00e3o art\u00edstica de Elivan Nascimento, dire\u00e7\u00e3o executiva de Rafael Alexandre e produ\u00e7\u00e3o de Agatha Simas. O Projeto al\u00e9m de oferecer  subs\u00eddio pol\u00edtico, cultural, social, financeiro e ancestral \u00e0s 5 CORPAS, ter\u00e1 tamb\u00e9m para toda a comunidade de forma gratuita, oficinas de Stiletto (Yuri Ferreira ) Dancehall ( Nahtye )  e Vogue ( Lucas Montty ) , e tamb\u00e9m, bate papos sobre ra\u00e7a, g\u00eanero, classe e sexualidade com Alan Costa ( AfroBapho ) e quest\u00f5es jur\u00eddicas ligadas a arte com Marcelo Falc\u00e3o. <\/p>\n\n\n\n<p> As inscri\u00e7\u00f5es para todas essas oficinas ocorrer\u00e3o atrav\u00e9s de formul\u00e1rio que se encontra em link na bio do Instagram @coletivocloseba. <\/p>\n\n\n\n<p><br> O projeto tem apoio financeiro do Estado da Bahia atrav\u00e9s da Secretaria de Cultura e da Funda\u00e7\u00e3o Cultural do Estado da Bahia (@funceboficial) (Programa Aldir Blanc Bahia) via Lei Aldir Blanc, direcionada pela Secretaria Especial da Cultura do Minist\u00e9rio do Turismo, Governo Federal.<\/p>\n","protected":false},"excerpt":{"rendered":"<p>Nasceu em Salvador o Coletivo Urbano Close que \u00e9 composto por cinco corpas que causam nas ruas da cidade: Pietra Fellipa, travestis, performer, voguer, moradora do [&hellip;]<\/p>\n","protected":false},"author":1,"featured_media":22280,"comment_status":"open","ping_status":"open","sticky":false,"template":"","format":"standard","meta":{"footnotes":""},"categories":[80,26],"tags":[],"class_list":["post-22278","post","type-post","status-publish","format-standard","has-post-thumbnail","hentry","category-home","category-me-inspiro"],"_links":{"self":[{"href":"https:\/\/blogs.correio24horas.com.br\/mesalte\/wp-json\/wp\/v2\/posts\/22278","targetHints":{"allow":["GET"]}}],"collection":[{"href":"https:\/\/blogs.correio24horas.com.br\/mesalte\/wp-json\/wp\/v2\/posts"}],"about":[{"href":"https:\/\/blogs.correio24horas.com.br\/mesalte\/wp-json\/wp\/v2\/types\/post"}],"author":[{"embeddable":true,"href":"https:\/\/blogs.correio24horas.com.br\/mesalte\/wp-json\/wp\/v2\/users\/1"}],"replies":[{"embeddable":true,"href":"https:\/\/blogs.correio24horas.com.br\/mesalte\/wp-json\/wp\/v2\/comments?post=22278"}],"version-history":[{"count":2,"href":"https:\/\/blogs.correio24horas.com.br\/mesalte\/wp-json\/wp\/v2\/posts\/22278\/revisions"}],"predecessor-version":[{"id":22312,"href":"https:\/\/blogs.correio24horas.com.br\/mesalte\/wp-json\/wp\/v2\/posts\/22278\/revisions\/22312"}],"wp:featuredmedia":[{"embeddable":true,"href":"https:\/\/blogs.correio24horas.com.br\/mesalte\/wp-json\/wp\/v2\/media\/22280"}],"wp:attachment":[{"href":"https:\/\/blogs.correio24horas.com.br\/mesalte\/wp-json\/wp\/v2\/media?parent=22278"}],"wp:term":[{"taxonomy":"category","embeddable":true,"href":"https:\/\/blogs.correio24horas.com.br\/mesalte\/wp-json\/wp\/v2\/categories?post=22278"},{"taxonomy":"post_tag","embeddable":true,"href":"https:\/\/blogs.correio24horas.com.br\/mesalte\/wp-json\/wp\/v2\/tags?post=22278"}],"curies":[{"name":"wp","href":"https:\/\/api.w.org\/{rel}","templated":true}]}}