{"id":22270,"date":"2021-02-10T10:25:56","date_gmt":"2021-02-10T13:25:56","guid":{"rendered":"https:\/\/blogs.correio24horas.com.br\/mesalte\/?p=22270"},"modified":"2021-02-10T10:25:59","modified_gmt":"2021-02-10T13:25:59","slug":"daniela-mercury-convida-margareth-menezes-para-live-de-carnaval","status":"publish","type":"post","link":"https:\/\/blogs.correio24horas.com.br\/mesalte\/daniela-mercury-convida-margareth-menezes-para-live-de-carnaval\/","title":{"rendered":"Daniela Mercury convida Margareth Menezes para live de Carnaval"},"content":{"rendered":"\n<p>A live Carnaval  Virtual Da Rainha  que acontece nesta sexta-feira (12) a partir das 20h30, ter\u00e1 a participa\u00e7\u00e3o da cantora Margareth Menezes. Amigas de longas datas, ela compuseram juntas a can\u00e7\u00e3o Oy\u00e1 Por N\u00f3s,  uma das m\u00fasicas previstas no repert\u00f3rio \u201cPulei de felicidade quando Margareth aceitou o convite. Estar ao lado dela no palco num momento como esse, principalmente, \u00e9 como estar ao lado de um fura\u00e7\u00e3o. O canto dela me emociona. A for\u00e7a dela \u00e9 a minha for\u00e7a. \u00c9 uma das artistas que eu mais admiro. \u00c9 minha Rainha.\u201d, afirma Daniela.<\/p>\n\n\n\n<p>A transmiss\u00e3o ser\u00e1 no canal do <a href=\"https:\/\/www.youtube.com\/watch?v=YoRGixYVj8U&amp;feature=youtu.be\" target=\"_blank\" rel=\"noreferrer noopener\" aria-label=\"YouTube de Daniela Mercury  (abre numa nova aba)\">YouTube de Daniela Mercury <\/a> e tamb\u00e9m por emissoras de TV abertas no Brasil, em Portugal e na Argentina. A live ser\u00e1 transmitida simultaneamente pela TVE Bahia, TV Aperipe Sergipe, TV UFPB Para\u00edba, TV UFRN Rio Grande do Norte, TVC Cear\u00e1, TVE Esp\u00edrito Santo, TVT S\u00e3o Paulo, a RTP Play, em Portugal e a TV Nacional, na Argentina. Al\u00e9m disso, ser\u00e1 reproduzida para Portugal depois da apresenta\u00e7\u00e3o ao vivo, atrav\u00e9s do canal RTP1.L + CAPA DO SINGLE + TRECHO DO VIDEOCLIPE:<\/p>\n","protected":false},"excerpt":{"rendered":"<p>A live Carnaval Virtual Da Rainha que acontece nesta sexta-feira (12) a partir das 20h30, ter\u00e1 a participa\u00e7\u00e3o da cantora Margareth Menezes. Amigas de longas datas, [&hellip;]<\/p>\n","protected":false},"author":1,"featured_media":20348,"comment_status":"open","ping_status":"open","sticky":false,"template":"","format":"standard","meta":{"footnotes":""},"categories":[80,26],"tags":[566,839],"class_list":["post-22270","post","type-post","status-publish","format-standard","has-post-thumbnail","hentry","category-home","category-me-inspiro","tag-carnaval","tag-margareth-menezes"],"_links":{"self":[{"href":"https:\/\/blogs.correio24horas.com.br\/mesalte\/wp-json\/wp\/v2\/posts\/22270","targetHints":{"allow":["GET"]}}],"collection":[{"href":"https:\/\/blogs.correio24horas.com.br\/mesalte\/wp-json\/wp\/v2\/posts"}],"about":[{"href":"https:\/\/blogs.correio24horas.com.br\/mesalte\/wp-json\/wp\/v2\/types\/post"}],"author":[{"embeddable":true,"href":"https:\/\/blogs.correio24horas.com.br\/mesalte\/wp-json\/wp\/v2\/users\/1"}],"replies":[{"embeddable":true,"href":"https:\/\/blogs.correio24horas.com.br\/mesalte\/wp-json\/wp\/v2\/comments?post=22270"}],"version-history":[{"count":2,"href":"https:\/\/blogs.correio24horas.com.br\/mesalte\/wp-json\/wp\/v2\/posts\/22270\/revisions"}],"predecessor-version":[{"id":22273,"href":"https:\/\/blogs.correio24horas.com.br\/mesalte\/wp-json\/wp\/v2\/posts\/22270\/revisions\/22273"}],"wp:featuredmedia":[{"embeddable":true,"href":"https:\/\/blogs.correio24horas.com.br\/mesalte\/wp-json\/wp\/v2\/media\/20348"}],"wp:attachment":[{"href":"https:\/\/blogs.correio24horas.com.br\/mesalte\/wp-json\/wp\/v2\/media?parent=22270"}],"wp:term":[{"taxonomy":"category","embeddable":true,"href":"https:\/\/blogs.correio24horas.com.br\/mesalte\/wp-json\/wp\/v2\/categories?post=22270"},{"taxonomy":"post_tag","embeddable":true,"href":"https:\/\/blogs.correio24horas.com.br\/mesalte\/wp-json\/wp\/v2\/tags?post=22270"}],"curies":[{"name":"wp","href":"https:\/\/api.w.org\/{rel}","templated":true}]}}