{"id":22265,"date":"2021-02-03T12:00:55","date_gmt":"2021-02-03T15:00:55","guid":{"rendered":"https:\/\/blogs.correio24horas.com.br\/mesalte\/?p=22265"},"modified":"2021-02-03T12:00:57","modified_gmt":"2021-02-03T15:00:57","slug":"quer-ser-drag-escola-ensina-arte-gratuita-e-on-line-veja-com-participar","status":"publish","type":"post","link":"https:\/\/blogs.correio24horas.com.br\/mesalte\/quer-ser-drag-escola-ensina-arte-gratuita-e-on-line-veja-com-participar\/","title":{"rendered":"Quer ser drag? Escola ensina arte gratuita e on line; veja com participar"},"content":{"rendered":"\n<p>Muito al\u00e9m de maquiagem, cabelo ou dominar o salto alto, a arte drag queen \u00e9, historicamente, um ato pol\u00edtico por respeito, representatividade e reconhecimento dos direitos dos LGBTQIA+. Sem sair do papel ativista, as drag queens t\u00eam invadido a cultura pop mundial nos \u00faltimos anos, movimento muito impulsionado pelo sucesso de realitys shows de TV e streaming, capitaneados pelo programa RuPaul\u2019s Drags Race, e, nacionalmente, por artistas do mainstream como Pabllo Vittar e Gl\u00f3ria Groove.  <\/p>\n\n\n\n<p>Como no teatro, na m\u00fasica ou em qualquer outra vertente art\u00edstica, ser uma drag queen requer preparo e conhecimento. E \u00e9 para acessibilizar essa arte e potencializar seu alcance, que vem a\u00ed a \u201cEscola de Drags &#8211; Ano II\u201d. Produzido pela Dan Territ\u00f3rio em parceria com as drag queens baianas Aim\u00e9e Lumi\u00e9re e Spadina Banks, o projeto \u00e9 gratuito e tem inscri\u00e7\u00f5es abertas para uma s\u00e9rie de atividades on-line sobre as ferramentas de constru\u00e7\u00e3o de uma drag queen. <\/p>\n\n\n\n<p>O projeto rememora a experi\u00eancia iniciada em 2016, que aconteceu na execu\u00e7\u00e3o do projeto Beco Ocupado, realizado pelo coletivo Teatro da Queda. Durante  quatro meses, a \u201cEscola de Drags\u201d ocupou o Beco dos Artistas, no centro da cidade, e  foi parte fundamental da cria\u00e7\u00e3o das personagens do espet\u00e1culo Rebola, que foi vencedor do Pr\u00eamio Braskem de Teatro 2016 nas categorias Melhor Espet\u00e1culo Adulto e Texto. Naquele momento, a iniciativa mobilizou a cena art\u00edstica da arte drag baiana, lan\u00e7ando novas artistas e movimentando o cen\u00e1rio LGBTQIA+ de Salvador.  <\/p>\n\n\n\n<p>Nesta segunda edi\u00e7\u00e3o, ser\u00e3o seis m\u00f3dulos, desenvolvidos em dois meses de aulas, de forma remota, via plataforma Zoom. Al\u00e9m de forma\u00e7\u00e3o art\u00edstica, as atividades trabalhar\u00e3o tamb\u00e9m a forma\u00e7\u00e3o te\u00f3rica e pol\u00edtica, passando pela hist\u00f3ria da arte drag e sua import\u00e2ncia no cen\u00e1rio pol\u00edtico LGBT mundial, e chamando aten\u00e7\u00e3o tamb\u00e9m para o fomento do empreendedorismo dessas artistas nas \u00e1reas de entretenimento e arte. Al\u00e9m de Aim\u00e9e Lumi\u00e9re e Spadina Banks, o projeto convida tamb\u00e9m as artistas Bia Mathieu e Malayka SN, todas expoentes da crescente cena drag soteropolitana. <\/p>\n\n\n\n<p>A Escola de Drags &#8211; Ano II tem apoio financeiro do Estado da Bahia atrav\u00e9s da Secretaria de Cultura e do Centro de Culturas Populares e Identit\u00e1rias (Programa Aldir Blanc Bahia) via Lei Aldir Blanc, direcionada pela Secretaria Especial da Cultural do Minist\u00e9rio do Turismo, Governo Federal. <\/p>\n\n\n\n<p>As inscri\u00e7\u00f5es acontecem at\u00e9 o dia 15 de fevereiro e podem ser feitas atrav\u00e9s do link bit.ly\/39DUyhr. N\u00e3o h\u00e1 pr\u00e9-requisitos, o desejo de se lan\u00e7ar no universo drag queen \u00e9 a \u00fanica prerrogativa de participa\u00e7\u00e3o. Ao final das atividades, ser\u00e1 poss\u00edvel conhecer as novas drags atrav\u00e9s de uma noite performativa, que marcar\u00e1 o encerramento do projeto em mar\u00e7o. Os interessados podem ter mais informa\u00e7\u00f5es nos perfis da produtora DAN no Instagram e Facebook &#8211; @danterritorio.<\/p>\n\n\n\n<p>Servi\u00e7o: <br>\nEscola de Drags &#8211; Ano II<br>\nInscri\u00e7\u00f5es: at\u00e9 15 de fevereiro, on-line, no link bit.ly\/39DUyhr <br>\nInforma\u00e7\u00f5es: instagram.com\/danterritorio<\/p>\n","protected":false},"excerpt":{"rendered":"<p>Muito al\u00e9m de maquiagem, cabelo ou dominar o salto alto, a arte drag queen \u00e9, historicamente, um ato pol\u00edtico por respeito, representatividade e reconhecimento dos direitos [&hellip;]<\/p>\n","protected":false},"author":1,"featured_media":22267,"comment_status":"open","ping_status":"open","sticky":false,"template":"","format":"standard","meta":{"footnotes":""},"categories":[80,25],"tags":[],"class_list":["post-22265","post","type-post","status-publish","format-standard","has-post-thumbnail","hentry","category-home","category-me-transformo"],"_links":{"self":[{"href":"https:\/\/blogs.correio24horas.com.br\/mesalte\/wp-json\/wp\/v2\/posts\/22265","targetHints":{"allow":["GET"]}}],"collection":[{"href":"https:\/\/blogs.correio24horas.com.br\/mesalte\/wp-json\/wp\/v2\/posts"}],"about":[{"href":"https:\/\/blogs.correio24horas.com.br\/mesalte\/wp-json\/wp\/v2\/types\/post"}],"author":[{"embeddable":true,"href":"https:\/\/blogs.correio24horas.com.br\/mesalte\/wp-json\/wp\/v2\/users\/1"}],"replies":[{"embeddable":true,"href":"https:\/\/blogs.correio24horas.com.br\/mesalte\/wp-json\/wp\/v2\/comments?post=22265"}],"version-history":[{"count":2,"href":"https:\/\/blogs.correio24horas.com.br\/mesalte\/wp-json\/wp\/v2\/posts\/22265\/revisions"}],"predecessor-version":[{"id":22269,"href":"https:\/\/blogs.correio24horas.com.br\/mesalte\/wp-json\/wp\/v2\/posts\/22265\/revisions\/22269"}],"wp:featuredmedia":[{"embeddable":true,"href":"https:\/\/blogs.correio24horas.com.br\/mesalte\/wp-json\/wp\/v2\/media\/22267"}],"wp:attachment":[{"href":"https:\/\/blogs.correio24horas.com.br\/mesalte\/wp-json\/wp\/v2\/media?parent=22265"}],"wp:term":[{"taxonomy":"category","embeddable":true,"href":"https:\/\/blogs.correio24horas.com.br\/mesalte\/wp-json\/wp\/v2\/categories?post=22265"},{"taxonomy":"post_tag","embeddable":true,"href":"https:\/\/blogs.correio24horas.com.br\/mesalte\/wp-json\/wp\/v2\/tags?post=22265"}],"curies":[{"name":"wp","href":"https:\/\/api.w.org\/{rel}","templated":true}]}}