{"id":22262,"date":"2021-01-29T10:00:22","date_gmt":"2021-01-29T13:00:22","guid":{"rendered":"https:\/\/blogs.correio24horas.com.br\/mesalte\/?p=22262"},"modified":"2021-01-29T10:21:50","modified_gmt":"2021-01-29T13:21:50","slug":"o-que-e-visibilidade-pra-voce-coletivos-lancam-video-para-provocar-reflexao-sobre-a-visibilidade-trans","status":"publish","type":"post","link":"https:\/\/blogs.correio24horas.com.br\/mesalte\/o-que-e-visibilidade-pra-voce-coletivos-lancam-video-para-provocar-reflexao-sobre-a-visibilidade-trans\/","title":{"rendered":"O que \u00e9 visibilidade pra voc\u00ea? Coletivos lan\u00e7am v\u00eddeo para provocar reflex\u00e3o sobre a visibilidade trans"},"content":{"rendered":"\n<p>O que \u00e9 visibilidade pra voc\u00ea? Atrav\u00e9s dessas perguntas o Coletivo De Transs pra Frente  e  o  Coletivo Dissidentes lan\u00e7aram um v\u00eddeo especial neste dia 29 de janeiro,  Dia da Visibilidade Trans. Esse dia \u00e9 o dia que marca a luta pol\u00edtica de pessoas trans e travestis pelo Direito de existir, de ser visto enquanto sujeito, como humano.  <\/p>\n\n\n\n<p>Gabi Silva, Diego Nascimento, Amora Vit\u00f3ria, Dhan Tripodi, V\u00e9rcio Gon\u00e7alves e Thiffany Odara deram seus depoimentos sobre ser trans em v\u00eddeo potente e did\u00e1tico. A  dire\u00e7\u00e3o \u00e9 de Ted Ferreira e apoio do ELAS Fundo de Investimento Social.<\/p>\n\n\n\n<figure class=\"wp-block-embed-youtube wp-block-embed is-type-video is-provider-youtube wp-embed-aspect-16-9 wp-has-aspect-ratio\"><div class=\"wp-block-embed__wrapper\">\n<iframe loading=\"lazy\" title=\"O Que \u00e9 Visibilidade pra voc\u00ea? - Campanha Dia da Visibilidade Trans 2021\" width=\"1200\" height=\"675\" src=\"https:\/\/www.youtube.com\/embed\/ou4EMt7heps?start=284&#038;feature=oembed\" frameborder=\"0\" allow=\"accelerometer; autoplay; clipboard-write; encrypted-media; gyroscope; picture-in-picture\" allowfullscreen><\/iframe>\n<\/div><\/figure>\n\n\n\n<p>No v\u00eddeo: <\/p>\n\n\n\n<p>Diego Nascimento<br>\nGabi Silva<br>\nVercio Gon\u00e7alves<br>\nDhan Tripodi<br>\nAmora Vit\u00f3ria<br>\nThiffany Odara<\/p>\n\n\n\n<p>Ficha t\u00e9cnica: <\/p>\n\n\n\n<p>Dire\u00e7\u00e3o: Ted Ferreira<br>\nProdu\u00e7\u00e3o Executiva: Gabi Silva<br>\nRoteiro: Diego Nascimento<br>\nProdu\u00e7\u00e3o: Adeloy\u00e1 Oj\u00fa Bara<\/p>\n","protected":false},"excerpt":{"rendered":"<p>O que \u00e9 visibilidade pra voc\u00ea? Atrav\u00e9s dessas perguntas o Coletivo De Transs pra Frente e o Coletivo Dissidentes lan\u00e7aram um v\u00eddeo especial neste dia 29 [&hellip;]<\/p>\n","protected":false},"author":1,"featured_media":0,"comment_status":"open","ping_status":"open","sticky":false,"template":"","format":"standard","meta":{"footnotes":""},"categories":[80,9],"tags":[],"class_list":["post-22262","post","type-post","status-publish","format-standard","hentry","category-home","category-me-orgulho"],"_links":{"self":[{"href":"https:\/\/blogs.correio24horas.com.br\/mesalte\/wp-json\/wp\/v2\/posts\/22262","targetHints":{"allow":["GET"]}}],"collection":[{"href":"https:\/\/blogs.correio24horas.com.br\/mesalte\/wp-json\/wp\/v2\/posts"}],"about":[{"href":"https:\/\/blogs.correio24horas.com.br\/mesalte\/wp-json\/wp\/v2\/types\/post"}],"author":[{"embeddable":true,"href":"https:\/\/blogs.correio24horas.com.br\/mesalte\/wp-json\/wp\/v2\/users\/1"}],"replies":[{"embeddable":true,"href":"https:\/\/blogs.correio24horas.com.br\/mesalte\/wp-json\/wp\/v2\/comments?post=22262"}],"version-history":[{"count":2,"href":"https:\/\/blogs.correio24horas.com.br\/mesalte\/wp-json\/wp\/v2\/posts\/22262\/revisions"}],"predecessor-version":[{"id":22264,"href":"https:\/\/blogs.correio24horas.com.br\/mesalte\/wp-json\/wp\/v2\/posts\/22262\/revisions\/22264"}],"wp:attachment":[{"href":"https:\/\/blogs.correio24horas.com.br\/mesalte\/wp-json\/wp\/v2\/media?parent=22262"}],"wp:term":[{"taxonomy":"category","embeddable":true,"href":"https:\/\/blogs.correio24horas.com.br\/mesalte\/wp-json\/wp\/v2\/categories?post=22262"},{"taxonomy":"post_tag","embeddable":true,"href":"https:\/\/blogs.correio24horas.com.br\/mesalte\/wp-json\/wp\/v2\/tags?post=22262"}],"curies":[{"name":"wp","href":"https:\/\/api.w.org\/{rel}","templated":true}]}}