{"id":22245,"date":"2021-01-26T16:04:55","date_gmt":"2021-01-26T19:04:55","guid":{"rendered":"https:\/\/blogs.correio24horas.com.br\/mesalte\/?p=22245"},"modified":"2021-01-27T09:39:12","modified_gmt":"2021-01-27T12:39:12","slug":"22245-2","status":"publish","type":"post","link":"https:\/\/blogs.correio24horas.com.br\/mesalte\/22245-2\/","title":{"rendered":"Centro de Promo\u00e7\u00e3o e Defesa dos Direitos LGBT da Bahia promove semana da visibilidade trans"},"content":{"rendered":"\n<p>O Dia da Visibilidade Trans, celebrado no dia 29 de janeiro, ser\u00e1 marcado por diversas atividades promovidas pelos movimentos LGBTQIA+ em diversas partes do Brasil. Em Salvador, o Centro de Promo\u00e7\u00e3o e Defesa dos Direitos LGBT da Bahia (CPDD-LGBT), ligado \u00e0 Secretaria de Justi\u00e7a, Direitos Humanos e Desenvolvimento Social da Bahia (SJDHDS), realizar\u00e1 a\u00e7\u00f5es para marcar a data na capital baiana. As atividades on-line ir\u00e3o acontecer no perfil @CPDDBahia no Instagram.  Confira a programa\u00e7\u00e3o: <\/p>\n\n\n\n<p>Show em homenagem ao Dia da Visibilidade Trans<br>Data: 24\/01<br>Hor\u00e1rio: 20h<br>Local: Bar \u00c2ncora do Marujo<\/p>\n\n\n\n<p>Live: Visibilidade trans, avan\u00e7os no \u00e2mbito jur\u00eddico e futuras conquistas<br>Data: 26\/01<br>Hor\u00e1rio: 9h<br>Exibi\u00e7\u00e3o: Instagram @cpddbahia<br><br>A\u00e7\u00f5es de abordagens e acolhimento de pessoas transexuais na Barra<br>Data: 27\/01<br>Hor\u00e1rio: 17h<\/p>\n\n\n\n<p>Exibi\u00e7\u00e3o de v\u00eddeos sobre pessoas trans e sua rela\u00e7\u00e3o com o mundo, com participa\u00e7\u00e3o dos atendidos pelo CPDD-LGBT Bahia<br>Data: 28\/01<br>Hor\u00e1rio: 9h30<br>Exibi\u00e7\u00e3o: Instagram @cpddbahia<\/p>\n\n\n\n<p>Entrevista sobre os direitos ao acesso \u00e0 sa\u00fade pelas pessoas transexuais e travestis com Prof\u00b0 Carle Porcino e Paulete Furac\u00e3o<br>Data: 28\/01<br>Hor\u00e1rio: 16h<br>Exibi\u00e7\u00e3o: Instagram @cpddbahia<\/p>\n\n\n\n<p>Ato Interreligioso para celebrar o Dia da Visibilidade Trans<br>Data: 29\/01<br>Hor\u00e1rio: 10h<br>Exibi\u00e7\u00e3o: plataforma Zoom Facebook do CPDD<\/p>\n\n\n\n<p><strong>Sobre o 29 de janeiro<br><\/strong> O dia 29 de janeiro de 2004 foi o dia em que 27 travestis, transexuais, homens trans entraram no Congresso Nacional em Bras\u00edlia para lan\u00e7ar a campanha \u201cTravesti e Respeito\u201d, do Departamento de Vigil\u00e2ncia, Preven\u00e7\u00e3o e Controle das IST, do HIV\/AIDS e das Hepatites Virais do Minist\u00e9rio da Sa\u00fade. Essa data \u00e9 considerada um marco hist\u00f3rico no movimento LGBTQI+, pois se referiu \u00e0 primeira campanha nacional idealizada e organizada por pessoas travestis e transexuais para a promo\u00e7\u00e3o do respeito e da cidadania. <\/p>\n\n\n\n<p>Desde aquele tempo, a data n\u00e3o \u00e9 somente lembrada, mas sim comemorada por ativistas travestis, transexuais, l\u00e9sbicas e gays, com diversas a\u00e7\u00f5es de visibilidade dessa popula\u00e7\u00e3o, tais como: campanhas de empregabilidade no mercado formal de trabalho para pessoas travestis e transexuais, mutir\u00e3o de retifica\u00e7\u00e3o de prenome e g\u00eanero, cursinhos pr\u00e9-vestibulares para travestis e transexuais, uso do nome social nas depend\u00eancias de escolas, cursos e faculdades, entre tantas outras a\u00e7\u00f5es.<\/p>\n","protected":false},"excerpt":{"rendered":"<p>O Dia da Visibilidade Trans, celebrado no dia 29 de janeiro, ser\u00e1 marcado por diversas atividades promovidas pelos movimentos LGBTQIA+ em diversas partes do Brasil. Em [&hellip;]<\/p>\n","protected":false},"author":1,"featured_media":0,"comment_status":"open","ping_status":"open","sticky":false,"template":"","format":"standard","meta":{"footnotes":""},"categories":[80],"tags":[],"class_list":["post-22245","post","type-post","status-publish","format-standard","hentry","category-home"],"_links":{"self":[{"href":"https:\/\/blogs.correio24horas.com.br\/mesalte\/wp-json\/wp\/v2\/posts\/22245","targetHints":{"allow":["GET"]}}],"collection":[{"href":"https:\/\/blogs.correio24horas.com.br\/mesalte\/wp-json\/wp\/v2\/posts"}],"about":[{"href":"https:\/\/blogs.correio24horas.com.br\/mesalte\/wp-json\/wp\/v2\/types\/post"}],"author":[{"embeddable":true,"href":"https:\/\/blogs.correio24horas.com.br\/mesalte\/wp-json\/wp\/v2\/users\/1"}],"replies":[{"embeddable":true,"href":"https:\/\/blogs.correio24horas.com.br\/mesalte\/wp-json\/wp\/v2\/comments?post=22245"}],"version-history":[{"count":3,"href":"https:\/\/blogs.correio24horas.com.br\/mesalte\/wp-json\/wp\/v2\/posts\/22245\/revisions"}],"predecessor-version":[{"id":22248,"href":"https:\/\/blogs.correio24horas.com.br\/mesalte\/wp-json\/wp\/v2\/posts\/22245\/revisions\/22248"}],"wp:attachment":[{"href":"https:\/\/blogs.correio24horas.com.br\/mesalte\/wp-json\/wp\/v2\/media?parent=22245"}],"wp:term":[{"taxonomy":"category","embeddable":true,"href":"https:\/\/blogs.correio24horas.com.br\/mesalte\/wp-json\/wp\/v2\/categories?post=22245"},{"taxonomy":"post_tag","embeddable":true,"href":"https:\/\/blogs.correio24horas.com.br\/mesalte\/wp-json\/wp\/v2\/tags?post=22245"}],"curies":[{"name":"wp","href":"https:\/\/api.w.org\/{rel}","templated":true}]}}