{"id":22229,"date":"2021-01-17T16:32:29","date_gmt":"2021-01-17T19:32:29","guid":{"rendered":"https:\/\/blogs.correio24horas.com.br\/mesalte\/?p=22229"},"modified":"2021-01-17T16:32:31","modified_gmt":"2021-01-17T19:32:31","slug":"daniela-mercury-fara-o-carnaval-virtual-da-rainha-saiba-mais","status":"publish","type":"post","link":"https:\/\/blogs.correio24horas.com.br\/mesalte\/daniela-mercury-fara-o-carnaval-virtual-da-rainha-saiba-mais\/","title":{"rendered":"Daniela Mercury far\u00e1 o carnaval virtual da rainha; saiba mais"},"content":{"rendered":"\n<p>Carnaval sem Daniela Mercury n\u00e3o \u00e9 carnaval. E, para celebrar a aprova\u00e7\u00e3o das duas primeiras vacinas para a covid-19, Daniela Mercury anunciou neste domingo (17) que far\u00e1 o \u201cCARNAVAL VIRTUAL DA RAINHA\u201d. <\/p>\n\n\n\n<p>Daniela vai fazer uma live no dia 12 de fevereiro, data em que aconteceria o carnaval de Salvador.  \u201cA alegria \u00e9 nossa maior revolu\u00e7\u00e3o. Vou cantar boa parte do repert\u00f3rio que fa\u00e7o no trio e tamb\u00e9m as \u00faltimas m\u00fasicas que lancei. Carnaval \u00e9 uma festa irreverente e alegre. Vou tentar trazer esse clima para a tela dos meus f\u00e3s. O que vale \u00e9 a imagina\u00e7\u00e3o&#8221;, disse Daniela. <\/p>\n\n\n\n<p>A artista usar\u00e1 a live trabalhar sua nova m\u00fasica e tamb\u00e9m grandes sucessos. \u201cFalta pouco para todos estarmos vacinados. Mas enquanto isso n\u00e3o acontece, precisamos continuar com o isolamento social, sem aglomera\u00e7\u00e3o, de m\u00e1scara e usando \u00e1lcool gel. A gente ainda n\u00e3o pode ir para a rua celebrar a vida, por isso vamos come\u00e7ar treinando em casa para Quando o Carnaval Chegar\u201d, afirma Daniela. <\/p>\n\n\n\n<p>QUANDO O CARNAVAL CHEGAR \u00e9 o nome da m\u00fasica que a Rainha comp\u00f4s em homenagem a Moraes Moreira, gravada com Gal Costa, que vai ser lan\u00e7ada oficialmente dia 5 de fevereiro. Hoje, Daniela Mercury faz o pr\u00e9 lan\u00e7amento da m\u00fasica no programa Doming\u00e3o do Faust\u00e3o.<\/p>\n\n\n\n<p>\u00c9 a primeira grava\u00e7\u00e3o das duas artistas juntas. O frevo, composto por Daniela, \u00e9 uma homenagem a Moraes Moreira, que nos deixou em 2020. <\/p>\n\n\n\n<p><\/p>\n","protected":false},"excerpt":{"rendered":"<p>Carnaval sem Daniela Mercury n\u00e3o \u00e9 carnaval. E, para celebrar a aprova\u00e7\u00e3o das duas primeiras vacinas para a covid-19, Daniela Mercury anunciou neste domingo (17) que [&hellip;]<\/p>\n","protected":false},"author":1,"featured_media":22230,"comment_status":"open","ping_status":"open","sticky":false,"template":"","format":"standard","meta":{"footnotes":""},"categories":[28,80],"tags":[],"class_list":["post-22229","post","type-post","status-publish","format-standard","has-post-thumbnail","hentry","category-farofa-digital","category-home"],"_links":{"self":[{"href":"https:\/\/blogs.correio24horas.com.br\/mesalte\/wp-json\/wp\/v2\/posts\/22229","targetHints":{"allow":["GET"]}}],"collection":[{"href":"https:\/\/blogs.correio24horas.com.br\/mesalte\/wp-json\/wp\/v2\/posts"}],"about":[{"href":"https:\/\/blogs.correio24horas.com.br\/mesalte\/wp-json\/wp\/v2\/types\/post"}],"author":[{"embeddable":true,"href":"https:\/\/blogs.correio24horas.com.br\/mesalte\/wp-json\/wp\/v2\/users\/1"}],"replies":[{"embeddable":true,"href":"https:\/\/blogs.correio24horas.com.br\/mesalte\/wp-json\/wp\/v2\/comments?post=22229"}],"version-history":[{"count":1,"href":"https:\/\/blogs.correio24horas.com.br\/mesalte\/wp-json\/wp\/v2\/posts\/22229\/revisions"}],"predecessor-version":[{"id":22231,"href":"https:\/\/blogs.correio24horas.com.br\/mesalte\/wp-json\/wp\/v2\/posts\/22229\/revisions\/22231"}],"wp:featuredmedia":[{"embeddable":true,"href":"https:\/\/blogs.correio24horas.com.br\/mesalte\/wp-json\/wp\/v2\/media\/22230"}],"wp:attachment":[{"href":"https:\/\/blogs.correio24horas.com.br\/mesalte\/wp-json\/wp\/v2\/media?parent=22229"}],"wp:term":[{"taxonomy":"category","embeddable":true,"href":"https:\/\/blogs.correio24horas.com.br\/mesalte\/wp-json\/wp\/v2\/categories?post=22229"},{"taxonomy":"post_tag","embeddable":true,"href":"https:\/\/blogs.correio24horas.com.br\/mesalte\/wp-json\/wp\/v2\/tags?post=22229"}],"curies":[{"name":"wp","href":"https:\/\/api.w.org\/{rel}","templated":true}]}}