{"id":22226,"date":"2021-01-17T12:48:37","date_gmt":"2021-01-17T15:48:37","guid":{"rendered":"https:\/\/blogs.correio24horas.com.br\/mesalte\/?p=22226"},"modified":"2021-01-17T12:48:48","modified_gmt":"2021-01-17T15:48:48","slug":"recomecar-a-vida-cabeleireiro-agredido-arrecada-dinheiro-para-tratamentos","status":"publish","type":"post","link":"https:\/\/blogs.correio24horas.com.br\/mesalte\/recomecar-a-vida-cabeleireiro-agredido-arrecada-dinheiro-para-tratamentos\/","title":{"rendered":"Recome\u00e7ar a vida: cabeleireiro agredido arrecada dinheiro para tratamentos"},"content":{"rendered":"\n<p>Marina Hort\u00e9lio*<\/p>\n\n\n\n<p>Agredido dentro de casa em outubro do ano passado, o cabeleireiro Rauan Pereira dos Santos, 29 anos, faz uma vaquinha para arcar com os tratamentos e recome\u00e7ar a vida. Ele diz estar traumatizado pelo ataque e agradece o apoio que tem recebido.<\/p>\n\n\n\n<p>&#8220;Fico com medo de ir em lugares cheios quando minha irm\u00e3 tenta me levar para caminhar. \u00c0s vezes, passo muito tempo dormindo porque meus rem\u00e9dios s\u00e3o muito fortes&#8221;, conta Rauan. Ele conta n\u00e3o lembrar das agress\u00f5es.<\/p>\n\n\n\n<p>O desejo \u00e9 conseguir voltar a ser uma pessoa independente. Parte do dinheiro deve ser destinado para comprar novos equipamentos de cabeleireiro para retomar o trabalho quando a sa\u00fade permitir.<\/p>\n\n\n\n<p>&#8220;Levaram muitos dos meus pertences, como minha moto que eu usava para atender meus clientes. Perdi meu material de trabalho, que custa caro, e ainda levaram o dinheiro que eu tinha juntado com a venda de algumas coisas da minha casa para ir para Portugal&#8221;, relata o cabeleireiro.<\/p>\n\n\n\n<p>O cabeleireiro ainda n\u00e3o sabe quanto deve gastar com os tratamentos de sa\u00fade, como terapia psicol\u00f3gica, tomografia computadorizada e uma s\u00e9rie de medicamentos. Para ajudar, \u00e9 poss\u00edvel fazer uma doa\u00e7\u00e3o pelo PIX (05251955561) ou na&nbsp;<a href=\"https:\/\/www.vakinha.com.br\/vaquinha\/ajuda-para-rauan\" target=\"_blank\" rel=\"noreferrer noopener\">vaquinha online<\/a>, onde a meta \u00e9 de R$ 25 mil<\/p>\n\n\n\n<p>&#8220;As pessoas se comoveram com o caso e tenho recebido ajuda. Eu sou conhecido porque trabalhei em muitos sal\u00f5es de Salvador. Minha fam\u00edlia \u00e9 humilde e n\u00e3o tem como arcar com os tratamentos. Por isso, estamos com a vaquinha&#8221;, conta o jovem.<\/p>\n\n\n\n<p>Raun diz perdoar seus agressores por acreditar na evolu\u00e7\u00e3o das pessoas. &#8220;Passamos por dificuldades, mas n\u00e3o podemos culpar ou esperar que as pessoas sejam culpadas. No momento da agress\u00e3o, eu estava nos bra\u00e7os de Deus. Os peritos disseram que era para eu ter morrido, mas fui pro HGE. Nem dor eu senti. Se Jesus perdoa, eu n\u00e3o posso julgar&#8221;, afirma o cabeleireiro.<\/p>\n\n\n\n<p>Ele recebeu alta do Hospital Geral do Estado (HGE) em 29 de novembro. Agora, reveza entre as casas da irm\u00e3 e de um amigo, onde realiza atividades de hidrogin\u00e1sticas na piscina.<\/p>\n\n\n\n<p><em>*Com orienta\u00e7\u00e3o da subeditora Fernanda Varela<\/em><\/p>\n","protected":false},"excerpt":{"rendered":"<p>Marina Hort\u00e9lio* Agredido dentro de casa em outubro do ano passado, o cabeleireiro Rauan Pereira dos Santos, 29 anos, faz uma vaquinha para arcar com os [&hellip;]<\/p>\n","protected":false},"author":2,"featured_media":22227,"comment_status":"open","ping_status":"open","sticky":false,"template":"","format":"standard","meta":{"footnotes":""},"categories":[80,11],"tags":[],"class_list":["post-22226","post","type-post","status-publish","format-standard","has-post-thumbnail","hentry","category-home","category-me-informo"],"_links":{"self":[{"href":"https:\/\/blogs.correio24horas.com.br\/mesalte\/wp-json\/wp\/v2\/posts\/22226","targetHints":{"allow":["GET"]}}],"collection":[{"href":"https:\/\/blogs.correio24horas.com.br\/mesalte\/wp-json\/wp\/v2\/posts"}],"about":[{"href":"https:\/\/blogs.correio24horas.com.br\/mesalte\/wp-json\/wp\/v2\/types\/post"}],"author":[{"embeddable":true,"href":"https:\/\/blogs.correio24horas.com.br\/mesalte\/wp-json\/wp\/v2\/users\/2"}],"replies":[{"embeddable":true,"href":"https:\/\/blogs.correio24horas.com.br\/mesalte\/wp-json\/wp\/v2\/comments?post=22226"}],"version-history":[{"count":1,"href":"https:\/\/blogs.correio24horas.com.br\/mesalte\/wp-json\/wp\/v2\/posts\/22226\/revisions"}],"predecessor-version":[{"id":22228,"href":"https:\/\/blogs.correio24horas.com.br\/mesalte\/wp-json\/wp\/v2\/posts\/22226\/revisions\/22228"}],"wp:featuredmedia":[{"embeddable":true,"href":"https:\/\/blogs.correio24horas.com.br\/mesalte\/wp-json\/wp\/v2\/media\/22227"}],"wp:attachment":[{"href":"https:\/\/blogs.correio24horas.com.br\/mesalte\/wp-json\/wp\/v2\/media?parent=22226"}],"wp:term":[{"taxonomy":"category","embeddable":true,"href":"https:\/\/blogs.correio24horas.com.br\/mesalte\/wp-json\/wp\/v2\/categories?post=22226"},{"taxonomy":"post_tag","embeddable":true,"href":"https:\/\/blogs.correio24horas.com.br\/mesalte\/wp-json\/wp\/v2\/tags?post=22226"}],"curies":[{"name":"wp","href":"https:\/\/api.w.org\/{rel}","templated":true}]}}