{"id":22214,"date":"2021-01-07T16:41:26","date_gmt":"2021-01-07T19:41:26","guid":{"rendered":"https:\/\/blogs.correio24horas.com.br\/mesalte\/?p=22214"},"modified":"2021-01-07T16:41:38","modified_gmt":"2021-01-07T19:41:38","slug":"filme-baiano-cores-e-flores-para-tita-estreia-no-canal-brasil-saiba-mais","status":"publish","type":"post","link":"https:\/\/blogs.correio24horas.com.br\/mesalte\/filme-baiano-cores-e-flores-para-tita-estreia-no-canal-brasil-saiba-mais\/","title":{"rendered":"Filme baiano  Cores e Flores para Tita estreia no Canal Brasil; saiba mais"},"content":{"rendered":"\n<p>O longa-metragem Cores e Flores para Tita estreia no Canal Brasil nesta quinta-feira (14). Dirigido por Susan Kalik, o document\u00e1rio baiano conta a hist\u00f3ria de Renato Tita, um jovem trans, que morreu aos 15 anos de idade, na d\u00e9cada de 70, no interior do Paran\u00e1. <\/p>\n\n\n\n<p>Realizado pela Modup\u00e9 Produtora, a obra foi rodada em 2017, data que marca os quarenta anos do falecimento de Tita. A transmiss\u00e3o faz parte de uma iniciativa do Canal Brasil, que homenageia o m\u00eas da Visibilidade Trans, com exibi\u00e7\u00e3o no dia 14\/01, \u00e0s 19h e reprise, ter\u00e7a dia 26\/01, \u00e0s 11h30.<\/p>\n\n\n\n<p>O ponto de partida do doc \u00e9 a exposi\u00e7\u00e3o feita pela sobrinha de Renato Tita, a foto-ativista Adeloy\u00e1 Oj\u00fa Bar\u00e1. Para Bar\u00e1, o resgate da mem\u00f3ria do seu tio \u00e9 o reconhecimento \u00e0 express\u00e3o de g\u00eanero transmasculina dele. A fot\u00f3grafa acredita que este direito lhe foi negado, causando diversas viol\u00eancias que o levaram a encerrar a sua pr\u00f3pria vida. Por esta raz\u00e3o, Bar\u00e1 coloca em seu trabalho todo sentimento de batalha e resist\u00eancia, que \u00e9 preciso haver nestes casos. \u201cNossa luta \u00e9 pelo direito de existir com suas especificidades e que essa singularidade n\u00e3o seja uma senten\u00e7a de morte\u201d, elucida. <\/p>\n\n\n\n<p>\u00c9 a partir deste acontecimento, que a cineasta Susan Kalik parte. Construindo um di\u00e1logo entre o vilip\u00eandio vivenciado por Tita e a luta contra a transfobia nos dias atuais, Kalik conversa com mulheres trans\/travestis e homens trans, de diferentes idades e viv\u00eancias, em depoimentos sobre suas vit\u00f3rias, resist\u00eancias e principalmente, seu amor e a coragem de lutar para serem quem s\u00e3o. Para a diretora, que tamb\u00e9m assina o roteiro e produ\u00e7\u00e3o do longa, esta \u00e9 uma obra sobre perda, seja da vida de Tita que foi tomada, como tamb\u00e9m sobre a aus\u00eancia de viver com plenitude, pois a sociedade ainda impede que as pessoas trans vivam plenamente.   <\/p>\n\n\n\n<p>Para Diego Nascimento, ativista LGBT+ e feminista, graduando em Direito e integrante dos Coletivos De Transs pra Frente e Dissidentes, Cores e Flores para Tita \u00e9 sens\u00edvel, representativo e empoderador. Nascimento acredita que a maior relev\u00e2ncia do filme est\u00e1 em discutir a transgeneridade fora do lugar comum do riso e do estigma, que \u00e9 t\u00e3o visto por ele. \u201c\u00c9 a arte, mais do que imitando, narrando nossas vidas. Com todas as Cores, Flores, dores e del\u00edcias que ela tem. O lan\u00e7amento desse filme no m\u00eas da visibilidade trans, no ano posterior ao que foi recorde de assassinatos de pessoas trans no pa\u00eds, \u00e9, ao mesmo tempo, um alento e uma den\u00fancia. Que a visibilidade aqui conquistada sirva para nos manter vivos\u201d. <\/p>\n\n\n\n<p>Al\u00e9m de Diego Nascimento, durante as grava\u00e7\u00f5es, outros nomes relevantes tamb\u00e9m foram entrevistades, como Keila Simpson, presidenta da ANTRA &#8211; Associa\u00e7\u00e3o Nacional de Travestis e Transexuais e Coordenadora da Associa\u00e7\u00e3o Baiana de Travestis, Transexuais e Transg\u00eaneros em A\u00e7\u00e3o \u2013 Atra\u00e7\u00e3o e Viviane Vergueiro, Pesquisadora, Consultora e Analista, Doutoranda em g\u00eanero, travestis, n\u00e3o bin\u00e1rias e n\u00e3o ocidentais.<\/p>\n\n\n\n<p>O doc ganhou o pr\u00eamio de Melhor Roteiro na Mostra SESC de Cinema Bahia, e pr\u00eamio de Licenciamento nacional, sendo exibido nas Salas de Cinema do SESC, por dois anos. A produ\u00e7\u00e3o foi desenvolvida de forma independente, com recursos pr\u00f3prios e apoio de parceiros e amigos. Na equipe t\u00e9cnica, a obra contou com montagem de Thiago Gomes e trilha sonora original de Peter Marques, com participa\u00e7\u00e3o da Can\u00e7\u00e3o \u201cTango do Mal\u201d de Luciano Salvador Bahia e Eduardo Dussek, e distribui\u00e7\u00e3o da APAN &#8211; Associa\u00e7\u00e3o dxs Profissionais do Audiovisual Negro. <\/p>\n","protected":false},"excerpt":{"rendered":"<p>O longa-metragem Cores e Flores para Tita estreia no Canal Brasil nesta quinta-feira (14). Dirigido por Susan Kalik, o document\u00e1rio baiano conta a hist\u00f3ria de Renato [&hellip;]<\/p>\n","protected":false},"author":2,"featured_media":22215,"comment_status":"open","ping_status":"open","sticky":false,"template":"","format":"standard","meta":{"footnotes":""},"categories":[80,9],"tags":[],"class_list":["post-22214","post","type-post","status-publish","format-standard","has-post-thumbnail","hentry","category-home","category-me-orgulho"],"_links":{"self":[{"href":"https:\/\/blogs.correio24horas.com.br\/mesalte\/wp-json\/wp\/v2\/posts\/22214","targetHints":{"allow":["GET"]}}],"collection":[{"href":"https:\/\/blogs.correio24horas.com.br\/mesalte\/wp-json\/wp\/v2\/posts"}],"about":[{"href":"https:\/\/blogs.correio24horas.com.br\/mesalte\/wp-json\/wp\/v2\/types\/post"}],"author":[{"embeddable":true,"href":"https:\/\/blogs.correio24horas.com.br\/mesalte\/wp-json\/wp\/v2\/users\/2"}],"replies":[{"embeddable":true,"href":"https:\/\/blogs.correio24horas.com.br\/mesalte\/wp-json\/wp\/v2\/comments?post=22214"}],"version-history":[{"count":1,"href":"https:\/\/blogs.correio24horas.com.br\/mesalte\/wp-json\/wp\/v2\/posts\/22214\/revisions"}],"predecessor-version":[{"id":22216,"href":"https:\/\/blogs.correio24horas.com.br\/mesalte\/wp-json\/wp\/v2\/posts\/22214\/revisions\/22216"}],"wp:featuredmedia":[{"embeddable":true,"href":"https:\/\/blogs.correio24horas.com.br\/mesalte\/wp-json\/wp\/v2\/media\/22215"}],"wp:attachment":[{"href":"https:\/\/blogs.correio24horas.com.br\/mesalte\/wp-json\/wp\/v2\/media?parent=22214"}],"wp:term":[{"taxonomy":"category","embeddable":true,"href":"https:\/\/blogs.correio24horas.com.br\/mesalte\/wp-json\/wp\/v2\/categories?post=22214"},{"taxonomy":"post_tag","embeddable":true,"href":"https:\/\/blogs.correio24horas.com.br\/mesalte\/wp-json\/wp\/v2\/tags?post=22214"}],"curies":[{"name":"wp","href":"https:\/\/api.w.org\/{rel}","templated":true}]}}