{"id":22211,"date":"2021-01-07T11:14:06","date_gmt":"2021-01-07T14:14:06","guid":{"rendered":"https:\/\/blogs.correio24horas.com.br\/mesalte\/?p=22211"},"modified":"2021-01-07T11:14:11","modified_gmt":"2021-01-07T14:14:11","slug":"cursos-gratuitos-de-producao-de-podcast-e-edicao-de-videos-para-web","status":"publish","type":"post","link":"https:\/\/blogs.correio24horas.com.br\/mesalte\/cursos-gratuitos-de-producao-de-podcast-e-edicao-de-videos-para-web\/","title":{"rendered":"Cursos gratuitos de produ\u00e7\u00e3o de podcast e edi\u00e7\u00e3o de v\u00eddeos para web"},"content":{"rendered":"\n<p>Os cursos de Comunica\u00e7\u00e3o e Design da Unijorge v\u00e3o oferecer gratuitamente o Adobe de F\u00e9rias, curso aplicado na utiliza\u00e7\u00e3o dos principais softwares de edi\u00e7\u00e3o de \u00e1udio e v\u00eddeo, respectivamente, o Adobe Audition e o Adobe Premi\u00e8re Pro. A programa\u00e7\u00e3o online acontecer\u00e1 de 26 a 29 de janeiro e ser\u00e1 dividida em dois m\u00f3dulos com temas atuais e oportunos para quem quer se aprimorar nas tecnologias: &nbsp;produ\u00e7\u00e3o de podcast e edi\u00e7\u00e3o de v\u00eddeos para a web. A atividade \u00e9 aberta a todos os p\u00fablicos e as inscri\u00e7\u00f5es v\u00e3o at\u00e9 o dia 23\/1, atrav\u00e9s do link&nbsp;<a href=\"https:\/\/forms.gle\/uaRjLaHodvbvXant5\" target=\"_blank\" rel=\"noreferrer noopener\">https:\/\/forms.gle\/uaRjLaHodvbvXant5<\/a>. Os inscritos receber\u00e3o o link da videoconfer\u00eancia por e-mail na semana do evento.&nbsp;<\/p>\n\n\n\n<p>O primeiro m\u00f3dulo acontece nos dias 26 e 27, das 14 \u00e0s 16h, com a Oficina de Produ\u00e7\u00e3o de podcast com o\u00a0<em>Adobe Audition<\/em>, que \u00e9 um conjunto completo de ferramentas para cria\u00e7\u00e3o, mixagem, edi\u00e7\u00e3o e restaura\u00e7\u00e3o de conte\u00fado de \u00e1udio. O m\u00f3dulo ser\u00e1 ministrado por Daniel Ribeiro, professor da Unijorge nos cursos de Publicidade e Propaganda e Produ\u00e7\u00e3o Audiovisual, nas \u00e1reas de cria\u00e7\u00e3o, reda\u00e7\u00e3o,\u00a0<em>storytelling\u00a0<\/em>e audiovisual.<\/p>\n\n\n\n<p> J\u00e1 o segundo m\u00f3dulo ser\u00e1 nos dias 28 e 29, das 14 \u00e0s 16h, com a Oficina de Edi\u00e7\u00e3o de v\u00eddeos para a web no\u00a0<em>Adobe Premi\u00e8re Pro<\/em>,\u00a0software de edi\u00e7\u00e3o de v\u00eddeos\u00a0l\u00edder do setor para cinema, TV e Web e ter\u00e1 como \u00a0facilitador M\u00e1rcio Oliveira, docente dos cursos de Cinema e Design Gr\u00e1fico da Unijorge. Para melhor aproveitamento, \u00e9 recomendado que se tenha acesso aos softwares durante as oficinas.<\/p>\n\n\n\n<p><strong>Servi\u00e7o:<\/strong><\/p>\n\n\n\n<p><strong>O qu\u00ea<\/strong>: Curso Adobe de F\u00e9rias<\/p>\n\n\n\n<p><strong>Programa\u00e7\u00e3o:&nbsp;<\/strong>26 e 27\/1- 14 \u00e0s 16h -Oficina de Produ\u00e7\u00e3o de Podcast com o Adobe Audition, com Daniel Ribeiro<strong><\/strong><\/p>\n\n\n\n<p>&nbsp; &nbsp; &nbsp; &nbsp; &nbsp; &nbsp; &nbsp; &nbsp; &nbsp; &nbsp; &nbsp; &nbsp; &nbsp;&nbsp;28 e 29\/1 &#8211;&nbsp;14 \u00e0s 16h &#8211;&nbsp;Oficina de Edi\u00e7\u00e3o de v\u00eddeos para a Web no Adobe Premi\u00e8re Pro, com M\u00e1rcio Oliveira<\/p>\n\n\n\n<p><strong>Inscri\u00e7\u00e3o:<\/strong>&nbsp; Deve ser feita atrav\u00e9s do link&nbsp;<a href=\"https:\/\/forms.gle\/uaRjLaHodvbvXant5\" target=\"_blank\" rel=\"noreferrer noopener\">https:\/\/forms.gle\/uaRjLaHodvbvXant5<\/a>, at\u00e9 o dia 23\/1<\/p>\n\n\n\n<p><strong>Quanto:<\/strong>&nbsp;Gratuito<\/p>\n\n\n\n<p><strong>Quem:<\/strong>&nbsp;Aberto a todos os p\u00fablicos<\/p>\n","protected":false},"excerpt":{"rendered":"<p>Os cursos de Comunica\u00e7\u00e3o e Design da Unijorge v\u00e3o oferecer gratuitamente o Adobe de F\u00e9rias, curso aplicado na utiliza\u00e7\u00e3o dos principais softwares de edi\u00e7\u00e3o de \u00e1udio [&hellip;]<\/p>\n","protected":false},"author":1,"featured_media":22212,"comment_status":"open","ping_status":"open","sticky":false,"template":"","format":"standard","meta":{"footnotes":""},"categories":[28,80],"tags":[],"class_list":["post-22211","post","type-post","status-publish","format-standard","has-post-thumbnail","hentry","category-farofa-digital","category-home"],"_links":{"self":[{"href":"https:\/\/blogs.correio24horas.com.br\/mesalte\/wp-json\/wp\/v2\/posts\/22211","targetHints":{"allow":["GET"]}}],"collection":[{"href":"https:\/\/blogs.correio24horas.com.br\/mesalte\/wp-json\/wp\/v2\/posts"}],"about":[{"href":"https:\/\/blogs.correio24horas.com.br\/mesalte\/wp-json\/wp\/v2\/types\/post"}],"author":[{"embeddable":true,"href":"https:\/\/blogs.correio24horas.com.br\/mesalte\/wp-json\/wp\/v2\/users\/1"}],"replies":[{"embeddable":true,"href":"https:\/\/blogs.correio24horas.com.br\/mesalte\/wp-json\/wp\/v2\/comments?post=22211"}],"version-history":[{"count":1,"href":"https:\/\/blogs.correio24horas.com.br\/mesalte\/wp-json\/wp\/v2\/posts\/22211\/revisions"}],"predecessor-version":[{"id":22213,"href":"https:\/\/blogs.correio24horas.com.br\/mesalte\/wp-json\/wp\/v2\/posts\/22211\/revisions\/22213"}],"wp:featuredmedia":[{"embeddable":true,"href":"https:\/\/blogs.correio24horas.com.br\/mesalte\/wp-json\/wp\/v2\/media\/22212"}],"wp:attachment":[{"href":"https:\/\/blogs.correio24horas.com.br\/mesalte\/wp-json\/wp\/v2\/media?parent=22211"}],"wp:term":[{"taxonomy":"category","embeddable":true,"href":"https:\/\/blogs.correio24horas.com.br\/mesalte\/wp-json\/wp\/v2\/categories?post=22211"},{"taxonomy":"post_tag","embeddable":true,"href":"https:\/\/blogs.correio24horas.com.br\/mesalte\/wp-json\/wp\/v2\/tags?post=22211"}],"curies":[{"name":"wp","href":"https:\/\/api.w.org\/{rel}","templated":true}]}}