{"id":22208,"date":"2021-01-07T10:51:55","date_gmt":"2021-01-07T13:51:55","guid":{"rendered":"https:\/\/blogs.correio24horas.com.br\/mesalte\/?p=22208"},"modified":"2021-01-07T10:52:14","modified_gmt":"2021-01-07T13:52:14","slug":"ivete-e-claudia-farao-live-na-semana-em-que-aconteceria-o-carnaval-2021-diz-colunista","status":"publish","type":"post","link":"https:\/\/blogs.correio24horas.com.br\/mesalte\/ivete-e-claudia-farao-live-na-semana-em-que-aconteceria-o-carnaval-2021-diz-colunista\/","title":{"rendered":"Ivete e Claudia far\u00e3o live na semana em que aconteceria o Carnaval 2021, diz colunista"},"content":{"rendered":"\n<p> <\/p>\n\n\n\n<p>O colunista Osmar Marrom Martins (@marromtv) ,  <a href=\"https:\/\/blogs.correio24horas.com.br\/blog-do-marrom\/?p=83013\" target=\"_blank\" rel=\"noreferrer noopener\" aria-label=\"do jornal CORREIO (@correio24horas) (abre numa nova aba)\">do jornal CORREIO (@correio24horas)<\/a>, revelou nesta quinta-feira (07) que Ivete Sangalo e Claudia Leitte est\u00e3o preparando juntas &#8216;a live das lives&#8217;. As duas artistas planejam uma live conjunta na semana que aconteceria o Carnaval 2021, em fevereiro. <\/p>\n\n\n\n<p>De acordo com o colunista a transmiss\u00e3o deve acontecer pelos canais oficiais das cantoras no YouTube. &#8220;As duas artistas, com suas respectivas bandas, v\u00e3o preparar um repert\u00f3rio tipo arrasa quarteir\u00e3o para o foli\u00e3o cantar e dan\u00e7ar, como se estivesse em um dos circuitos da folia baiana, correndo atr\u00e1s do trio el\u00e9trico. Pelo menos, vai aplacar a vontade de muita gente de estar na avenida. Enquanto o v\u00edrus n\u00e3o for embora e a vacina n\u00e3o chega, s\u00f3 nos resta ficar em casa, respeitando todas as conven\u00e7\u00f5es: evitando aglomera\u00e7\u00e3o, usando m\u00e1scara (sempre) e \u00e1lcool em gel. E n\u00e3o perder a esperan\u00e7a&#8221;, afirmou o colunista. <\/p>\n","protected":false},"excerpt":{"rendered":"<p>O colunista Osmar Marrom Martins (@marromtv) , do jornal CORREIO (@correio24horas), revelou nesta quinta-feira (07) que Ivete Sangalo e Claudia Leitte est\u00e3o preparando juntas &#8216;a live [&hellip;]<\/p>\n","protected":false},"author":1,"featured_media":22209,"comment_status":"open","ping_status":"open","sticky":false,"template":"","format":"standard","meta":{"footnotes":""},"categories":[28,80],"tags":[566,569],"class_list":["post-22208","post","type-post","status-publish","format-standard","has-post-thumbnail","hentry","category-farofa-digital","category-home","tag-carnaval","tag-claudia-leitte"],"_links":{"self":[{"href":"https:\/\/blogs.correio24horas.com.br\/mesalte\/wp-json\/wp\/v2\/posts\/22208","targetHints":{"allow":["GET"]}}],"collection":[{"href":"https:\/\/blogs.correio24horas.com.br\/mesalte\/wp-json\/wp\/v2\/posts"}],"about":[{"href":"https:\/\/blogs.correio24horas.com.br\/mesalte\/wp-json\/wp\/v2\/types\/post"}],"author":[{"embeddable":true,"href":"https:\/\/blogs.correio24horas.com.br\/mesalte\/wp-json\/wp\/v2\/users\/1"}],"replies":[{"embeddable":true,"href":"https:\/\/blogs.correio24horas.com.br\/mesalte\/wp-json\/wp\/v2\/comments?post=22208"}],"version-history":[{"count":1,"href":"https:\/\/blogs.correio24horas.com.br\/mesalte\/wp-json\/wp\/v2\/posts\/22208\/revisions"}],"predecessor-version":[{"id":22210,"href":"https:\/\/blogs.correio24horas.com.br\/mesalte\/wp-json\/wp\/v2\/posts\/22208\/revisions\/22210"}],"wp:featuredmedia":[{"embeddable":true,"href":"https:\/\/blogs.correio24horas.com.br\/mesalte\/wp-json\/wp\/v2\/media\/22209"}],"wp:attachment":[{"href":"https:\/\/blogs.correio24horas.com.br\/mesalte\/wp-json\/wp\/v2\/media?parent=22208"}],"wp:term":[{"taxonomy":"category","embeddable":true,"href":"https:\/\/blogs.correio24horas.com.br\/mesalte\/wp-json\/wp\/v2\/categories?post=22208"},{"taxonomy":"post_tag","embeddable":true,"href":"https:\/\/blogs.correio24horas.com.br\/mesalte\/wp-json\/wp\/v2\/tags?post=22208"}],"curies":[{"name":"wp","href":"https:\/\/api.w.org\/{rel}","templated":true}]}}