{"id":22202,"date":"2020-12-29T11:15:43","date_gmt":"2020-12-29T14:15:43","guid":{"rendered":"https:\/\/blogs.correio24horas.com.br\/mesalte\/?p=22202"},"modified":"2020-12-29T11:15:45","modified_gmt":"2020-12-29T14:15:45","slug":"vereador-eleito-de-salvador-abre-selecao-para-gabinete-com-prioridade-para-pessoas-lgbtqia","status":"publish","type":"post","link":"https:\/\/blogs.correio24horas.com.br\/mesalte\/vereador-eleito-de-salvador-abre-selecao-para-gabinete-com-prioridade-para-pessoas-lgbtqia\/","title":{"rendered":"Vereador eleito de Salvador abre sele\u00e7\u00e3o para gabinete com prioridade para pessoas LGBTQIA+"},"content":{"rendered":"\n<p>O vereador eleito, Andr\u00e9 Fraga, do Partido Verde (PV), divulgou nesta ter\u00e7a (29\/12), a abertura das inscri\u00e7\u00f5es para o processo seletivo da equipe de trabalho do mandato. Ao todo, s\u00e3o 6 vagas, com prioridade para mulheres, negros e negras, L\u00e9sbicas, Gays, Bissexuais, Travestis, Transexuais e Transg\u00eaneros e Pessoas com Defici\u00eancia. <\/p>\n\n\n\n<p>As oportunidades contemplam as fun\u00e7\u00f5es de: Coordena\u00e7\u00e3o Jur\u00eddico-Legislativa, Assistente de Apoio Operacional, Assessoria de Governan\u00e7a e Planejamento, Assessoria de Desenvolvimento Comunit\u00e1rio, Assessoria de Conte\u00fado e M\u00eddias Sociais e Assessoria de Design e Cria\u00e7\u00e3o. <\/p>\n\n\n\n<p>\u201cAcredito que nosso mandato deve servir de espa\u00e7o para a consolida\u00e7\u00e3o e produ\u00e7\u00e3o de lideran\u00e7as de segmentos que est\u00e3o sub-representados nos espa\u00e7os de poder e mercado de trabalho. Queremos uma equipe diversa, que nos ajude a representar, de fato, a nossa cidade que \u00e9 assim\u201d, enfatiza Andr\u00e9 Fraga que, durante a campanha eleitoral, assumiu o compromisso de equidade de g\u00eanero e ra\u00e7a nos quadros do mandato.  <\/p>\n\n\n\n<p>A sele\u00e7\u00e3o ocorre em 3 etapas. Na primeira fase, ser\u00e3o avaliados os curr\u00edculos dos interessados que devem enviar o documento com a informa\u00e7\u00e3o da pretens\u00e3o salarial at\u00e9 o dia 4 de janeiro de 2021. <\/p>\n\n\n\n<p>Testes online de aptid\u00e3o e alinhamento de valores al\u00e9m de entrevistas com a equipe, tamb\u00e9m v\u00e3o compor as outras fases do processo. <\/p>\n\n\n\n<p>O resultado final do processo seletivo ser\u00e1 divulgado nas redes sociais do pr\u00f3prio Andr\u00e9 Fraga, no dia 10 de janeiro de 2021. Para mais d\u00favidas e outras informa\u00e7\u00f5es sobre a sele\u00e7\u00e3o, basta enviar  um e-mail para  formacaoandrefraga@gmail.com <\/p>\n\n\n\n<p>Servi\u00e7o<br>\nInscri\u00e7\u00f5es: http:\/\/bit.ly\/selecaoandrefraga <br>\nPrimeira fase: de 29\/12 at\u00e9 04\/01\/2021 &#8211; Envio de curr\u00edculo com pretens\u00e3o salarial.<\/p>\n\n\n\n<p>Segunda fase: 06\/01 e 07\/01 &#8211; Testes de aptid\u00e3o online.<\/p>\n\n\n\n<p>Terceira fase: 08\/01 e 09\/01 &#8211; Entrevistas com a equipe.<\/p>\n\n\n\n<p>Resultado: 10\/01.<\/p>\n","protected":false},"excerpt":{"rendered":"<p>O vereador eleito, Andr\u00e9 Fraga, do Partido Verde (PV), divulgou nesta ter\u00e7a (29\/12), a abertura das inscri\u00e7\u00f5es para o processo seletivo da equipe de trabalho do [&hellip;]<\/p>\n","protected":false},"author":1,"featured_media":22203,"comment_status":"open","ping_status":"open","sticky":false,"template":"","format":"standard","meta":{"footnotes":""},"categories":[80,9],"tags":[],"class_list":["post-22202","post","type-post","status-publish","format-standard","has-post-thumbnail","hentry","category-home","category-me-orgulho"],"_links":{"self":[{"href":"https:\/\/blogs.correio24horas.com.br\/mesalte\/wp-json\/wp\/v2\/posts\/22202","targetHints":{"allow":["GET"]}}],"collection":[{"href":"https:\/\/blogs.correio24horas.com.br\/mesalte\/wp-json\/wp\/v2\/posts"}],"about":[{"href":"https:\/\/blogs.correio24horas.com.br\/mesalte\/wp-json\/wp\/v2\/types\/post"}],"author":[{"embeddable":true,"href":"https:\/\/blogs.correio24horas.com.br\/mesalte\/wp-json\/wp\/v2\/users\/1"}],"replies":[{"embeddable":true,"href":"https:\/\/blogs.correio24horas.com.br\/mesalte\/wp-json\/wp\/v2\/comments?post=22202"}],"version-history":[{"count":1,"href":"https:\/\/blogs.correio24horas.com.br\/mesalte\/wp-json\/wp\/v2\/posts\/22202\/revisions"}],"predecessor-version":[{"id":22204,"href":"https:\/\/blogs.correio24horas.com.br\/mesalte\/wp-json\/wp\/v2\/posts\/22202\/revisions\/22204"}],"wp:featuredmedia":[{"embeddable":true,"href":"https:\/\/blogs.correio24horas.com.br\/mesalte\/wp-json\/wp\/v2\/media\/22203"}],"wp:attachment":[{"href":"https:\/\/blogs.correio24horas.com.br\/mesalte\/wp-json\/wp\/v2\/media?parent=22202"}],"wp:term":[{"taxonomy":"category","embeddable":true,"href":"https:\/\/blogs.correio24horas.com.br\/mesalte\/wp-json\/wp\/v2\/categories?post=22202"},{"taxonomy":"post_tag","embeddable":true,"href":"https:\/\/blogs.correio24horas.com.br\/mesalte\/wp-json\/wp\/v2\/tags?post=22202"}],"curies":[{"name":"wp","href":"https:\/\/api.w.org\/{rel}","templated":true}]}}