{"id":22177,"date":"2020-12-20T20:12:19","date_gmt":"2020-12-20T23:12:19","guid":{"rendered":"https:\/\/blogs.correio24horas.com.br\/mesalte\/?p=22177"},"modified":"2020-12-20T20:12:23","modified_gmt":"2020-12-20T23:12:23","slug":"pre-reveillon-com-claudia-leitte-e-alinne-rosa-e-cancelado-no-rio","status":"publish","type":"post","link":"https:\/\/blogs.correio24horas.com.br\/mesalte\/pre-reveillon-com-claudia-leitte-e-alinne-rosa-e-cancelado-no-rio\/","title":{"rendered":"Pr\u00e9-R\u00e9veillon com Claudia Leitte e Alinne Rosa \u00e9 cancelado no Rio"},"content":{"rendered":"\n<p>O Pr\u00e9-R\u00e9veillon que o Grupo San Sebastian promoveria, nos dias 28 e 29 de dezembro, no Rio de Janeiro, foi cancelado. Os eventos O Vale, com Alinne Rosa, e Blow Out, com Claudia Leitte, devem retornar \u00e0 cidade na Semana Santa, nos dias 2 e 3 de abril de 2021, na Santa Festa, com as mesmas cantoras e DJs anunciados e atra\u00e7\u00f5es extras. <\/p>\n\n\n\n<p>A decis\u00e3o de cancelamento foi tomada conjuntamente entre artistas, cientes do papel social que exercem, e contratantes. Juntos, entendem que o momento n\u00e3o \u00e9 o mais adequado para este formato de celebra\u00e7\u00e3o, mesmo com o cumprimento dos protocolos exigidos.<\/p>\n\n\n\n<p>Desde o lan\u00e7amento da festa, num momento em que o cen\u00e1rio demonstrava uma tend\u00eancia de melhora, a organiza\u00e7\u00e3o j\u00e1 levantava a possibilidade de o panorama atual alterar protocolos e sua pr\u00f3pria realiza\u00e7\u00e3o. \u201cN\u00e3o \u00e9 uma decis\u00e3o f\u00e1cil, principalmente em fun\u00e7\u00e3o do cen\u00e1rio em que o mercado de eventos em todo o Pa\u00eds se encontra, mas \u00e9 a mais acertada. O momento demanda, mais do que nunca, respeito ao pr\u00f3ximo e um olhar mais sens\u00edvel\u201d, explica Jos\u00e9 Augusto Vasconcelos, s\u00f3cio do Grupo San Sebastian.<\/p>\n\n\n\n<p>Os clientes interessados em receber de volta o valor dos ingressos adquiridos ter\u00e3o at\u00e9 o dia 26 de dezembro (s\u00e1bado) para entrar em contato com a produ\u00e7\u00e3o, atrav\u00e9s do sanfoliabrasil@gmail.com. Caso o contato n\u00e3o seja feito, os ingressos adquiridos ser\u00e3o automaticamente validados para a Santa Festa, nos dias 2 e 3 de abril de 2021.<\/p>\n","protected":false},"excerpt":{"rendered":"<p>O Pr\u00e9-R\u00e9veillon que o Grupo San Sebastian promoveria, nos dias 28 e 29 de dezembro, no Rio de Janeiro, foi cancelado. Os eventos O Vale, com [&hellip;]<\/p>\n","protected":false},"author":1,"featured_media":22020,"comment_status":"open","ping_status":"open","sticky":false,"template":"","format":"standard","meta":{"footnotes":""},"categories":[28,80],"tags":[],"class_list":["post-22177","post","type-post","status-publish","format-standard","has-post-thumbnail","hentry","category-farofa-digital","category-home"],"_links":{"self":[{"href":"https:\/\/blogs.correio24horas.com.br\/mesalte\/wp-json\/wp\/v2\/posts\/22177","targetHints":{"allow":["GET"]}}],"collection":[{"href":"https:\/\/blogs.correio24horas.com.br\/mesalte\/wp-json\/wp\/v2\/posts"}],"about":[{"href":"https:\/\/blogs.correio24horas.com.br\/mesalte\/wp-json\/wp\/v2\/types\/post"}],"author":[{"embeddable":true,"href":"https:\/\/blogs.correio24horas.com.br\/mesalte\/wp-json\/wp\/v2\/users\/1"}],"replies":[{"embeddable":true,"href":"https:\/\/blogs.correio24horas.com.br\/mesalte\/wp-json\/wp\/v2\/comments?post=22177"}],"version-history":[{"count":1,"href":"https:\/\/blogs.correio24horas.com.br\/mesalte\/wp-json\/wp\/v2\/posts\/22177\/revisions"}],"predecessor-version":[{"id":22178,"href":"https:\/\/blogs.correio24horas.com.br\/mesalte\/wp-json\/wp\/v2\/posts\/22177\/revisions\/22178"}],"wp:featuredmedia":[{"embeddable":true,"href":"https:\/\/blogs.correio24horas.com.br\/mesalte\/wp-json\/wp\/v2\/media\/22020"}],"wp:attachment":[{"href":"https:\/\/blogs.correio24horas.com.br\/mesalte\/wp-json\/wp\/v2\/media?parent=22177"}],"wp:term":[{"taxonomy":"category","embeddable":true,"href":"https:\/\/blogs.correio24horas.com.br\/mesalte\/wp-json\/wp\/v2\/categories?post=22177"},{"taxonomy":"post_tag","embeddable":true,"href":"https:\/\/blogs.correio24horas.com.br\/mesalte\/wp-json\/wp\/v2\/tags?post=22177"}],"curies":[{"name":"wp","href":"https:\/\/api.w.org\/{rel}","templated":true}]}}