{"id":22166,"date":"2020-12-20T19:43:39","date_gmt":"2020-12-20T22:43:39","guid":{"rendered":"https:\/\/blogs.correio24horas.com.br\/mesalte\/?p=22166"},"modified":"2020-12-20T19:52:39","modified_gmt":"2020-12-20T22:52:39","slug":"carlinhos-maia-e-um-erro-mas-nao-errou-so-sua-festa-de-natal-e-simbolo-da-falta-de-humanidade-no-brasil","status":"publish","type":"post","link":"https:\/\/blogs.correio24horas.com.br\/mesalte\/carlinhos-maia-e-um-erro-mas-nao-errou-so-sua-festa-de-natal-e-simbolo-da-falta-de-humanidade-no-brasil\/","title":{"rendered":"Carlinhos Maia \u00e9 um erro, mas n\u00e3o errou s\u00f3: sua festa de Natal \u00e9 o s\u00edmbolo da falta de humanidade no Brasil"},"content":{"rendered":"\n<p>O &#8216;influencer&#8217; Carlinhos Maia j\u00e1 se mostrou um erro e um equ\u00edvoco dezenas de vezes desde que ganhou fama atrav\u00e9s do Instagram. J\u00e1 teve situa\u00e7\u00f5es de LGBTQIAfobia, deprecia\u00e7\u00e3o de pessoas pobres e outras tantas humilha\u00e7\u00f5es em nome do &#8216;entretenimento&#8217; em suas redes sociais. Neste final de semana deu mais um p\u00e9ssimo exemplo em meio a uma pandemia que j\u00e1 tirou a vida de mais de 180 mil brasileiros.<\/p>\n\n\n\n<p>Fez um fest\u00e3o em Penedo, Alagoas, onde reuniu diversos famosos com shows, bebidas e muita aglomera\u00e7\u00e3o. O Natal da &#8216;covid&#8217; promovido pelo influenciador,  que tem mais de 21 milh\u00f5es de seguidores somente no Instagram,  aconteceu na cidade onde, at\u00e9 a \u00faltima quinta-feira (17) segundo dados da  Secretaria Municipal de Sa\u00fade (SEMS)  da cidade, foram registrados  1.705 casos de covid-19 com 23 mortes.<\/p>\n\n\n\n<p>Pelo visto s\u00e3o somente n\u00fameros que n\u00e3o impactam nem provocam nenhum tipo de reflex\u00e3o para se decidir reunir pessoas em uma festa para celebrar. Uma curiosidade: comemoraram o que? Ser\u00e1 que os likes pela festa valem mais do que as vidas das pessoas? \u00c9 um desrespeito sem tamanho. <\/p>\n\n\n\n<figure class=\"wp-block-image\"><img decoding=\"async\" src=\"https:\/\/imagens.ne10.uol.com.br\/veiculos\/_midias\/jpg\/2020\/12\/20\/806x444\/1_whatsapp_image_2020_12_20_at_17_13_11-16969686.jpeg\" alt=\"Carlinhos Maia promove festa de Natal com aglomera\u00e7\u00e3o e \u00e9 criticado na web\"\/><figcaption>Foto: Reprodu\u00e7\u00e3o<\/figcaption><\/figure>\n\n\n\n<p>Carlinhos est\u00e1 sendo &#8211; <a rel=\"noreferrer noopener\" aria-label=\"com muita raz\u00e3o (abre numa nova aba)\" href=\"https:\/\/www.correio24horas.com.br\/noticia\/nid\/carlinhos-maia-faz-natal-com-aglomeracao-e-gera-revolta-na-internet\/\" target=\"_blank\">com muita raz\u00e3o<\/a> &#8211; questionado pela sua postura ego\u00edsta de realizar a festa. \u00c9 um exemplo de sobreposi\u00e7\u00e3o de interesses econ\u00f4micos &#8211; a festa foi cheia de patrocinadores &#8211; em detrimento da sa\u00fade das pessoas. Errou e demonstrou falta de empatia e tamb\u00e9m senso equivocado de humanidade. <br><br>Mas ele n\u00e3o errou sozinho. Afinal, ele fez uma festa e as pessoas foram. Ele \u00e9 o influencer anfitri\u00e3o de uma horda de outros tantos &#8216;influencers&#8217; que foram l\u00e1 para ganhar seus cach\u00eas\/visibilidade\/likes. <\/p>\n\n\n\n<p>Em v\u00eddeos publicados na internet, diversos convidados aparecem aglomerados e sem m\u00e1scaras. Entre as celebridades no evento, estavam os ex-BBBs Pyong Lee e Gabi Martins, al\u00e9m do cantor Tierry e diversos humoristas baianos.\u00a0 O que essas pessoas t\u00eam a dizer? At\u00e9 onde se sabe ningu\u00e9m foi obrigado a ir para l\u00e1 se aglomerar.  Devem explica\u00e7\u00f5es aos seus seguidores e \u00e0s suas consci\u00eancias! <\/p>\n\n\n\n<figure class=\"wp-block-image\"><img decoding=\"async\" src=\"https:\/\/correio-cdn2.cworks.cloud\/fileadmin\/_processed_\/3\/6\/csm_festacarlinhos_c4ac4439ac.jpg\" alt=\"Carlinhos Maia faz Natal com aglomera\u00e7\u00e3o e gera revolta na internet -  Jornal CORREIO | Not\u00edcias e opini\u00f5es que a Bahia quer saber\"\/><figcaption>Foto: Reprodu\u00e7\u00e3o<\/figcaption><\/figure>\n\n\n\n<p>Falta n\u00e3o somente empatia. Falta senso de humanidade a essas pessoas. E, infelizmente, elas n\u00e3o est\u00e3o sozinhas. H\u00e1 muitos Carlinhos Maia por a\u00ed fazendo pouco caso da vida alheia atrav\u00e9s de uma falsa sensa\u00e7\u00e3o de que a covid est\u00e1 distante ou que \u00e9 &#8216;s\u00f3 uma gripezinha&#8217;. N\u00e3o, n\u00e3o \u00e9! <\/p>\n\n\n\n<p>A pandemia n\u00e3o acabou e n\u00e3o d\u00e1 para agir como ela tivesse acabado como bem destacou o ator Vitor diCastro, atrav\u00e9s do Instagram. &#8220;ESTOU CANSADO DEMAIS, antes eram as festas clandestinas, hoje tem milhares de stories e posts e sorrisos e 180 mil mortes&#8221;, escreveu. O ator seguiu com questionamentos: &#8220;Que influ\u00eancia \u00e9 essa que ele faz promovendo uma festa com uma aglomera\u00e7\u00e3o t\u00e3o grande, bebidas, shows com a pandemia a todo vapor???&#8221;<\/p>\n\n\n\n<p>No Twitter, a revolta tamb\u00e9m est\u00e1 grande. Carlinhos \u00e9 um dos assuntos mais comentados da rede social neste domingo.  Sem citar o nome de Carlinhos Maia, Tat\u00e1 Werneck pediu que as pessoas evitem festas. &#8220;Vamos ajudar o mundo fazendo a nossa parte! N\u00e3o \u00e9 momento para festas! Li\u00e7\u00e3o n\u00e3o aprendida, \u00e9 li\u00e7\u00e3o repetida. Se n\u00e3o aprendermos com uma pandemia mundial, o que ser\u00e1 preciso acontecer para termos responsabilidade coletiva?&#8221; questionou.<\/p>\n\n\n\n<p>Acostumado a receber cr\u00edticas o influencer, na \u00faltima sexta-feira,  j\u00e1 havia falado sobre a festa no Twitter e disse que tinha autoriza\u00e7\u00e3o da Secretaria de Sa\u00fade, al\u00e9m de n\u00famero limite de pessoas e testes, dando a entender que os convidados seriam testados antes do acesso ao local. Nenhuma imagem comprovou o fato. Al\u00e9m disso, a testagem na hora &#8211; como \u00e9 sabido &#8211; n\u00e3o significa que n\u00e3o h\u00e1 pessoas com a doen\u00e7a no per\u00edodo de encuba\u00e7\u00e3o. Por isso os protocolos da Organiza\u00e7\u00e3o Mundial da Sa\u00fade indicam o uso de m\u00e1scara e o distanciamento. <\/p>\n\n\n\n<p>Essa semana eu estava refletindo que a pandemia \u00e9 um teste para a nossa sociedade. No caso de Carlinhos Maia e seus convidados foram todos reprovados. Falta senso de humanidade. Os n\u00fameros e casos de mortes n\u00e3o chocam mais. Quem se aglomera em festas com tudo que estamos passando est\u00e1 pisoteando na cova das pessoas que j\u00e1 morrem a nos sentimentos das suas fam\u00edlias. \u00c9 um comportamento nefasto! Uma pena \u00e9 o que essa reprova\u00e7\u00e3o pode provocar: a dissemina\u00e7\u00e3o de mais casos, aumento da pandemia e, infelizmente, novas mortes. P\u00e9ssima influ\u00eancia, p\u00e9ssima a\u00e7\u00e3o e p\u00e9ssimas pessoas. Melhorem &#8211; enquanto h\u00e1 tempo &#8211; ou n\u00e3o! <\/p>\n","protected":false},"excerpt":{"rendered":"<p>O &#8216;influencer&#8217; Carlinhos Maia j\u00e1 se mostrou um erro e um equ\u00edvoco dezenas de vezes desde que ganhou fama atrav\u00e9s do Instagram. J\u00e1 teve situa\u00e7\u00f5es de [&hellip;]<\/p>\n","protected":false},"author":1,"featured_media":22170,"comment_status":"open","ping_status":"open","sticky":false,"template":"","format":"standard","meta":{"footnotes":""},"categories":[28,80],"tags":[1637,2131],"class_list":["post-22166","post","type-post","status-publish","format-standard","has-post-thumbnail","hentry","category-farofa-digital","category-home","tag-carlinhos-maia","tag-natal-carlinhos-maia"],"_links":{"self":[{"href":"https:\/\/blogs.correio24horas.com.br\/mesalte\/wp-json\/wp\/v2\/posts\/22166","targetHints":{"allow":["GET"]}}],"collection":[{"href":"https:\/\/blogs.correio24horas.com.br\/mesalte\/wp-json\/wp\/v2\/posts"}],"about":[{"href":"https:\/\/blogs.correio24horas.com.br\/mesalte\/wp-json\/wp\/v2\/types\/post"}],"author":[{"embeddable":true,"href":"https:\/\/blogs.correio24horas.com.br\/mesalte\/wp-json\/wp\/v2\/users\/1"}],"replies":[{"embeddable":true,"href":"https:\/\/blogs.correio24horas.com.br\/mesalte\/wp-json\/wp\/v2\/comments?post=22166"}],"version-history":[{"count":9,"href":"https:\/\/blogs.correio24horas.com.br\/mesalte\/wp-json\/wp\/v2\/posts\/22166\/revisions"}],"predecessor-version":[{"id":22176,"href":"https:\/\/blogs.correio24horas.com.br\/mesalte\/wp-json\/wp\/v2\/posts\/22166\/revisions\/22176"}],"wp:featuredmedia":[{"embeddable":true,"href":"https:\/\/blogs.correio24horas.com.br\/mesalte\/wp-json\/wp\/v2\/media\/22170"}],"wp:attachment":[{"href":"https:\/\/blogs.correio24horas.com.br\/mesalte\/wp-json\/wp\/v2\/media?parent=22166"}],"wp:term":[{"taxonomy":"category","embeddable":true,"href":"https:\/\/blogs.correio24horas.com.br\/mesalte\/wp-json\/wp\/v2\/categories?post=22166"},{"taxonomy":"post_tag","embeddable":true,"href":"https:\/\/blogs.correio24horas.com.br\/mesalte\/wp-json\/wp\/v2\/tags?post=22166"}],"curies":[{"name":"wp","href":"https:\/\/api.w.org\/{rel}","templated":true}]}}