{"id":22152,"date":"2020-12-14T12:43:41","date_gmt":"2020-12-14T15:43:41","guid":{"rendered":"https:\/\/blogs.correio24horas.com.br\/mesalte\/?p=22152"},"modified":"2020-12-14T12:52:07","modified_gmt":"2020-12-14T15:52:07","slug":"ufsb-cancela-matricula-de-estudante-de-medicina-por-suspeita-de-fraude-na-cota-para-trans-me-mataram","status":"publish","type":"post","link":"https:\/\/blogs.correio24horas.com.br\/mesalte\/ufsb-cancela-matricula-de-estudante-de-medicina-por-suspeita-de-fraude-na-cota-para-trans-me-mataram\/","title":{"rendered":"UFSB cancela matr\u00edcula de estudante de Medicina por suspeita de fraude na cota para trans: &#8216;me mataram&#8221;"},"content":{"rendered":"\n<p><strong><em>Por Jorge Gauthier <\/em><\/strong><strong><em><br><\/em><\/strong><strong><em>(@jorgegauthier \/ @me_salte)&nbsp;<\/em><\/strong><\/p>\n\n\n\n<p>J\u00f4 Magalh\u00e3es tem 34 anos, estuda Medicina e est\u00e1 no processo de transi\u00e7\u00e3o de g\u00eanero para o feminino. Na \u00faltima sexta-feira (11) sua matr\u00edcula no curso de Medicina na Universidade Federal do Sul da Bahia (UFSB) foi cancelada por suspeita de fraude no uso de cotas para pessoas transexuais, segundo parecer do Conselho Universit\u00e1rio.&nbsp;<\/p>\n\n\n\n<p>Em conversa com o Me Salte, nesta segunda-feira (14), J\u00f4 ou Joana, como tamb\u00e9m se identifica, questionou a postura da institui\u00e7\u00e3o, que n\u00e3o houve transpar\u00eancia no processo nem Justi\u00e7a na decis\u00e3o de cancelar a matr\u00edcula. \u201cN\u00e3o respeitaram minha identidade de g\u00eanero. Decidiram a qualquer custo que iriam me tirar de l\u00e1. A UFSB me destr\u00f3i, mas isso tudo s\u00f3 serviu para me libertar das amarras da sociedade machista e transf\u00f3bica. Eles definiram que eu seria um \u2018judas para dar exemplo\u2019, mas n\u00e3o se preocuparam com o lado humano. Em nenhum momento do processo a UFSB deixou claro que bases usaram para definir minha transgeneridade ou n\u00e3o. Foi um processo injusto\u201d, destacou Joana.&nbsp;<\/p>\n\n\n\n<blockquote class=\"wp-block-quote is-layout-flow wp-block-quote-is-layout-flow\"><p><strong>Em um dos relat\u00f3rios eles a universidade diz que eu sou trans mas que n\u00e3o tenho direito \u00e0 vaga porque eu n\u00e3o sofri opress\u00f5es. Como eles podem dizer isso?\u00a0 Eu j\u00e1 fui estuprada, j\u00e1 fui expulsa de casa, vivo no meio de uma fam\u00edlia transf\u00f3bica. Isso \u00e9 n\u00e3o sofrer opress\u00e3o? A universidade fez um julgamento pol\u00edtico e n\u00e3o respeitou minha identidade de g\u00eanero. Eles me mataram simbolicamente.\u00a0<\/strong><\/p><\/blockquote>\n\n\n\n<p>A estudante relata que j\u00e1 integrou o Conselho Universit\u00e1rio e que sempre&nbsp; questionou o sistema de acesso. \u201cNa UFSB o modelo de ensino \u00e9 diferente. Voc\u00ea faz 3 anos de um bacharelado interdisciplinar em sa\u00fade e depois s\u00f3 os 80 melhores v\u00e3o para Medicina. Eu entrei nesse bacharelado, fiz em 4 anos por causa do trabalho.&nbsp;<\/p>\n\n\n\n<p>\u201cTodos sabem que sempre fui contra o modelo da UFSB e expus isso de v\u00e1rias formas, nunca consegui compreender a inclus\u00e3o que a UFSB pregava j\u00e1 que obviamente o modelo era excludente, estimulava a competi\u00e7\u00e3o e destru\u00eda os planos de quem n\u00e3o conseguisse ser bom o bastante pra conseguir chegar aos seus sonhos. Essa falsa inclus\u00e3o nunca me enganou, e eu paguei um pre\u00e7o alto por discordar deste CIStema, Me tornei um ser detest\u00e1vel por falar o que pensava, e em v\u00e1rios momento eu me sentia um mal necess\u00e1rio.Hoje vejo que de certo modo eu sempre estive certa, n\u00f3s discentes nunca fomos a prioridade desta institui\u00e7\u00e3o\u201d, desabafou.&nbsp;<\/p>\n\n\n\n<p><em><br><\/em>Em conversa com o Me Salte, J\u00f4 destacou que o edital de acesso \u00e0 vaga indica que pode concorrer qualquer pessoa travesti, transexual ou transg\u00eanero. N\u00e3 h\u00e1 especifica\u00e7\u00e3o de em qual momento ou fase da transi\u00e7\u00e3o a pessoa deve estar.&nbsp;<\/p>\n\n\n\n<p>\u201cEntrei na UFSB em 2014 . Achei que l\u00e1 o \u2018personagem JP\u2019 seria bem utilizado\u2019. Eu fazia quest\u00e3o de me impor, se eu era reprimida pelo mundo eu ia fazer o mesmo l\u00e1. E assim foi, at\u00e9 tentei namorar uma menina, mas ela descobriu que a trai com um menino no carnaval. Confesso que apesar de n\u00e3o acreditar na UFSB como institui\u00e7\u00e3o ela me desconstruiu muito, seja pelos amigos que mostraram que eu n\u00e3o precisava ser o que eu era, que eu poderia ser livre. Pelas aulas filos\u00f3ficas e pelos professores que enxergavam em mim al\u00e9m de um babaca, eu fui mesmo muito t\u00f3xica, eu amava o poder, porque pra mim o poder me daria respeito, que nada, sai de l\u00e1 foi desmoralizada e cheia de inimigos, mas tamb\u00e9m fiz por onde\u201d, explicou J\u00f4, que tamb\u00e9m se identifica com JP.&nbsp;<\/p>\n\n\n\n<p>A inscri\u00e7\u00e3o no edital para cota trans foi em 2016. \u201cN\u00e3o foi planejado para fraudar nem para nada, mas foi planejado sim para eu me livrar de toda m\u00e1scara e fantasia que eu usava, foi o primeiro dia que sai de casa sem a fantasia que levei por tanto tempo, era a ressurrei\u00e7\u00e3o da Joana Largon. Mas claro, nada seria f\u00e1cil pra mim, eu n\u00e3o tinha o padr\u00e3o (se \u00e9 que existe padr\u00e3o) para ser uma trans, e me denunciaram por fraude no processo. Sinceramente, nem culpo quem denunciou, afinal \u00e9 um direito e as coisas precisam ser esclarecidas (acho essa palavra meio racista). Foi a\u00ed que come\u00e7ou a saga da minha determina\u00e7\u00e3o de g\u00eanero na UFSB\u201d, ressalta.&nbsp;<\/p>\n\n\n\n<p>J\u00f4 explica que foi feita uma comiss\u00e3o com professores, que segundo ela s\u00e3o pessoas LGBTQIA+, que tiveram a&nbsp; fun\u00e7\u00e3o de fazer um relat\u00f3rio afirmando \u2018se eu era o n\u00e3o trans segundo a concep\u00e7\u00e3o deles, visto que eram autoridades com poder para definir a identidade de g\u00eanero de uma pessoa. Mesmo os 3 sendo da psicologia e o Conselho Federal de Psicologia dizendo que nenhum profissional psic\u00f3logo pode interferir na autodetermina\u00e7\u00e3o de uma pessoas\u2019.<\/p>\n\n\n\n<p>A estudante afirma que o relat\u00f3rio da comiss\u00e3o n\u00e3o foi feito da forma correta e que houve fraude na condu\u00e7\u00e3o do mesmo.&nbsp;<\/p>\n\n\n\n<p>\u201cEm momento nenhum o relat\u00f3rio diz que n\u00e3o sou trans e t\u00e3o pouco fala sobre o que deveria ser feito com meu caso. N\u00e3o conheceram a minha casa, n\u00e3o conversaram com meus amigos, n\u00e3o procuraram meu familiares, nada. Apenas disseram o que quiseram e pronto. Simples assim. Foi votada a minha expuls\u00e3o com o relat\u00f3rio da forma que estava, completamente vazio. E pior, eles vazaram o documento da minha expuls\u00e3o e se quer me disseram como deveria ser o processo para recorrer.&nbsp; Eu soube que tinha sido expulsa por terceiros, quando virei chacota nos grupos, fui exposta, fui humilhada, at\u00e9 amea\u00e7ada por uma travesti da UFSB eu fui, que disse que eu ia levar uma surras das travestis de Teixeira [de Freitas] que eu ia ser trans mas espancada\u201d, explicou J\u00f4 que recorreu dessa decis\u00e3o prim\u00e1ria, mas acabou tendo a matr\u00edcula cancelada no \u00faltimo recurso na institui\u00e7\u00e3o.&nbsp;<\/p>\n\n\n\n<blockquote class=\"wp-block-quote is-layout-flow wp-block-quote-is-layout-flow\"><p>Assumir minha trangeneridade foi muito mais que uma vaga para medicina, f\u00f3i um grito de liberdade, foi ressuscitar quem eu sempre fui, foi mesmo que de forma comedida, poder usar as roupas que sempre quis, ser chamada como gosto, ter o direito de pintar minhas unhas, de usar batom e estar nem a\u00ed porque me sinto segura. Quando a UFSB determina que minha identidade de g\u00eanero n\u00e3o \u00e9 minha e subjetiva e \u00e9 ela quem o define, ela me mata, mata minha liberdade, mata minha alma. E hoje n\u00e3o estou disposta a voltar atr\u00e1s e matar mais um vez a joana como fiz no passado, se algu\u00e9m tiver que morrer que morra a carne n\u00e3o s\u00f3 a alma.<\/p><\/blockquote>\n\n\n\n<p>Em documentos oficiais enviados ao Me Salte pela estudante h\u00e1 o uso do nome social e tamb\u00e9m do nome do registro civil. Por esse motivo n\u00e3o vamos divulg\u00e1-los na \u00edntegra.&nbsp;<\/p>\n\n\n\n<figure class=\"wp-block-image\"><img loading=\"lazy\" decoding=\"async\" width=\"697\" height=\"1024\" src=\"https:\/\/blogs.correio24h.com.br\/mesalte\/wp-content\/uploads\/2020\/12\/PARECER-JOANA-697x1024.jpg\" alt=\"\" class=\"wp-image-22153\" srcset=\"https:\/\/blogs.correio24h.com.br\/mesalte\/wp-content\/uploads\/2020\/12\/PARECER-JOANA-697x1024.jpg 697w, https:\/\/blogs.correio24h.com.br\/mesalte\/wp-content\/uploads\/2020\/12\/PARECER-JOANA-204x300.jpg 204w, https:\/\/blogs.correio24h.com.br\/mesalte\/wp-content\/uploads\/2020\/12\/PARECER-JOANA-768x1128.jpg 768w, https:\/\/blogs.correio24h.com.br\/mesalte\/wp-content\/uploads\/2020\/12\/PARECER-JOANA-99x146.jpg 99w, https:\/\/blogs.correio24h.com.br\/mesalte\/wp-content\/uploads\/2020\/12\/PARECER-JOANA-34x50.jpg 34w, https:\/\/blogs.correio24h.com.br\/mesalte\/wp-content\/uploads\/2020\/12\/PARECER-JOANA-51x75.jpg 51w, https:\/\/blogs.correio24h.com.br\/mesalte\/wp-content\/uploads\/2020\/12\/PARECER-JOANA.jpg 784w\" sizes=\"auto, (max-width: 697px) 100vw, 697px\" \/><\/figure>\n\n\n\n<p>Em nota, a Universidade Federal do Sul da Bahia (UFSB) informou que fez o cancelamento da matr\u00edcula da estudante por \u2018ocupa\u00e7\u00e3o indevida de vaga destinada \u00e0 pessoas trans\u2019. Confira a nota da UFSB na \u00edntegra:&nbsp;<\/p>\n\n\n\n<p><em>A Universidade Federal do Sul da Bahia (UFSB), a respeito do caso em tela, informa que: i) ap\u00f3s corridas todas as etapas do processo originado por den\u00fancia&nbsp; de ocupa\u00e7\u00e3o indevida de vaga supranumer\u00e1ria destinada \u00e0 pessoas Trans egressas de escola p\u00fablica, por meio da Ouvidoria da institui\u00e7\u00e3o; ii)&nbsp; tendo garantido todos os prazos recursais e o amplo direito de defesa \u00e0 estudante nas inst\u00e2ncias asseguradas pela legisla\u00e7\u00e3o e pelo Comit\u00ea de Acompanhamento de Pol\u00edticas de Cotas (CAPC), indicadas na Resolu\u00e7\u00e3o Consuni 26\/2019; iii) o Conselho Universit\u00e1rio, em reuni\u00e3o extraordin\u00e1ria realizada na \u00faltima sexta-feira (11) pela manh\u00e3 para an\u00e1lise do recurso impetrado em segunda e \u00faltima inst\u00e2ncia, deliberou pela manuten\u00e7\u00e3o do cancelamento da matr\u00edcula da estudante.<\/em><\/p>\n\n\n\n<p><em>Em v\u00eddeo publicado nas redes sociais J\u00f4 falou mais sobre o assunto.\u00a0<\/em>J\u00f4 seguir\u00e1 com o caso na Justi\u00e7a em busca do reingresso no curso. <\/p>\n\n\n\n<figure class=\"wp-block-embed-youtube wp-block-embed is-type-video is-provider-youtube wp-embed-aspect-16-9 wp-has-aspect-ratio\"><div class=\"wp-block-embed__wrapper\">\n<iframe loading=\"lazy\" title=\"Aos membros do CONSUNI\" width=\"1200\" height=\"675\" src=\"https:\/\/www.youtube.com\/embed\/e_udhX9WH_s?feature=oembed\" frameborder=\"0\" allow=\"accelerometer; autoplay; clipboard-write; encrypted-media; gyroscope; picture-in-picture\" allowfullscreen><\/iframe>\n<\/div><\/figure>\n","protected":false},"excerpt":{"rendered":"<p>Por Jorge Gauthier (@jorgegauthier \/ @me_salte)&nbsp; J\u00f4 Magalh\u00e3es tem 34 anos, estuda Medicina e est\u00e1 no processo de transi\u00e7\u00e3o de g\u00eanero para o feminino. Na \u00faltima [&hellip;]<\/p>\n","protected":false},"author":1,"featured_media":22154,"comment_status":"open","ping_status":"open","sticky":false,"template":"","format":"standard","meta":{"footnotes":""},"categories":[80,11],"tags":[50,2130],"class_list":["post-22152","post","type-post","status-publish","format-standard","has-post-thumbnail","hentry","category-home","category-me-informo","tag-trans","tag-ufsb"],"_links":{"self":[{"href":"https:\/\/blogs.correio24horas.com.br\/mesalte\/wp-json\/wp\/v2\/posts\/22152","targetHints":{"allow":["GET"]}}],"collection":[{"href":"https:\/\/blogs.correio24horas.com.br\/mesalte\/wp-json\/wp\/v2\/posts"}],"about":[{"href":"https:\/\/blogs.correio24horas.com.br\/mesalte\/wp-json\/wp\/v2\/types\/post"}],"author":[{"embeddable":true,"href":"https:\/\/blogs.correio24horas.com.br\/mesalte\/wp-json\/wp\/v2\/users\/1"}],"replies":[{"embeddable":true,"href":"https:\/\/blogs.correio24horas.com.br\/mesalte\/wp-json\/wp\/v2\/comments?post=22152"}],"version-history":[{"count":7,"href":"https:\/\/blogs.correio24horas.com.br\/mesalte\/wp-json\/wp\/v2\/posts\/22152\/revisions"}],"predecessor-version":[{"id":22162,"href":"https:\/\/blogs.correio24horas.com.br\/mesalte\/wp-json\/wp\/v2\/posts\/22152\/revisions\/22162"}],"wp:featuredmedia":[{"embeddable":true,"href":"https:\/\/blogs.correio24horas.com.br\/mesalte\/wp-json\/wp\/v2\/media\/22154"}],"wp:attachment":[{"href":"https:\/\/blogs.correio24horas.com.br\/mesalte\/wp-json\/wp\/v2\/media?parent=22152"}],"wp:term":[{"taxonomy":"category","embeddable":true,"href":"https:\/\/blogs.correio24horas.com.br\/mesalte\/wp-json\/wp\/v2\/categories?post=22152"},{"taxonomy":"post_tag","embeddable":true,"href":"https:\/\/blogs.correio24horas.com.br\/mesalte\/wp-json\/wp\/v2\/tags?post=22152"}],"curies":[{"name":"wp","href":"https:\/\/api.w.org\/{rel}","templated":true}]}}