{"id":22026,"date":"2020-11-16T00:34:28","date_gmt":"2020-11-16T03:34:28","guid":{"rendered":"https:\/\/blogs.correio24horas.com.br\/mesalte\/?p=22026"},"modified":"2020-11-16T00:38:21","modified_gmt":"2020-11-16T03:38:21","slug":"salvador-tera-mandato-coletivo-pela-1a-vez-com-mulheres-negras-lesbica-integra-chapa-vencedora","status":"publish","type":"post","link":"https:\/\/blogs.correio24horas.com.br\/mesalte\/salvador-tera-mandato-coletivo-pela-1a-vez-com-mulheres-negras-lesbica-integra-chapa-vencedora\/","title":{"rendered":"Salvador ter\u00e1 mandato coletivo pela 1\u00aa vez com mulheres negras; l\u00e9sbica integra chapa vencedora"},"content":{"rendered":"\n<p>Tr\u00eas mulheres negras fizeram hist\u00f3ria nas urnas neste domingo (16) em Salvador. Laina Cris\u00f3stomo, Cleide Coutinho e Gleide Davis, do Psol, tiveram  3.635 votos e formar\u00e3o o primeiro mandato coletivo da hist\u00f3ria da C\u00e2mara de Vereadores de Salvador. <\/p>\n\n\n\n<p>Laina Cris\u00f3stomo \u00e9 advogada feminista, l\u00e9sbica e fundadora @atamojuntas. Cleide Coutinho \u00e9 feminista negra, evang\u00e9lica e membra Setorial Estadual de Mulheres do PSOL\/ BA e dirigente do Movimento Nacional de Luta pela Moradia; J\u00e1 Gleide Davis \u00e9 estudante\/pesquisadora das \u00e1reas: g\u00eanero, ra\u00e7a, classe e sa\u00fade mental (UFBA). <\/p>\n\n\n\n<p>Laina foi uma das candidatas entrevistadas pelo Me Salte na s\u00e9rie especial Voto LGBTQUIA+. <a href=\"https:\/\/www.instagram.com\/p\/CG6BoKVFeEx\/\">Clique aqui e reveja. <\/a><\/p>\n\n\n\n<p>Com 100% das urnas apuradas em Salvador, est\u00e3o definidos os nomes que devem ocupar as 43 cadeiras da C\u00e2mara Municipal nos pr\u00f3ximos quatro anos. Segundo a lista divulgada pelo Tribunal Regional Eleitoral (TRE-BA), o vereador Luiz Carlos (Republicanos) foi o campe\u00e3o de votos e est\u00e1 reeleito.&nbsp;<\/p>\n\n\n\n<p>Outros cinco vereadores da atual legilslatura, incluindo o presidente da Casa, Geraldo J\u00fanior, est\u00e3o entre os primeiros colocados. Ele foi o segundo mais votado, seguido de Isnard Ara\u00fajo, Ireuda Silva, Duda Sanches e Alexandre Aleluia.<\/p>\n\n\n\n<p>Confira a lista completa de eleitos.<\/p>\n\n\n\n<ul class=\"wp-block-list\"><li>17.035 votos &#8211; REPUBLICANOS &#8211; <strong>LUIZ CARLOS<\/strong>\u00a0<\/li><li>12.906 votos &#8211; MDB\u00a0&#8211; <strong>GERALDO J\u00daNIOR<\/strong>\u00a0<\/li><li>12.799 votos &#8211; PL &#8211; <strong>ISNARD ARAUJO<\/strong>\u00a0<\/li><li>12.098 votos &#8211; REPUBLICANOS &#8211; <strong>IREUDA SILVA<\/strong>\u00a0<\/li><li>10.436 votos &#8211; DEM\u00a0 &#8211; <strong>DUDA SANCHES<\/strong>\u00a0<\/li><li>10.154 votos &#8211; DEM &#8211;  <strong>ALEXANDRE ALELUIA<\/strong>\u00a0<\/li><li>10.026 votos &#8211;  PSC &#8211;  <strong>RICARDO ALMEIDA<\/strong>\u00a0<\/li><li>9.129 votos &#8211;  PODE &#8211;  <strong>EMERSON PENALVA<\/strong>\u00a0<\/li><li>9.118 votos &#8211;  PTB &#8211;  <strong>CARLOS MUNIZ<\/strong>\u00a0<\/li><li>8.810 votos &#8211;  REPUBLICANOS\u00a0 &#8211;  <strong>JULIO SANTOS<\/strong>\u00a0<\/li><li>8.738 votos &#8211;  MDB &#8211;  <strong>MAUR\u00cdCIO TRINDADE<\/strong>\u00a0<\/li><li>8.673 votos &#8211;  DEM &#8211;  <strong>MARCELLE MORAES<\/strong>\u00a0<\/li><li>8.638 votos &#8211;  PC do B &#8211;  <strong>H\u00c9LIO FERREIRA<\/strong>\u00a0<\/li><li>8.536 votos &#8211;  DEM\u00a0 &#8211;  <strong>PAULO MAGALH\u00c3ES J\u00daNIOR<\/strong>\u00a0<\/li><li>8.089 votos &#8211;  PATRIOTA &#8211;  \u00a0<strong>DANIEL RIOS<\/strong>\u00a0<\/li><li>7.586 votos &#8211;  AVANTE\u00a0 &#8211;  <strong>DEBORA SANTANA<\/strong>\u00a0<\/li><li>7.271 votos &#8211;  PT\u00a0 &#8211;  <strong>MARTA RODRIGUES<\/strong>\u00a0<\/li><li>7.166 votos &#8211;  PSDB\u00a0 &#8211;  <strong>CRIS CORREIA<\/strong>\u00a0<\/li><li>7.090 votos &#8211;  PATRIOTA &#8211;  \u00a0<strong>ROBERTA CAIRES<\/strong>\u00a0<\/li><li>7.045 votos &#8211;  DEM &#8211;  \u00a0<strong>KIKI BISPO<\/strong>\u00a0<\/li><li>7.039 votos &#8211;  DEM\u00a0 &#8211;  <strong>CLAUDIO TINOCO<\/strong>\u00a0<\/li><li>7.010 votos &#8211;  DEM\u00a0 &#8211;  <strong>CATIA RODRIGUES<\/strong>\u00a0<\/li><li>6.997 votos &#8211;  PODE\u00a0 &#8211;  <strong>SIDNINHO<\/strong>\u00a0<\/li><li>6.798 votos &#8211;  PATRIOTA &#8211;  \u00a0<strong>SANDRO BAHIENSE<\/strong>\u00a0<\/li><li>6.751 votos &#8211;  PSDB\u00a0 &#8211;  <strong>T\u00c9O SENNA<\/strong>\u00a0<\/li><li>6.041 votos &#8211;  PC do B &#8211;  \u00a0<strong>AUGUSTO VASCONCELOS<\/strong>\u00a0<\/li><li>5.723 votos &#8211;  CIDADANIA\u00a0 &#8211;  <strong>JOCEVAL RODRIGUES<\/strong>\u00a0<\/li><li>5.682 votos &#8211;  SOLIDARIEDADE &#8211;  <strong>FABIO SOUZA<\/strong>\u00a0<\/li><li>5.647 votos &#8211;  PSDB\u00a0 &#8211;  <strong>DANIEL ALVES<\/strong>\u00a0<\/li><li>5.621 votos &#8211;  PV &#8211;  \u00a0<strong>ANDRE FRAGA<\/strong>\u00a0<\/li><li>5.521 votos &#8211;  PT &#8211;  <strong>LUIZ CARLOS SU\u00cdCA<\/strong>\u00a0<\/li><li>5.289 votos &#8211;  PDT &#8211;  \u00a0<strong>ANDERSON NINHO<\/strong>\u00a0<\/li><li>5.275 votos &#8211;  PDT &#8211;  <strong>CARBALLAL<\/strong>\u00a0<\/li><li>4.837 votos &#8211;  PT &#8211;  <strong>MARIA MARIGHELLA<\/strong>\u00a0<\/li><li>4.830 votos &#8211;  PDC\u00a0 &#8211;  <strong>SABA<\/strong>\u00a0<\/li><li>4.822 votos &#8211;  PSL\u00a0 &#8211;  <strong>GEORGE O GORDINHO DA FAVELA<\/strong>\u00a0<\/li><li>4.725 votos &#8211;  PSD &#8211;  \u00a0<strong>EDVALDO BRITO<\/strong>\u00a0<\/li><li>4.708 votos &#8211;  PSB &#8211;  <strong>SILVIO HUMBERTO<\/strong>\u00a0<\/li><li>4.610 votos &#8211;  PT\u00a0 &#8211;  <strong>TIAGO FERREIRA<\/strong>\u00a0<\/li><li>4.273 votos &#8211;  PL &#8211;  \u00a0<strong>IRM\u00c3O L\u00c1ZARO<\/strong>\u00a0<\/li><li>4.192 votos &#8211;  PTB &#8211;  \u00a0<strong>DR JOSE ANTONIO<\/strong>\u00a0<\/li><li>3.635 votos &#8211;  PSOL &#8211;  <strong>LAINA PRETAS POR SALVADOR<\/strong>\u00a0<\/li><li>3.460 votos &#8211;  PMN &#8211;  <strong>MARCELO MAIA<\/strong><\/li><\/ul>\n\n\n\n<p> <\/p>\n","protected":false},"excerpt":{"rendered":"<p>Tr\u00eas mulheres negras fizeram hist\u00f3ria nas urnas neste domingo (16) em Salvador. Laina Cris\u00f3stomo, Cleide Coutinho e Gleide Davis, do Psol, tiveram 3.635 votos e formar\u00e3o [&hellip;]<\/p>\n","protected":false},"author":1,"featured_media":22027,"comment_status":"open","ping_status":"open","sticky":false,"template":"","format":"standard","meta":{"footnotes":""},"categories":[80],"tags":[],"class_list":["post-22026","post","type-post","status-publish","format-standard","has-post-thumbnail","hentry","category-home"],"_links":{"self":[{"href":"https:\/\/blogs.correio24horas.com.br\/mesalte\/wp-json\/wp\/v2\/posts\/22026","targetHints":{"allow":["GET"]}}],"collection":[{"href":"https:\/\/blogs.correio24horas.com.br\/mesalte\/wp-json\/wp\/v2\/posts"}],"about":[{"href":"https:\/\/blogs.correio24horas.com.br\/mesalte\/wp-json\/wp\/v2\/types\/post"}],"author":[{"embeddable":true,"href":"https:\/\/blogs.correio24horas.com.br\/mesalte\/wp-json\/wp\/v2\/users\/1"}],"replies":[{"embeddable":true,"href":"https:\/\/blogs.correio24horas.com.br\/mesalte\/wp-json\/wp\/v2\/comments?post=22026"}],"version-history":[{"count":3,"href":"https:\/\/blogs.correio24horas.com.br\/mesalte\/wp-json\/wp\/v2\/posts\/22026\/revisions"}],"predecessor-version":[{"id":22031,"href":"https:\/\/blogs.correio24horas.com.br\/mesalte\/wp-json\/wp\/v2\/posts\/22026\/revisions\/22031"}],"wp:featuredmedia":[{"embeddable":true,"href":"https:\/\/blogs.correio24horas.com.br\/mesalte\/wp-json\/wp\/v2\/media\/22027"}],"wp:attachment":[{"href":"https:\/\/blogs.correio24horas.com.br\/mesalte\/wp-json\/wp\/v2\/media?parent=22026"}],"wp:term":[{"taxonomy":"category","embeddable":true,"href":"https:\/\/blogs.correio24horas.com.br\/mesalte\/wp-json\/wp\/v2\/categories?post=22026"},{"taxonomy":"post_tag","embeddable":true,"href":"https:\/\/blogs.correio24horas.com.br\/mesalte\/wp-json\/wp\/v2\/tags?post=22026"}],"curies":[{"name":"wp","href":"https:\/\/api.w.org\/{rel}","templated":true}]}}