{"id":22024,"date":"2020-11-10T13:24:10","date_gmt":"2020-11-10T16:24:10","guid":{"rendered":"https:\/\/blogs.correio24horas.com.br\/mesalte\/?p=22024"},"modified":"2020-11-10T13:24:13","modified_gmt":"2020-11-10T16:24:13","slug":"candidata-trans-em-salvador-relata-assedio-nas-redes-sociais-gostei-das-propostas-e-da-raba","status":"publish","type":"post","link":"https:\/\/blogs.correio24horas.com.br\/mesalte\/candidata-trans-em-salvador-relata-assedio-nas-redes-sociais-gostei-das-propostas-e-da-raba\/","title":{"rendered":"Candidata trans em Salvador relata ass\u00e9dio nas redes sociais: &#8216;gostei das propostas e da raba&#8217;"},"content":{"rendered":"\n<p> A psic\u00f3loga Ariane Senna, 29 anos, \u00e9 candidata \u00e0 vereadora em Salvador pelo PSB. Militante do movimento transexual, Ariane criou uma conta de WhatsApp para sua campanha. Contudo, o instrumento de contato com o eleitor acabou se tornando um ambiente onde ela passou a ser assediada sexualmente. <\/p>\n\n\n\n<p>Ariane gravou um v\u00eddeo denunciando a situa\u00e7\u00e3o. Um homem se apresenta dizendo ter visto a passeata de Ariane na v\u00e9spera. &#8220;Que \u00f3timo, gostou das minhas propostas?&#8221;, pergunta a candidata. &#8220;Gostei. Das propostas e da raba. Que raba. Linda viu, com todo o respeito. rsrs&#8221;, vociferou. <\/p>\n\n\n\n<p>Veja  o v\u00eddeo: <\/p>\n\n\n\n<figure class=\"wp-block-embed-youtube wp-block-embed is-type-video is-provider-youtube wp-embed-aspect-16-9 wp-has-aspect-ratio\"><div class=\"wp-block-embed__wrapper\">\n<iframe loading=\"lazy\" title=\"ARIANE SENNA LENDO MENSAGENS DE ASS\u00c9DIO NO WHATSAPP DA CAMPANHA\" width=\"1200\" height=\"675\" src=\"https:\/\/www.youtube.com\/embed\/S7ImslEweIY?feature=oembed\" frameborder=\"0\" allow=\"accelerometer; autoplay; clipboard-write; encrypted-media; gyroscope; picture-in-picture\" allowfullscreen><\/iframe>\n<\/div><\/figure>\n\n\n\n<p><a href=\"https:\/\/www.instagram.com\/p\/CHLpywBHp3r\/\">CLIQUE AQUI PARA VER O V\u00cdDEO<\/a> NO INSTAGRAM<\/p>\n","protected":false},"excerpt":{"rendered":"<p>A psic\u00f3loga Ariane Senna, 29 anos, \u00e9 candidata \u00e0 vereadora em Salvador pelo PSB. Militante do movimento transexual, Ariane criou uma conta de WhatsApp para sua [&hellip;]<\/p>\n","protected":false},"author":1,"featured_media":21950,"comment_status":"open","ping_status":"open","sticky":false,"template":"","format":"standard","meta":{"footnotes":""},"categories":[80],"tags":[],"class_list":["post-22024","post","type-post","status-publish","format-standard","has-post-thumbnail","hentry","category-home"],"_links":{"self":[{"href":"https:\/\/blogs.correio24horas.com.br\/mesalte\/wp-json\/wp\/v2\/posts\/22024","targetHints":{"allow":["GET"]}}],"collection":[{"href":"https:\/\/blogs.correio24horas.com.br\/mesalte\/wp-json\/wp\/v2\/posts"}],"about":[{"href":"https:\/\/blogs.correio24horas.com.br\/mesalte\/wp-json\/wp\/v2\/types\/post"}],"author":[{"embeddable":true,"href":"https:\/\/blogs.correio24horas.com.br\/mesalte\/wp-json\/wp\/v2\/users\/1"}],"replies":[{"embeddable":true,"href":"https:\/\/blogs.correio24horas.com.br\/mesalte\/wp-json\/wp\/v2\/comments?post=22024"}],"version-history":[{"count":1,"href":"https:\/\/blogs.correio24horas.com.br\/mesalte\/wp-json\/wp\/v2\/posts\/22024\/revisions"}],"predecessor-version":[{"id":22025,"href":"https:\/\/blogs.correio24horas.com.br\/mesalte\/wp-json\/wp\/v2\/posts\/22024\/revisions\/22025"}],"wp:featuredmedia":[{"embeddable":true,"href":"https:\/\/blogs.correio24horas.com.br\/mesalte\/wp-json\/wp\/v2\/media\/21950"}],"wp:attachment":[{"href":"https:\/\/blogs.correio24horas.com.br\/mesalte\/wp-json\/wp\/v2\/media?parent=22024"}],"wp:term":[{"taxonomy":"category","embeddable":true,"href":"https:\/\/blogs.correio24horas.com.br\/mesalte\/wp-json\/wp\/v2\/categories?post=22024"},{"taxonomy":"post_tag","embeddable":true,"href":"https:\/\/blogs.correio24horas.com.br\/mesalte\/wp-json\/wp\/v2\/tags?post=22024"}],"curies":[{"name":"wp","href":"https:\/\/api.w.org\/{rel}","templated":true}]}}