{"id":22019,"date":"2020-11-06T22:37:45","date_gmt":"2020-11-07T01:37:45","guid":{"rendered":"https:\/\/blogs.correio24horas.com.br\/mesalte\/?p=22019"},"modified":"2020-11-06T22:37:48","modified_gmt":"2020-11-07T01:37:48","slug":"claudia-leitte-e-alinne-rosa-tocarao-em-pre-reveillon-no-rio-de-janeiro","status":"publish","type":"post","link":"https:\/\/blogs.correio24horas.com.br\/mesalte\/claudia-leitte-e-alinne-rosa-tocarao-em-pre-reveillon-no-rio-de-janeiro\/","title":{"rendered":"Claudia Leitte e Alinne Rosa tocar\u00e3o em pr\u00e9-R\u00e9veillon no Rio de Janeiro"},"content":{"rendered":"\n<p>As cantoras Claudia Leitte e Alinne Rosa foram anunciadas como atra\u00e7\u00e3o  pr\u00e9-R\u00e9veillon do Rio de Janeiro. Promovido pelo Grupo San Sebastian o evento acontecer\u00e1 nos dias 28 e \u202a29 de dezembro\u202c. Al\u00e9m das duas cantoras, um line up de DJs da cena animar\u00e1 o evento, contando com nomes como Aron (ISR), que receber\u00e1 a cantora Beth Sacks, e Anne Louise.  <\/p>\n\n\n\n<p>As vendas de ingressos avulsos e pacotes ser\u00e3o iniciadas no www.sanfolia.com na segunda-feira (9). &#8220;O evento se adaptar\u00e1 \u00e0 realidade e, em respeito \u00e0s determina\u00e7\u00f5es das autoridades, seguir\u00e1 os protocolos municipais vigentes quando da realiza\u00e7\u00e3o da festa&#8221;, informou o Grupo San Sebastian. <\/p>\n","protected":false},"excerpt":{"rendered":"<p>As cantoras Claudia Leitte e Alinne Rosa foram anunciadas como atra\u00e7\u00e3o pr\u00e9-R\u00e9veillon do Rio de Janeiro. Promovido pelo Grupo San Sebastian o evento acontecer\u00e1 nos dias [&hellip;]<\/p>\n","protected":false},"author":1,"featured_media":22020,"comment_status":"open","ping_status":"open","sticky":false,"template":"","format":"standard","meta":{"footnotes":""},"categories":[80],"tags":[],"class_list":["post-22019","post","type-post","status-publish","format-standard","has-post-thumbnail","hentry","category-home"],"_links":{"self":[{"href":"https:\/\/blogs.correio24horas.com.br\/mesalte\/wp-json\/wp\/v2\/posts\/22019","targetHints":{"allow":["GET"]}}],"collection":[{"href":"https:\/\/blogs.correio24horas.com.br\/mesalte\/wp-json\/wp\/v2\/posts"}],"about":[{"href":"https:\/\/blogs.correio24horas.com.br\/mesalte\/wp-json\/wp\/v2\/types\/post"}],"author":[{"embeddable":true,"href":"https:\/\/blogs.correio24horas.com.br\/mesalte\/wp-json\/wp\/v2\/users\/1"}],"replies":[{"embeddable":true,"href":"https:\/\/blogs.correio24horas.com.br\/mesalte\/wp-json\/wp\/v2\/comments?post=22019"}],"version-history":[{"count":1,"href":"https:\/\/blogs.correio24horas.com.br\/mesalte\/wp-json\/wp\/v2\/posts\/22019\/revisions"}],"predecessor-version":[{"id":22021,"href":"https:\/\/blogs.correio24horas.com.br\/mesalte\/wp-json\/wp\/v2\/posts\/22019\/revisions\/22021"}],"wp:featuredmedia":[{"embeddable":true,"href":"https:\/\/blogs.correio24horas.com.br\/mesalte\/wp-json\/wp\/v2\/media\/22020"}],"wp:attachment":[{"href":"https:\/\/blogs.correio24horas.com.br\/mesalte\/wp-json\/wp\/v2\/media?parent=22019"}],"wp:term":[{"taxonomy":"category","embeddable":true,"href":"https:\/\/blogs.correio24horas.com.br\/mesalte\/wp-json\/wp\/v2\/categories?post=22019"},{"taxonomy":"post_tag","embeddable":true,"href":"https:\/\/blogs.correio24horas.com.br\/mesalte\/wp-json\/wp\/v2\/tags?post=22019"}],"curies":[{"name":"wp","href":"https:\/\/api.w.org\/{rel}","templated":true}]}}