{"id":22015,"date":"2020-11-06T13:34:33","date_gmt":"2020-11-06T16:34:33","guid":{"rendered":"https:\/\/blogs.correio24horas.com.br\/mesalte\/?p=22015"},"modified":"2020-11-06T13:35:32","modified_gmt":"2020-11-06T16:35:32","slug":"vote-lgbtquia-veja-propostas-de-janda-mawusi-do-psb","status":"publish","type":"post","link":"https:\/\/blogs.correio24horas.com.br\/mesalte\/vote-lgbtquia-veja-propostas-de-janda-mawusi-do-psb\/","title":{"rendered":"Vote LGBTQUIA+: veja propostas de Janda Mawus\u00ed, do PSB"},"content":{"rendered":"\n<p> Mulher l\u00e9sbica, Jandira Mawus\u00ed Santana tem 48 anos, tem 48 anos e \u00e9 pedagoga e educadora social. Ela concorre pela primeira vez \u00e0 C\u00e2mara de Vereadores de Salvador e, por ser uma pessoa LGBTQUIA+, foi convidada pelo Me Salte para explicar suas propostas para a popula\u00e7\u00e3o. <\/p>\n\n\n\n<p><br><strong> Conte um pouco sobre sua trajet\u00f3ria no movimento LGBTQIA+?  Qual o principal projeto de voc\u00eas para a comunidade LGBQIA? <\/strong><br> Minha trajet\u00f3ria se da a partir do entendimento e reconhecimento da minha sexualidade enquanto l\u00e9sbica.  Isso, se da a partir dos  18 anos, quando pude de fato entender meu corpo, meu desejo por outra  mulher. Isso acontece quando chego ao centro da cidade, e vejo mulheres parecidas comigo, vivendo sua condi\u00e7\u00e3o l\u00e9sbica de maneira poss\u00edvel, da\u00ed fa\u00e7o um curso de ra\u00e7a, g\u00eanero e sexualidade no CEAFRO\/UFBA, que foi um divisor em minha vida. Nesse encontro, come\u00e7o a participar das discuss\u00f5es sobre se entender,  para entender os outros.<\/p>\n\n\n\n<p>Trabalharemos para a cria\u00e7\u00e3o de um projeto de cotas para pessoas trans e travestis em programas de moradia, al\u00e9m do fortalecimento das casas de acolhimento. \u00c9 urgente realizar o fortalecimento dos n\u00facleos, ambulat\u00f3rios e institui\u00e7\u00f5es que atendem \u00e0 popula\u00e7\u00e3o LGBTQIA+, a partir do estreitamento nas intera\u00e7\u00f5es entre as pol\u00edticas municipais e as necessidades de sa\u00fade para nossa comunidade, sem esquecer quesito fundamental para sua execu\u00e7\u00e3o, viabilizar um Programa de Educa\u00e7\u00e3o de G\u00eanero e Sexualidade para profissionais da sa\u00fade no atendimento ao p\u00fablico LGBTQIA+.<\/p>\n\n\n\n<p><strong>A composi\u00e7\u00e3o da c\u00e2mara de vereadores \u00e9 sempre uma surpresa, mas tradicionalmente elege-se representantes das chamadas bancadas da \u2018bala\u2019, da &#8216;b\u00edblia&#8217; que n\u00e3o costumam ser muito sens\u00edveis \u00e0s demandas da comunidade LGBTQIA; Como voc\u00ea pretende dialogar nessse sentido?<\/strong> <\/p>\n\n\n\n<p>Deste contexto, que historicamente nos desfavorece, extra\u00edmos a import\u00e2ncia das candidaturas LGBTQIA+ se elegerem, quantas mais forem poss\u00edveis. N\u00e3o temos mais como esperar pela sensibiliza\u00e7\u00e3o, seja dentro ou fora da esfera do poder p\u00fablico em nossa cidade. Dentro, entraremos na busca de direitos, que n\u00e3o nos podem mais ser negados. Di\u00e1logo \u00e9 a base, mas a empatia, verdadeiramente, \u00e9 um movimento autoral. <\/p>\n\n\n\n<p><strong>Apesar de se candidatar como candidate LGBTQIA+ caso voc\u00ea ven\u00e7a representar\u00e1  3 milh\u00f5es de soteropolitanos. Quais s\u00e3o suas propostas para o restante da cidade e como pretende lidar com o preconceito? <\/strong><br> Pensar como candidate LGBTQIA+ engloba muito. \u00c9 um ponto de partida amplo. As pol\u00edticas p\u00fablicas surgidas de a\u00e7\u00f5es afirmativas para os muitos grupos sociais se tornam globais tendo em vista o entorno no qual cada membro, em cada grupo, est\u00e1 inserido. Quando se pensa em sa\u00fade da mulher, se pensa na sa\u00fade da m\u00e3e, que impacta aos demais a ela conectados. Assim tamb\u00e9m \u00e9 para qualquer um de n\u00f3s LGBTQIA+, que somos, mulheres, homens, cis, trans, que possuem familiares, amigos, vizinhos, colegas e por a\u00ed vai. Quando penso em preconceito, penso em minha trajet\u00f3ria at\u00e9 aqui, onde ele existir, eu resistirei.  <\/p>\n\n\n\n<p><strong>Como pretende ser a sua atua\u00e7\u00e3o caso seja vereadore de oposi\u00e7\u00e3o ou do governo a depender de quem conquistar a prefeitura?<\/strong><\/p>\n\n\n\n<p>Entendo que um cargo eletivo n\u00e3o deva trabalhar com \u201ca depender\u201d. A minha atua\u00e7\u00e3o est\u00e1 posta no programa de campanha e atender\u00e1, com compromisso, aos eleitores que a mim confiarem seu voto, por consequ\u00eancia, a toda sociedade soteropolitana. Estarei afinada com o pensamento que nos leve a uma sociedade em progresso, defendendo e votando em prol do bem-estar social, focado nas popula\u00e7\u00f5es, estas sim, majorit\u00e1rias nesta cidade. Somos 82,01% de negros e 54% de mulheres, diversos sexualmente, \u00e9 um bom come\u00e7o interseccional.<\/p>\n","protected":false},"excerpt":{"rendered":"<p>Mulher l\u00e9sbica, Jandira Mawus\u00ed Santana tem 48 anos, tem 48 anos e \u00e9 pedagoga e educadora social. Ela concorre pela primeira vez \u00e0 C\u00e2mara de Vereadores [&hellip;]<\/p>\n","protected":false},"author":1,"featured_media":22018,"comment_status":"open","ping_status":"open","sticky":false,"template":"","format":"standard","meta":{"footnotes":""},"categories":[80],"tags":[],"class_list":["post-22015","post","type-post","status-publish","format-standard","has-post-thumbnail","hentry","category-home"],"_links":{"self":[{"href":"https:\/\/blogs.correio24horas.com.br\/mesalte\/wp-json\/wp\/v2\/posts\/22015","targetHints":{"allow":["GET"]}}],"collection":[{"href":"https:\/\/blogs.correio24horas.com.br\/mesalte\/wp-json\/wp\/v2\/posts"}],"about":[{"href":"https:\/\/blogs.correio24horas.com.br\/mesalte\/wp-json\/wp\/v2\/types\/post"}],"author":[{"embeddable":true,"href":"https:\/\/blogs.correio24horas.com.br\/mesalte\/wp-json\/wp\/v2\/users\/1"}],"replies":[{"embeddable":true,"href":"https:\/\/blogs.correio24horas.com.br\/mesalte\/wp-json\/wp\/v2\/comments?post=22015"}],"version-history":[{"count":1,"href":"https:\/\/blogs.correio24horas.com.br\/mesalte\/wp-json\/wp\/v2\/posts\/22015\/revisions"}],"predecessor-version":[{"id":22017,"href":"https:\/\/blogs.correio24horas.com.br\/mesalte\/wp-json\/wp\/v2\/posts\/22015\/revisions\/22017"}],"wp:featuredmedia":[{"embeddable":true,"href":"https:\/\/blogs.correio24horas.com.br\/mesalte\/wp-json\/wp\/v2\/media\/22018"}],"wp:attachment":[{"href":"https:\/\/blogs.correio24horas.com.br\/mesalte\/wp-json\/wp\/v2\/media?parent=22015"}],"wp:term":[{"taxonomy":"category","embeddable":true,"href":"https:\/\/blogs.correio24horas.com.br\/mesalte\/wp-json\/wp\/v2\/categories?post=22015"},{"taxonomy":"post_tag","embeddable":true,"href":"https:\/\/blogs.correio24horas.com.br\/mesalte\/wp-json\/wp\/v2\/tags?post=22015"}],"curies":[{"name":"wp","href":"https:\/\/api.w.org\/{rel}","templated":true}]}}