{"id":22010,"date":"2020-11-06T10:57:07","date_gmt":"2020-11-06T13:57:07","guid":{"rendered":"https:\/\/blogs.correio24horas.com.br\/mesalte\/?p=22010"},"modified":"2020-11-06T10:57:10","modified_gmt":"2020-11-06T13:57:10","slug":"vote-lgbtqia-conheca-as-propostas-de-patruska-barreiro-do-patriota","status":"publish","type":"post","link":"https:\/\/blogs.correio24horas.com.br\/mesalte\/vote-lgbtqia-conheca-as-propostas-de-patruska-barreiro-do-patriota\/","title":{"rendered":"Vote LGBTQIA+: conhe\u00e7a as propostas de Patruska Barreiro, do Patriota"},"content":{"rendered":"\n<p>  Patruska Barreiro tem 42 anos, \u00e9 empres\u00e1ria e bacharel em Direito. Em 2016 ela tentou se eleger vereadora em Salvador, mas n\u00e3o foi eleita. Em 2020, retoma a empreitada pelo Partido Patriota. Em conversa com o Me Salte ela explicou suas propostas para a comunidade LGBTQIA+ e tamb\u00e9m falou sobre as causas dos animais, que tamb\u00e9m \u00e9 ativista. <\/p>\n\n\n\n<p><strong> Conte um pouco sobre sua trajet\u00f3ria no movimento LGBTQIA+.<br><\/strong> H\u00e1 dez anos, quando eu entendi quem era Patruska, passei a me posicionar e a propor o di\u00e1logo, inicialmente entre aqueles que estavam mais pr\u00f3ximo a mim, depois fui compreendendo que existia um lugar de fala importante para o avan\u00e7o das discuss\u00f5es em torno do movimento LGBTQIA+. Inclusive vim de relacionamentos heterossexuais, tendo ci\u00eancia do quanto \u00e9 dif\u00edcil lidar com uma estrutura social que, muitas vezes, \u00e9 opressora e na qual muitas mulheres s\u00e3o subjugadas. Ao assumir, ao casar com uma mulher, mantendo o exerc\u00edcio das minhas atividades profissionais, sociais e meu ativismo, percebi que passei a representar muitas pessoas, passei a provocar o senso de empatia em outras. Compreendi que poderia, inclusive como algu\u00e9m de forma\u00e7\u00e3o religiosa crist\u00e3, ampliar as reflex\u00f5es sobre o que \u00e9 ser LGBTQIA+ e o nosso lugar dentro do conv\u00edvio social, que dever ser onde quisermos estar e de aproveitar todo espa\u00e7o para desmistificar o que \u00e9 necess\u00e1rio e oferecer conhecimento sobre a causa.<\/p>\n\n\n\n<p><strong>Qual o principal projeto de voc\u00eas para a comunidade LGBTQUIA+? <br><\/strong>Compreendo Salvador possui muitas lacunas que precisam ser preenchidas em rela\u00e7\u00e3o \u00e0 comunidade LGBTQUIA+ e, uma vez na C\u00e2mara Municipal vou estar atenta a todas elas. Mas, tenho como principal proposta a pr\u00e1tica de a\u00e7\u00f5es de incentivo ao trabalho de pessoas trans e travestis em conson\u00e2ncia com programas de est\u00edmulo ao estudo e profissionaliza\u00e7\u00e3o.  <\/p>\n\n\n\n<p><strong>A composi\u00e7\u00e3o da c\u00e2mara de vereadores \u00e9 sempre uma surpresa, mas tradicionalmente elege-se representantes das chamadas bancadas da \u2018bala\u2019, da &#8216;b\u00edblia&#8217; que n\u00e3o costumam ser muito sens\u00edveis \u00e0s demandas da comunidade LGBTQIA; Como voc\u00ea pretende dialogar nesse sentido? <\/strong><br>Estou ciente de que nenhuma mudan\u00e7a ocorre da noite para o dia, at\u00e9 porque sou evang\u00e9lica e sou casada com uma mulher h\u00e1 oito anos. Sei o que \u00e9 transitar por grupos sociais distintos, o que \u00e9 encarar o preconceito sem deixar de propor di\u00e1logo e, ao longo dos anos, tenho visto alguns resistentes, mas tamb\u00e9m tenho visto empatia e o desejo de aprender por parte daqueles que desconhecem o movimento LGBTQIA+. <br> <\/p>\n\n\n\n<p>Na C\u00e2mara dos Vereadores, vou continuar propondo debate e reflex\u00e3o para obten\u00e7\u00e3o de mudan\u00e7as. Eu acredito no di\u00e1logo, nenhuma oposi\u00e7\u00e3o ao que acredito me far\u00e1 virar as costas. N\u00e3o fecharei portas, estou disposta a debater ideias, a conversar, a sugerir. Penso que, desse modo, \u00e9 at\u00e9 poss\u00edvel fazer novos aliados. \u00c9 muito mais proveitosa uma discuss\u00e3o \u2013 ainda que acalorada, a exposi\u00e7\u00e3o civilizada de ideias contr\u00e1rias, do que fazer parte ou incitar mais brigas in\u00fateis. Estarei disposta a lutar, n\u00e3o irei me acovardar, mas meu foco \u00e9 mostrar que o melhor para a cidade \u00e9 o melhor para todas as pessoas que vivem nela; que o conservadorismo, o preconceito e a LGBTfobia n\u00e3o coadunam com esse objetivo e nem mesmo com uma sociedade democr\u00e1tica.<\/p>\n\n\n\n<p><strong>Apesar de se candidatar como candidata LGBTQIA+ caso voc\u00ea ven\u00e7a representar\u00e1 3 milh\u00f5es de soteropolitanos. Quais s\u00e3o suas propostas para o restante da cidade e como pretende lidar com o preconceito? <\/strong><br> H\u00e1 mais de 20 anos tenho sido ativista da causa animal, que \u00e9 uma quest\u00e3o de sa\u00fade p\u00fablica. Mesmo tendo meu trabalho voltado para tal quest\u00e3o n\u00e3o deixo de acompanhar a situa\u00e7\u00e3o de nossa cidade, nas \u00e1reas de educa\u00e7\u00e3o, sa\u00fade e trabalho, por exemplo. Ao percorrer os bairros de nossa cidade na realiza\u00e7\u00e3o de resgates de animais e outras a\u00e7\u00f5es, tenho conhecido os anseios da popula\u00e7\u00e3o e muitas das necessidades das comunidades.  Entre as minhas propostas de campanha est\u00e3o a capacita\u00e7\u00e3o de multiplicadores da educa\u00e7\u00e3o humanit\u00e1ria ambiental, a regulamenta\u00e7\u00e3o do com\u00e9rcio de animais &#8211; pois a falta de normatiza\u00e7\u00f5es \u00e9 que ocasionam situa\u00e7\u00f5es como a dos shih tzus que foram apreendidos pela Pol\u00edcia Rodovi\u00e1ria Federal, caso que ganhou as manchetes locais no m\u00eas de agosto, entre outras.<\/p>\n\n\n\n<p><strong>Como pretende ser a sua atua\u00e7\u00e3o caso seja vereadora de oposi\u00e7\u00e3o ou do governo a depender de quem conquistar a prefeitura?<\/strong><br> Estou me colocando \u00e0 disposi\u00e7\u00e3o das cidad\u00e3s e dos cidad\u00e3os de Salvador. Independentemente de ser base ou oposi\u00e7\u00e3o pretendo legislar, fiscalizar o executivo, implementar projetos e lutar pela aprova\u00e7\u00e3o das propostas que irei apresentar para o bem comum. Vou agir de forma en\u00e9rgica quando for preciso fazer valer o meu papel de vereadora. Como disse antes, a conversa ser\u00e1 sempre o meu primeiro passo em busca do melhor para nossa cidade e para popula\u00e7\u00e3o. De uma coisa estou certa, n\u00e3o me candidatei para ser eleita e formar n\u00famero para essa ou aquela vota\u00e7\u00e3o, para fechar com esse ou aquele interesse. Quero atender as necessidades do munic\u00edpio. Sempre buscarei uma oportunidade para debater, entender as raz\u00f5es, ouvir as justificativas e avaliar consequ\u00eancias referentes aos atos do executivo.<\/p>\n","protected":false},"excerpt":{"rendered":"<p>Patruska Barreiro tem 42 anos, \u00e9 empres\u00e1ria e bacharel em Direito. Em 2016 ela tentou se eleger vereadora em Salvador, mas n\u00e3o foi eleita. Em 2020, [&hellip;]<\/p>\n","protected":false},"author":1,"featured_media":22011,"comment_status":"open","ping_status":"open","sticky":false,"template":"","format":"standard","meta":{"footnotes":""},"categories":[80],"tags":[],"class_list":["post-22010","post","type-post","status-publish","format-standard","has-post-thumbnail","hentry","category-home"],"_links":{"self":[{"href":"https:\/\/blogs.correio24horas.com.br\/mesalte\/wp-json\/wp\/v2\/posts\/22010","targetHints":{"allow":["GET"]}}],"collection":[{"href":"https:\/\/blogs.correio24horas.com.br\/mesalte\/wp-json\/wp\/v2\/posts"}],"about":[{"href":"https:\/\/blogs.correio24horas.com.br\/mesalte\/wp-json\/wp\/v2\/types\/post"}],"author":[{"embeddable":true,"href":"https:\/\/blogs.correio24horas.com.br\/mesalte\/wp-json\/wp\/v2\/users\/1"}],"replies":[{"embeddable":true,"href":"https:\/\/blogs.correio24horas.com.br\/mesalte\/wp-json\/wp\/v2\/comments?post=22010"}],"version-history":[{"count":1,"href":"https:\/\/blogs.correio24horas.com.br\/mesalte\/wp-json\/wp\/v2\/posts\/22010\/revisions"}],"predecessor-version":[{"id":22012,"href":"https:\/\/blogs.correio24horas.com.br\/mesalte\/wp-json\/wp\/v2\/posts\/22010\/revisions\/22012"}],"wp:featuredmedia":[{"embeddable":true,"href":"https:\/\/blogs.correio24horas.com.br\/mesalte\/wp-json\/wp\/v2\/media\/22011"}],"wp:attachment":[{"href":"https:\/\/blogs.correio24horas.com.br\/mesalte\/wp-json\/wp\/v2\/media?parent=22010"}],"wp:term":[{"taxonomy":"category","embeddable":true,"href":"https:\/\/blogs.correio24horas.com.br\/mesalte\/wp-json\/wp\/v2\/categories?post=22010"},{"taxonomy":"post_tag","embeddable":true,"href":"https:\/\/blogs.correio24horas.com.br\/mesalte\/wp-json\/wp\/v2\/tags?post=22010"}],"curies":[{"name":"wp","href":"https:\/\/api.w.org\/{rel}","templated":true}]}}