{"id":22008,"date":"2020-11-06T10:45:22","date_gmt":"2020-11-06T13:45:22","guid":{"rendered":"https:\/\/blogs.correio24horas.com.br\/mesalte\/?p=22008"},"modified":"2020-11-06T11:47:31","modified_gmt":"2020-11-06T14:47:31","slug":"voto-lgbtqia-conheca-as-propostas-de-camila-parker-do-pv","status":"publish","type":"post","link":"https:\/\/blogs.correio24horas.com.br\/mesalte\/voto-lgbtqia-conheca-as-propostas-de-camila-parker-do-pv\/","title":{"rendered":"Voto LGBTQIA+: conhe\u00e7a as propostas de Camila Parker, do PV"},"content":{"rendered":"\n<p>Camila Parker tem 49 anos e estreia nas urnas neste ano como candidata \u00e0 vereadora de Salvador pelo Partido Verde (PV). Camila \u00e9 l\u00edder espiritual e transexual.  Em conversa com o Me Salte, em s\u00e9rie de entrevistas com candidaturas LGBTQIA+, ela explicou quais s\u00e3o suas propostas para a comunidade caso seja eleita. Camila faz shows art\u00edsticos como transformista desde 1999. Em 2001 conquistou o t\u00edtulo de Miss Brasil Gay.   <\/p>\n\n\n\n<p><strong>\u2022    Conte um pouco sobre sua trajet\u00f3ria no movimento LGBTQIA+<\/strong><br> Sou de inf\u00e2ncia humilde, nasci em Mata de S\u00e3o Jo\u00e3o, regi\u00e3o metropolitana de Salvador.  Aos 7 anos fui morar na capital, em um bairro ferrovi\u00e1rio de Salvador, Alto de Coutos, onde moro at\u00e9 hoje.  Aos 16 anos assumi a minha homossexualidade, e assim come\u00e7ou a minha luta pela exist\u00eancia e a milit\u00e2ncia em causas LGBTQIA+.   Come\u00e7ei a trabalhar como vendedora na antiga sapataria da cidade, para ajudar minha fam\u00edlia. Comecei no cen\u00e1rio de shows como transformista em 1999, participando de v\u00e1rias apresenta\u00e7\u00f5es na noite soteropolitana.   Em 2001 conquistei o t\u00edtulo de Miss Brasil Gay, conquista que me deu mais visibilidade como ativista no cen\u00e1rio LGBTQIA+ .  Filha de pais Babalorix\u00e1 e Yalorix\u00e1, tornei-me l\u00edder espiritual aos 29 anos do Il\u00ea As\u00e9 Omin Loci.  Desde cedo luto por uma vida digna e respeit\u00e1vel na cidade de Salvador.<br>   <br><strong> Qual o principal projeto de voc\u00eas para a comunidade LGBTQIA? <\/strong><br> Casa Colorida &#8211;  Cria\u00e7\u00e3o de Institui\u00e7\u00e3o de Longa Perman\u00eancia para pessoas idosas do p\u00fablico LGBTQIA+.<br> Pessoas idosas em situa\u00e7\u00e3o de abandono social.<br> Conforme prev\u00ea a Lei 10.741 (Estatuto do Idoso)<\/p>\n\n\n\n<ul class=\"wp-block-list\"><li>Atendimento psicol\u00f3gico<\/li><li>Refei\u00e7\u00f5es<\/li><li>M\u00e9dico e terapeutas<\/li><li>Acolhimento emocional\/sa\u00fade, com ajuda de fisioterapeutas com atividades voltadas aos idosos.<\/li><\/ul>\n\n\n\n<p>Caminhada da Diversidade<br>\nRevitaliza\u00e7\u00e3o da caminhada LGBTQIA+<br>\nRetomar o verdadeiro proposito que existia e aumentar a visibilidade para a causa. Tornando o evento mais comprometido e respeitado em todo o Brasil. <\/p>\n\n\n\n<p><strong>  A composi\u00e7\u00e3o da c\u00e2mara de vereadores \u00e9 sempre uma surpresa, mas tradicionalmente elege-se representantes das chamadas bancadas da \u2018bala\u2019, da &#8216;b\u00edblia&#8217; que n\u00e3o costumam ser muito sens\u00edveis \u00e0s demandas da comunidade LGBTQIA; Como voc\u00ea pretende dialogar nesse sentido? <\/strong><br> Independente de cren\u00e7as e convic\u00e7\u00f5es, iremos trabalhar mostrando que as nossas diferen\u00e7as, n\u00e3o podem interferir no enfrentamento das quest\u00f5es que venham impactar no desenvolvimento  do nosso trabalho,<br> Convencendo que as causas LGTQIA+,  \u00e9 uma causa humana e que todos tem direito a igualdade e respeito.<\/p>\n\n\n\n<p><strong><br> Apesar de se candidatar como candidate LGBTQIA+ caso voc\u00ea ven\u00e7a, representar\u00e1 3 milh\u00f5es de soteropolitanos. Quais s\u00e3o suas propostas para o restante da cidade e como pretende lidar com o preconceito? <\/strong><br> Desenvolver um estudo minucioso das quest\u00f5es que envolvam as necessidades da  popula\u00e7\u00e3o.<br> \u2022    Educa\u00e7\u00e3o<br> \u2022    Sa\u00fade<br> \u2022    Mercado de trabalho<br> Preconceito sempre vai existir e entendo a capacidade de transformar ele em for\u00e7a e motiva\u00e7\u00e3o para lutar em pro daquilo que acredito e temos direito. <\/p>\n\n\n\n<p><strong> Como pretende ser a sua atua\u00e7\u00e3o caso seja vereadora de oposi\u00e7\u00e3o ou do governo a depender de quem conquistar a prefeitura?<br><\/strong> Buscando um bom di\u00e1logo, trabalhando em pro de um bem comum, tendo em vista que o principal \u00e9 a necessidade da popula\u00e7\u00e3o.<\/p>\n","protected":false},"excerpt":{"rendered":"<p>Camila Parker tem 49 anos e estreia nas urnas neste ano como candidata \u00e0 vereadora de Salvador pelo Partido Verde (PV). Camila \u00e9 l\u00edder espiritual e [&hellip;]<\/p>\n","protected":false},"author":1,"featured_media":22013,"comment_status":"open","ping_status":"open","sticky":false,"template":"","format":"standard","meta":{"footnotes":""},"categories":[80],"tags":[],"class_list":["post-22008","post","type-post","status-publish","format-standard","has-post-thumbnail","hentry","category-home"],"_links":{"self":[{"href":"https:\/\/blogs.correio24horas.com.br\/mesalte\/wp-json\/wp\/v2\/posts\/22008","targetHints":{"allow":["GET"]}}],"collection":[{"href":"https:\/\/blogs.correio24horas.com.br\/mesalte\/wp-json\/wp\/v2\/posts"}],"about":[{"href":"https:\/\/blogs.correio24horas.com.br\/mesalte\/wp-json\/wp\/v2\/types\/post"}],"author":[{"embeddable":true,"href":"https:\/\/blogs.correio24horas.com.br\/mesalte\/wp-json\/wp\/v2\/users\/1"}],"replies":[{"embeddable":true,"href":"https:\/\/blogs.correio24horas.com.br\/mesalte\/wp-json\/wp\/v2\/comments?post=22008"}],"version-history":[{"count":1,"href":"https:\/\/blogs.correio24horas.com.br\/mesalte\/wp-json\/wp\/v2\/posts\/22008\/revisions"}],"predecessor-version":[{"id":22009,"href":"https:\/\/blogs.correio24horas.com.br\/mesalte\/wp-json\/wp\/v2\/posts\/22008\/revisions\/22009"}],"wp:featuredmedia":[{"embeddable":true,"href":"https:\/\/blogs.correio24horas.com.br\/mesalte\/wp-json\/wp\/v2\/media\/22013"}],"wp:attachment":[{"href":"https:\/\/blogs.correio24horas.com.br\/mesalte\/wp-json\/wp\/v2\/media?parent=22008"}],"wp:term":[{"taxonomy":"category","embeddable":true,"href":"https:\/\/blogs.correio24horas.com.br\/mesalte\/wp-json\/wp\/v2\/categories?post=22008"},{"taxonomy":"post_tag","embeddable":true,"href":"https:\/\/blogs.correio24horas.com.br\/mesalte\/wp-json\/wp\/v2\/tags?post=22008"}],"curies":[{"name":"wp","href":"https:\/\/api.w.org\/{rel}","templated":true}]}}