{"id":22002,"date":"2020-11-06T10:35:38","date_gmt":"2020-11-06T13:35:38","guid":{"rendered":"https:\/\/blogs.correio24horas.com.br\/mesalte\/?p=22002"},"modified":"2020-11-06T10:40:16","modified_gmt":"2020-11-06T13:40:16","slug":"vote-lgbtqia-conheca-as-propostas-de-ju-caires-do-psb","status":"publish","type":"post","link":"https:\/\/blogs.correio24horas.com.br\/mesalte\/vote-lgbtqia-conheca-as-propostas-de-ju-caires-do-psb\/","title":{"rendered":"Vote LGBTQIA+: conhe\u00e7a as propostas de Ju Caires, do PSB"},"content":{"rendered":"\n<p>Ju Caires tem 38 anos, \u00e9 advogada e concorre pela primeira vez \u00e0 C\u00e2mara Municipal de Salvador pelo PSB. Por ser uma candidate LGBTQIA foi chamada pelo Me Salte para responder algumas perguntas sobre como pretende atuar em prol da comunidade caso seja eleita. Acompanhe: <\/p>\n\n\n\n<p><strong>Qual sua trajet\u00f3ria no movimento LGBTQIA?<br><\/strong> Como advogada, sempre utilizei de minha profiss\u00e3o como instrumento pol\u00edtico e, ao longo destes 12 anos, defendi causas nas quais pessoas da comunidade LGBTQIA+ foram processadas ou acusadas de forma discriminat\u00f3ria.<\/p>\n\n\n\n<p><strong>Qual seu principal projeto para a comunidade LGBTQIA?<br><\/strong> Nossas principais propostas para a comunidade s\u00e3o:<\/p>\n\n\n\n<ul class=\"wp-block-list\"><li>Apresentar Projeto de Lei para a cria\u00e7\u00e3o de um Fundo Municipal de Inclus\u00e3o e Diversidade; <\/li><li>Apresentar Projeto de Lei para a cria\u00e7\u00e3o da Pol\u00edtica Municipal de Igualdade, Diversidade e Inclus\u00e3o.<\/li><li>Apresentar Projeto de Lei de Igualdade, Diversidade e Inclus\u00e3o, para inclus\u00e3o do ensino de \u201cg\u00eanero, sexualidade, feminismos e antirracismo\u201d no curr\u00edculo obrigat\u00f3rio das escolas municipais de ensino fundamental; sempre envidando esfor\u00e7os para mobilizar a C\u00e2mara de Vereadores para a sua aprova\u00e7\u00e3o de tais proposi\u00e7\u00f5es. <\/li><\/ul>\n\n\n\n<p><strong>Com pretende fazer o di\u00e1logo com as bancadas da \u2018bala\u2019 e da &#8216;b\u00edblia&#8217; sobre demandas da comunidade LGBTQIA caso seja eleita? <br><\/strong> Segundo a cientista pol\u00edtica Ilona Szab\u00f3, \u201cpol\u00edtica n\u00e3o se faz s\u00f3 com quem concorda com voc\u00ea. Se faz construindo consensos m\u00ednimos, buscando aliados que n\u00e3o precisam estar juntos em todas as causas, fazendo mudan\u00e7as incrementais. Toler\u00e2ncia e respeito \u00e0s diferen\u00e7as s\u00e3o a base de qualquer democracia desenvolvida e consolidada\u201d.<\/p>\n\n\n\n<p> Neste sentido, pretendo construir pontes para dialogar com as demais bancadas e juntos   concretizarmos as pol\u00edticas p\u00fablicas que pretendemos implementar. Especialmente com a participa\u00e7\u00e3o da sociedade civil organizada e da opini\u00e3o p\u00fablica.<\/p>\n\n\n\n<p><strong>Propostas para a cidade e enfrentamento ao preconceito?<br><\/strong> Felizmente, na maior parte de minha vida, fui poupada do sofrimento de ser discriminada de forma expl\u00edcita, embora nas poucas situa\u00e7\u00f5es em que tenha ocorrido, sempre me mantive serena em minha dignidade e, por certo, na c\u00e2mara de Salvador, n\u00e3o ser\u00e1 diferente.<\/p>\n\n\n\n<p> Nossas propostas est\u00e3o divididas em 5 eixos tem\u00e1ticos: ser humano, transpar\u00eancia, economia, direito \u00e0 cidade e animais. Desta forma, apresentamos propostas que atendem \u00e0 toda a popula\u00e7\u00e3o, transitando por temas que nos s\u00e3o caros, tais como educa\u00e7\u00e3o, sa\u00fade, meio ambiente e urbaniza\u00e7\u00e3o, direito dos animais e desenvolvimento econ\u00f4mico.<\/p>\n\n\n\n<p><strong>Como ser\u00e1 sua atua\u00e7\u00e3o como vereadore?<br><\/strong> Pretendo fazer uma atua\u00e7\u00e3o transparente e independente, na defesa das pautas apresentadas e dos compromissos p\u00fablicos firmados em campanha.<\/p>\n\n\n\n<p><\/p>\n","protected":false},"excerpt":{"rendered":"<p>Ju Caires tem 38 anos, \u00e9 advogada e concorre pela primeira vez \u00e0 C\u00e2mara Municipal de Salvador pelo PSB. Por ser uma candidate LGBTQIA foi chamada [&hellip;]<\/p>\n","protected":false},"author":1,"featured_media":22003,"comment_status":"open","ping_status":"open","sticky":false,"template":"","format":"standard","meta":{"footnotes":""},"categories":[80],"tags":[],"class_list":["post-22002","post","type-post","status-publish","format-standard","has-post-thumbnail","hentry","category-home"],"_links":{"self":[{"href":"https:\/\/blogs.correio24horas.com.br\/mesalte\/wp-json\/wp\/v2\/posts\/22002","targetHints":{"allow":["GET"]}}],"collection":[{"href":"https:\/\/blogs.correio24horas.com.br\/mesalte\/wp-json\/wp\/v2\/posts"}],"about":[{"href":"https:\/\/blogs.correio24horas.com.br\/mesalte\/wp-json\/wp\/v2\/types\/post"}],"author":[{"embeddable":true,"href":"https:\/\/blogs.correio24horas.com.br\/mesalte\/wp-json\/wp\/v2\/users\/1"}],"replies":[{"embeddable":true,"href":"https:\/\/blogs.correio24horas.com.br\/mesalte\/wp-json\/wp\/v2\/comments?post=22002"}],"version-history":[{"count":3,"href":"https:\/\/blogs.correio24horas.com.br\/mesalte\/wp-json\/wp\/v2\/posts\/22002\/revisions"}],"predecessor-version":[{"id":22007,"href":"https:\/\/blogs.correio24horas.com.br\/mesalte\/wp-json\/wp\/v2\/posts\/22002\/revisions\/22007"}],"wp:featuredmedia":[{"embeddable":true,"href":"https:\/\/blogs.correio24horas.com.br\/mesalte\/wp-json\/wp\/v2\/media\/22003"}],"wp:attachment":[{"href":"https:\/\/blogs.correio24horas.com.br\/mesalte\/wp-json\/wp\/v2\/media?parent=22002"}],"wp:term":[{"taxonomy":"category","embeddable":true,"href":"https:\/\/blogs.correio24horas.com.br\/mesalte\/wp-json\/wp\/v2\/categories?post=22002"},{"taxonomy":"post_tag","embeddable":true,"href":"https:\/\/blogs.correio24horas.com.br\/mesalte\/wp-json\/wp\/v2\/tags?post=22002"}],"curies":[{"name":"wp","href":"https:\/\/api.w.org\/{rel}","templated":true}]}}