{"id":21998,"date":"2020-11-06T10:26:10","date_gmt":"2020-11-06T13:26:10","guid":{"rendered":"https:\/\/blogs.correio24horas.com.br\/mesalte\/?p=21998"},"modified":"2020-11-06T13:29:42","modified_gmt":"2020-11-06T16:29:42","slug":"vote-lgbtqia-conheca-as-propostas-de-fabety-santana-do-podemos","status":"publish","type":"post","link":"https:\/\/blogs.correio24horas.com.br\/mesalte\/vote-lgbtqia-conheca-as-propostas-de-fabety-santana-do-podemos\/","title":{"rendered":"Vote LGBTQUIA: conhe\u00e7a as propostas de Fabety Santana, do Podemos"},"content":{"rendered":"\n<p>Fabety Santana, do Podemos, abre a segunda fase de entrevistas do Me Salte com candidates LGBTQIA+ \u00e0 C\u00e2mara de Vereadores de Salvador. Essa \u00e9 a segunda vez que Fabety concorre. Em 2012 teve 1447 votos. Fabety ganhou visibilidade nacional pela m\u00fasica de <a rel=\"noreferrer noopener\" aria-label=\"pagode Boca de Motor.  (abre numa nova aba)\" href=\"https:\/\/www.facebook.com\/watch\/?v=1152764821520549\" target=\"_blank\">pagode Boca de Motor da banda <\/a>Raghatoni.<\/p>\n\n\n\n<p><strong>Por que voc\u00ea acha que \u00e9 importante ter pessoas LGBTQIA+ como vereador de Salvador?<\/strong><\/p>\n\n\n\n<p>Eu acho que \u00e9 importante sim ter LGBTQIA+ na C\u00e2mara Municipal de Salvador para t\u00e1 defendendo levantando sempre as bandeiras do movimento LGBTQIA+ que fica sempre desamparados perante as Leis e a sociedade, ent\u00e3o temos que ter sim pessoas do movimento LGBTQIA+na C\u00e2mara Municipal de Salvador, para est\u00e1 sempre com os projetos planteando  sempre a favor, buscando a igualdade, o respeito, a valoriza\u00e7\u00e3o da gente, porque n\u00f3s somos seres humano, e merecemos um sim lugar na sociedade.<\/p>\n\n\n\n<p><strong>Por que voc\u00ea acredita que deve ser uma delas?<\/strong><\/p>\n\n\n\n<p>Eu acredito que eu devo ser uma delas, porque eu j\u00e1 tenho um trabalho desenvolvido, sou o organizador da primeira caminhada LGBT da adversidade da Cidade Baixa e bairros de Salvador, e hoje considerada a cidade que mais tem paradas LGBTQIA+ do mundo. E hoje eu me sinto preparado porque j\u00e1 tenho um trabalho n\u00e3o s\u00f3 na \u00e1rea do LGBT como do esporte, da cultura, do lazer, do entretenimento e que fortalecer muito mais ainda o movimento LGBTQIA+.<\/p>\n\n\n\n<p><strong>Conte um pouco da sua trajet\u00f3ria no movimento LGBTQIA+<\/strong><\/p>\n\n\n\n<p>A minha trajet\u00f3ria no movimento LGBTQIA+ n\u00e3o \u00e9 de agora, vem de muitos anos atr\u00e1s. Desde quando eu me assumir, eu comecei a participar das bandas de pagode aqui em Salvador, dos movimentos culturais, dos movimentos musicais e eu sempre levantei a bandeira. Eu sempre levantei o movimento para onde deveria est\u00e1 que \u00e9 ter a voz e vez sempre busquei \u00e1 igualdade, a valoriza\u00e7\u00e3o, o respeito e a diversidade entre os povos.<\/p>\n\n\n\n<p> Eu tamb\u00e9m gostaria de ressaltar que a minha milit\u00e2ncia vem de muitos anos e vem tamb\u00e9m do movimento LGBTQIA+ criado na Cidade Baixa, que \u00e9 a Parada da Adversidade LGBT, criada em 2007. Aonde \u00e9 considerada uma das melhores paradas LGBTQIA+ de Salvador. Aonde agente procura sempre passar (e\u2026) a palavra, a conscientiza\u00e7\u00e3o da igualdade, do respeito e da valoriza\u00e7\u00e3o do nosso movimento LGBTQIA+.<\/p>\n\n\n\n<blockquote class=\"wp-block-quote is-layout-flow wp-block-quote-is-layout-flow\"><p>Voc\u00ea merece votar em Fabety Santana porque Fabety Santana n\u00e3o tem mandato hoje mais ter\u00e1 com voc\u00ea. Porque eu j\u00e1 fa\u00e7o hoje um trabalho social n\u00e3o tenho renda, n\u00e3o tenho riqueza, mas, eu tenho vontade, tenho carinho, tenho respeito das pessoas. E tenho oportunidades dos amigos que me dar para fazer os projetos. Eu sou uma pessoa muito voltada ao trabalho social. Porque eu sou Fabety Santana, a que chega para abalar, eu sou Fabety que vai modificar, \u00e9 renova\u00e7\u00e3o e compromisso, Fabety.<\/p><\/blockquote>\n\n\n\n<p><strong>Apesar de se candidatar como LGBTQIA+ caso voc\u00ea ven\u00e7a representar\u00e1 3 milh\u00f5es de soteropolitanos.  Quais s\u00e3o as suas propostas para restante da cidade e como lidar com e preconceito<\/strong>?<\/p>\n\n\n\n<p>Eu com a minha confian\u00e7a, com a confian\u00e7a da popula\u00e7\u00e3o, serei eleito para sempre buscar a igualdade, o dialogo entre quem for prefeito e quem n\u00e3o for de oposi\u00e7\u00e3o, (sabe porque), porque o bem ele tem que chegar para a popula\u00e7\u00e3o, independente da bandeira que o defenda, mas, o bem ele tem que ser coletivo, n\u00e3o existe o bem comum, o bem tem que valorizado, o bem tem que ser igualado, o bem ele precisa ser modificado no sentido de qu\u00ea, as pessoas venham ter o benef\u00edcio. <\/p>\n\n\n\n<p>A popula\u00e7\u00e3o tem que ser beneficiada independente de \u00e9 do lado (A) ou lado (B), primeiramente nos temos que pensar na popula\u00e7\u00e3o e eu Fabety Santana- Boca de Motor da Bahia, sempre pensei  e pensarei nessa situa\u00e7\u00e3o. A popula\u00e7\u00e3o tem que vir em primeiro lugar, n\u00e3o existe chegar com projeto que venha desvalorizar a popula\u00e7\u00e3o, eu estarei indo contra os meus princ\u00edpios.<br> Eu acho que a igualdade e o respeito tem que prevalecer sempre e a popula\u00e7\u00e3o tem ser valorizada em todos os sentidos.<\/p>\n\n\n\n<p><strong>Tradicionalmente elege-se representantes das chamadas bancadas da &#8220;bala&#8221; e da &#8220;b\u00edblia&#8221; que n\u00e3o costumam ser sens\u00edveis \u00e0s demandas LGBTQIA+.<br> Como voc\u00ea pretende dialogar nesse sentido?<\/strong><\/p>\n\n\n\n<p>Eu pretenderei e pretendo sim, buscar sempre como falo, o di\u00e1logo, o respeito e a valoriza\u00e7\u00e3o do ser humano, Eu costumo sempre dizer que ningu\u00e9m \u00e9 melhor que ningu\u00e9m, nos temos que botar na cabe\u00e7a, que Deus fez o mundo para todo mundo viver, estamos aqui em miss\u00e3o d&#8217;Ele, ent\u00e3o vamos procurar nos termos dos projetos, que eu j\u00e1 tenho em m\u00e3os, j\u00e1 fa\u00e7o sociais, que \u00e9 na \u00e1rea do esporte, na \u00e1rea da cultura do entretenimento e buscar a valoriza\u00e7\u00e3o do pessoal da sa\u00fade, que n\u00e3o est\u00e1 sendo valorizado devidamente, os servidores p\u00fablico, os ambulantes. As pessoas menos favorecidas elas tem que ter voz tem que ter vez, elas tem que ter oportunidade.<\/p>\n\n\n\n<p> Eu estarei l\u00e1 com os meus projetos sempre em busca da valoriza\u00e7\u00e3o deles, em prol dessa sociedade que assim nos sustenta e assim nos faz. Estarei sim buscando o respeito, a igualdade e a valoriza\u00e7\u00e3o do seu humano.<br> Sobre a quest\u00e3o do preconceito isso ai eu tenho que tirar de letra, at\u00e9 porque eu sofro preconceito, sou arbitro de futebol formado da Federa\u00e7\u00e3o Baiana de Futebol, estou aqui para combater qualquer forma de preconceito at\u00e9 porque acho que o preconceito ele tem que passar desapercebido. O que tem que acontecer \u00e9 o projeto  a valoriza\u00e7\u00e3o e a inclus\u00e3o da popula\u00e7\u00e3o na nossa sociedade.<\/p>\n\n\n\n<p><strong>Qual o seu principal projeto para a comunidade LGBTQIA+<\/strong><\/p>\n\n\n\n<p>Eu estou aqui para buscar sempre projetos de valoriza\u00e7\u00e3o, respeito, igualdade e oportunidade. O principal projeto que estarei tamb\u00e9m brigando e lutando \u00e9 a inclus\u00e3o das trans, das mulheres trans, no mercado de trabalho. Porque elas s\u00e3o desvalorizadas elas n\u00e3o tem oportunidade que eu como LGBT como homossexual tenho.<\/p>\n\n\n\n<p> Acho que n\u00f3s devemos brigar, lutar e pedir as cotas tamb\u00e9m para elas. Conhe\u00e7o trans que s\u00e3o formadas, que s\u00e3o advogadas, conhe\u00e7o trans que s\u00e3o profissionais, mais n\u00e3o exercem suas profiss\u00f5es devido a falta de oportunidade e a descrimina\u00e7\u00e3o que existe hoje na sociedade. Ent\u00e3o as trans merecem sim, uma oportunidade no mercado de trabalho e eu estarei lutando para isso.<\/p>\n","protected":false},"excerpt":{"rendered":"<p>Fabety Santana, do Podemos, abre a segunda fase de entrevistas do Me Salte com candidates LGBTQIA+ \u00e0 C\u00e2mara de Vereadores de Salvador. Essa \u00e9 a segunda [&hellip;]<\/p>\n","protected":false},"author":1,"featured_media":22000,"comment_status":"open","ping_status":"open","sticky":false,"template":"","format":"standard","meta":{"footnotes":""},"categories":[80],"tags":[],"class_list":["post-21998","post","type-post","status-publish","format-standard","has-post-thumbnail","hentry","category-home"],"_links":{"self":[{"href":"https:\/\/blogs.correio24horas.com.br\/mesalte\/wp-json\/wp\/v2\/posts\/21998","targetHints":{"allow":["GET"]}}],"collection":[{"href":"https:\/\/blogs.correio24horas.com.br\/mesalte\/wp-json\/wp\/v2\/posts"}],"about":[{"href":"https:\/\/blogs.correio24horas.com.br\/mesalte\/wp-json\/wp\/v2\/types\/post"}],"author":[{"embeddable":true,"href":"https:\/\/blogs.correio24horas.com.br\/mesalte\/wp-json\/wp\/v2\/users\/1"}],"replies":[{"embeddable":true,"href":"https:\/\/blogs.correio24horas.com.br\/mesalte\/wp-json\/wp\/v2\/comments?post=21998"}],"version-history":[{"count":3,"href":"https:\/\/blogs.correio24horas.com.br\/mesalte\/wp-json\/wp\/v2\/posts\/21998\/revisions"}],"predecessor-version":[{"id":22014,"href":"https:\/\/blogs.correio24horas.com.br\/mesalte\/wp-json\/wp\/v2\/posts\/21998\/revisions\/22014"}],"wp:featuredmedia":[{"embeddable":true,"href":"https:\/\/blogs.correio24horas.com.br\/mesalte\/wp-json\/wp\/v2\/media\/22000"}],"wp:attachment":[{"href":"https:\/\/blogs.correio24horas.com.br\/mesalte\/wp-json\/wp\/v2\/media?parent=21998"}],"wp:term":[{"taxonomy":"category","embeddable":true,"href":"https:\/\/blogs.correio24horas.com.br\/mesalte\/wp-json\/wp\/v2\/categories?post=21998"},{"taxonomy":"post_tag","embeddable":true,"href":"https:\/\/blogs.correio24horas.com.br\/mesalte\/wp-json\/wp\/v2\/tags?post=21998"}],"curies":[{"name":"wp","href":"https:\/\/api.w.org\/{rel}","templated":true}]}}