{"id":21988,"date":"2020-10-30T22:43:19","date_gmt":"2020-10-31T01:43:19","guid":{"rendered":"https:\/\/blogs.correio24horas.com.br\/mesalte\/?p=21988"},"modified":"2020-10-30T22:43:21","modified_gmt":"2020-10-31T01:43:21","slug":"voto-lgbtquia-reveja-entrevista-com-leo-kret-do-dem","status":"publish","type":"post","link":"https:\/\/blogs.correio24horas.com.br\/mesalte\/voto-lgbtquia-reveja-entrevista-com-leo-kret-do-dem\/","title":{"rendered":"Voto LGBTQUIA: reveja entrevista com L\u00e9o Kret, do DEM"},"content":{"rendered":"\n<p>A dan\u00e7arina, mulher trans e ex-vereadora de Salvador L\u00e9o Kret foi a pen\u00faltima entrevistada da s\u00e9rie de entrevistas ao vivo no Me Salte com candidates \u00e0 C\u00e2mara Municipal de Salvador. <a href=\"https:\/\/www.instagram.com\/p\/CG_IQsPFaIE\/\">Reveja a entrevista na \u00edntegra. <\/a><\/p>\n\n\n\n<figure class=\"wp-block-image\"><img loading=\"lazy\" decoding=\"async\" width=\"899\" height=\"1024\" src=\"https:\/\/blogs.correio24h.com.br\/mesalte\/wp-content\/uploads\/2020\/10\/LEO-KRET-899x1024.jpg\" alt=\"\" class=\"wp-image-21990\" srcset=\"https:\/\/blogs.correio24h.com.br\/mesalte\/wp-content\/uploads\/2020\/10\/LEO-KRET-899x1024.jpg 899w, https:\/\/blogs.correio24h.com.br\/mesalte\/wp-content\/uploads\/2020\/10\/LEO-KRET-263x300.jpg 263w, https:\/\/blogs.correio24h.com.br\/mesalte\/wp-content\/uploads\/2020\/10\/LEO-KRET-768x875.jpg 768w, https:\/\/blogs.correio24h.com.br\/mesalte\/wp-content\/uploads\/2020\/10\/LEO-KRET-128x146.jpg 128w, https:\/\/blogs.correio24h.com.br\/mesalte\/wp-content\/uploads\/2020\/10\/LEO-KRET-44x50.jpg 44w, https:\/\/blogs.correio24h.com.br\/mesalte\/wp-content\/uploads\/2020\/10\/LEO-KRET-66x75.jpg 66w, https:\/\/blogs.correio24h.com.br\/mesalte\/wp-content\/uploads\/2020\/10\/LEO-KRET.jpg 1124w\" sizes=\"auto, (max-width: 899px) 100vw, 899px\" \/><\/figure>\n","protected":false},"excerpt":{"rendered":"<p>A dan\u00e7arina, mulher trans e ex-vereadora de Salvador L\u00e9o Kret foi a pen\u00faltima entrevistada da s\u00e9rie de entrevistas ao vivo no Me Salte com candidates \u00e0 [&hellip;]<\/p>\n","protected":false},"author":1,"featured_media":21989,"comment_status":"open","ping_status":"open","sticky":false,"template":"","format":"standard","meta":{"footnotes":""},"categories":[80],"tags":[],"class_list":["post-21988","post","type-post","status-publish","format-standard","has-post-thumbnail","hentry","category-home"],"_links":{"self":[{"href":"https:\/\/blogs.correio24horas.com.br\/mesalte\/wp-json\/wp\/v2\/posts\/21988","targetHints":{"allow":["GET"]}}],"collection":[{"href":"https:\/\/blogs.correio24horas.com.br\/mesalte\/wp-json\/wp\/v2\/posts"}],"about":[{"href":"https:\/\/blogs.correio24horas.com.br\/mesalte\/wp-json\/wp\/v2\/types\/post"}],"author":[{"embeddable":true,"href":"https:\/\/blogs.correio24horas.com.br\/mesalte\/wp-json\/wp\/v2\/users\/1"}],"replies":[{"embeddable":true,"href":"https:\/\/blogs.correio24horas.com.br\/mesalte\/wp-json\/wp\/v2\/comments?post=21988"}],"version-history":[{"count":1,"href":"https:\/\/blogs.correio24horas.com.br\/mesalte\/wp-json\/wp\/v2\/posts\/21988\/revisions"}],"predecessor-version":[{"id":21991,"href":"https:\/\/blogs.correio24horas.com.br\/mesalte\/wp-json\/wp\/v2\/posts\/21988\/revisions\/21991"}],"wp:featuredmedia":[{"embeddable":true,"href":"https:\/\/blogs.correio24horas.com.br\/mesalte\/wp-json\/wp\/v2\/media\/21989"}],"wp:attachment":[{"href":"https:\/\/blogs.correio24horas.com.br\/mesalte\/wp-json\/wp\/v2\/media?parent=21988"}],"wp:term":[{"taxonomy":"category","embeddable":true,"href":"https:\/\/blogs.correio24horas.com.br\/mesalte\/wp-json\/wp\/v2\/categories?post=21988"},{"taxonomy":"post_tag","embeddable":true,"href":"https:\/\/blogs.correio24horas.com.br\/mesalte\/wp-json\/wp\/v2\/tags?post=21988"}],"curies":[{"name":"wp","href":"https:\/\/api.w.org\/{rel}","templated":true}]}}