{"id":21968,"date":"2020-10-29T21:32:56","date_gmt":"2020-10-30T00:32:56","guid":{"rendered":"https:\/\/blogs.correio24horas.com.br\/mesalte\/?p=21968"},"modified":"2020-10-29T21:36:50","modified_gmt":"2020-10-30T00:36:50","slug":"voto-lgbtquia-reveja-entrevista-com-rosy-silva-do-pdt","status":"publish","type":"post","link":"https:\/\/blogs.correio24horas.com.br\/mesalte\/voto-lgbtquia-reveja-entrevista-com-rosy-silva-do-pdt\/","title":{"rendered":"Voto LGBTQUIA+: reveja entrevista com Rosy Silva, do PDT"},"content":{"rendered":"\n<p>A ativista Rosy Silva, do PDT, foi a s\u00e9tima entrevistada da s\u00e9rie do Me Salte, no Instagram, com candidaturas LGBTQUIA+ \u00e0 C\u00e2mara de Salvador. Clique aqui e reveja a entrevista. <\/p>\n\n\n\n<figure class=\"wp-block-image\"><img loading=\"lazy\" decoding=\"async\" width=\"507\" height=\"770\" src=\"https:\/\/blogs.correio24h.com.br\/mesalte\/wp-content\/uploads\/2020\/10\/ROSY-SILMA.jpg\" alt=\"\" class=\"wp-image-21969\" srcset=\"https:\/\/blogs.correio24h.com.br\/mesalte\/wp-content\/uploads\/2020\/10\/ROSY-SILMA.jpg 507w, https:\/\/blogs.correio24h.com.br\/mesalte\/wp-content\/uploads\/2020\/10\/ROSY-SILMA-198x300.jpg 198w, https:\/\/blogs.correio24h.com.br\/mesalte\/wp-content\/uploads\/2020\/10\/ROSY-SILMA-96x146.jpg 96w, https:\/\/blogs.correio24h.com.br\/mesalte\/wp-content\/uploads\/2020\/10\/ROSY-SILMA-33x50.jpg 33w, https:\/\/blogs.correio24h.com.br\/mesalte\/wp-content\/uploads\/2020\/10\/ROSY-SILMA-49x75.jpg 49w\" sizes=\"auto, (max-width: 507px) 100vw, 507px\" \/><\/figure>\n\n\n\n<p>Confira as pr\u00f3ximas entrevistas <\/p>\n\n\n\n<p><strong>30 de outubro\u00a0<br>20h \u00a0L\u00e9o Kret (DEM)<\/strong><br>\u201c\u00c9 importante ter esse espa\u00e7o para os candidatos LGBTQIA+ se exporem. As pessoas est\u00e3o se encorajando a entrar de cabe\u00e7a nessa luta. Com a mente aberta, as pessoas entendem que somos seres humanos e quanto mais apoio conseguirmos, mais a luta cresce e fica a esperan\u00e7a de um dia acabar com o preconceito e discrimina\u00e7\u00e3o. Temos bons projetos de lei, mas falta fiscaliza\u00e7\u00e3o e encaminhamento para que esses projetos possam realmente sair do papel\u201d.<\/p>\n\n\n\n<figure class=\"wp-block-image\"><img loading=\"lazy\" decoding=\"async\" width=\"1024\" height=\"1024\" src=\"https:\/\/blogs.correio24h.com.br\/mesalte\/wp-content\/uploads\/2020\/10\/card-leo-kret-feed-1-1024x1024.png\" alt=\"\" class=\"wp-image-21885\" srcset=\"https:\/\/blogs.correio24h.com.br\/mesalte\/wp-content\/uploads\/2020\/10\/card-leo-kret-feed-1-1024x1024.png 1024w, https:\/\/blogs.correio24h.com.br\/mesalte\/wp-content\/uploads\/2020\/10\/card-leo-kret-feed-1-150x150.png 150w, https:\/\/blogs.correio24h.com.br\/mesalte\/wp-content\/uploads\/2020\/10\/card-leo-kret-feed-1-300x300.png 300w, https:\/\/blogs.correio24h.com.br\/mesalte\/wp-content\/uploads\/2020\/10\/card-leo-kret-feed-1-768x768.png 768w, https:\/\/blogs.correio24h.com.br\/mesalte\/wp-content\/uploads\/2020\/10\/card-leo-kret-feed-1-146x146.png 146w, https:\/\/blogs.correio24h.com.br\/mesalte\/wp-content\/uploads\/2020\/10\/card-leo-kret-feed-1-50x50.png 50w, https:\/\/blogs.correio24h.com.br\/mesalte\/wp-content\/uploads\/2020\/10\/card-leo-kret-feed-1-1200x1200.png 1200w, https:\/\/blogs.correio24h.com.br\/mesalte\/wp-content\/uploads\/2020\/10\/card-leo-kret-feed-1-80x80.png 80w, https:\/\/blogs.correio24h.com.br\/mesalte\/wp-content\/uploads\/2020\/10\/card-leo-kret-feed-1-75x75.png 75w, https:\/\/blogs.correio24h.com.br\/mesalte\/wp-content\/uploads\/2020\/10\/card-leo-kret-feed-1-85x85.png 85w, https:\/\/blogs.correio24h.com.br\/mesalte\/wp-content\/uploads\/2020\/10\/card-leo-kret-feed-1.png 1280w\" sizes=\"auto, (max-width: 1024px) 100vw, 1024px\" \/><\/figure>\n\n\n\n<p><strong>20h30 &nbsp;Renatona (Pros)<\/strong><br>\u201cN\u00f3s que somos discriminados sempre vamos chegar para mudar a C\u00e2mara de Vereadores que s\u00f3 tem h\u00e9teros que n\u00e3o fazem nada por n\u00f3s. Queremos mudar e lutar por todos n\u00f3s, por isso \u00e9 importante que esse espa\u00e7o seja dado para que a gente possa expor nossas ideias\u201d.<\/p>\n\n\n\n<figure class=\"wp-block-image\"><img loading=\"lazy\" decoding=\"async\" width=\"1024\" height=\"1024\" src=\"https:\/\/blogs.correio24h.com.br\/mesalte\/wp-content\/uploads\/2020\/10\/card-renatona-feed-1-1024x1024.png\" alt=\"\" class=\"wp-image-21888\" srcset=\"https:\/\/blogs.correio24h.com.br\/mesalte\/wp-content\/uploads\/2020\/10\/card-renatona-feed-1-1024x1024.png 1024w, https:\/\/blogs.correio24h.com.br\/mesalte\/wp-content\/uploads\/2020\/10\/card-renatona-feed-1-150x150.png 150w, https:\/\/blogs.correio24h.com.br\/mesalte\/wp-content\/uploads\/2020\/10\/card-renatona-feed-1-300x300.png 300w, https:\/\/blogs.correio24h.com.br\/mesalte\/wp-content\/uploads\/2020\/10\/card-renatona-feed-1-768x768.png 768w, https:\/\/blogs.correio24h.com.br\/mesalte\/wp-content\/uploads\/2020\/10\/card-renatona-feed-1-146x146.png 146w, https:\/\/blogs.correio24h.com.br\/mesalte\/wp-content\/uploads\/2020\/10\/card-renatona-feed-1-50x50.png 50w, https:\/\/blogs.correio24h.com.br\/mesalte\/wp-content\/uploads\/2020\/10\/card-renatona-feed-1-1200x1200.png 1200w, https:\/\/blogs.correio24h.com.br\/mesalte\/wp-content\/uploads\/2020\/10\/card-renatona-feed-1-80x80.png 80w, https:\/\/blogs.correio24h.com.br\/mesalte\/wp-content\/uploads\/2020\/10\/card-renatona-feed-1-75x75.png 75w, https:\/\/blogs.correio24h.com.br\/mesalte\/wp-content\/uploads\/2020\/10\/card-renatona-feed-1-85x85.png 85w, https:\/\/blogs.correio24h.com.br\/mesalte\/wp-content\/uploads\/2020\/10\/card-renatona-feed-1.png 1280w\" sizes=\"auto, (max-width: 1024px) 100vw, 1024px\" \/><\/figure>\n\n\n\n<p><strong>CORREIO nas Elei\u00e7\u00f5es 2020:<\/strong><br>Em 2020, o jornal CORREIO tem ampla cobertura sobre as elei\u00e7\u00f5es na Bahia em diversas plataformas. Veja algumas a\u00e7\u00f5es:<br><strong>\u2013 Jornal Impresso: C<\/strong>obertura di\u00e1ria sobre as elei\u00e7\u00f5es em Salvador, interior da Bahia e principais cidades do Brasil.&nbsp;<br>\u2013&nbsp;<strong>Sabatina com os candidatos: D<\/strong>e 19 a 23 de outubro, o Correio realizou entrevistas com candidatos e candidatas \u00e0 Prefeitura de Salvador com transmiss\u00e3o no Youtube, Facebook e Instagram.&nbsp;<br>\u2013&nbsp;<strong>Vozes da comunidade<\/strong>: Especial de v\u00eddeos colaborativos de jornalismo cidad\u00e3o com as necessidades espec\u00edficas dos moradores dos 170 bairros de Salvador, representados pelas 19 zonas eleitorais da cidade; estreia em novembro.<br>\u2013&nbsp;<strong>Guia do Voto<\/strong>: Tudo que voc\u00ea precisa saber sobre as elei\u00e7\u00f5es est\u00e1 sendo postado nas redes sociais do jornal \u2013 WhatsApp, Instagram, Tik Tok, Facebook e Twitter. Siga @correio24horas.<br>\u2013&nbsp;<strong>Podcast<\/strong>: O que a Bahia Quer Saber, por Vitor Villar. A cobertura completa das elei\u00e7\u00f5es no interior do Estado.<\/p>\n\n\n<p><!--EndFragment--><br>\n<br>\n<\/p>","protected":false},"excerpt":{"rendered":"<p>A ativista Rosy Silva, do PDT, foi a s\u00e9tima entrevistada da s\u00e9rie do Me Salte, no Instagram, com candidaturas LGBTQUIA+ \u00e0 C\u00e2mara de Salvador. Clique aqui [&hellip;]<\/p>\n","protected":false},"author":1,"featured_media":21970,"comment_status":"open","ping_status":"open","sticky":false,"template":"","format":"standard","meta":{"footnotes":""},"categories":[80],"tags":[],"class_list":["post-21968","post","type-post","status-publish","format-standard","has-post-thumbnail","hentry","category-home"],"_links":{"self":[{"href":"https:\/\/blogs.correio24horas.com.br\/mesalte\/wp-json\/wp\/v2\/posts\/21968","targetHints":{"allow":["GET"]}}],"collection":[{"href":"https:\/\/blogs.correio24horas.com.br\/mesalte\/wp-json\/wp\/v2\/posts"}],"about":[{"href":"https:\/\/blogs.correio24horas.com.br\/mesalte\/wp-json\/wp\/v2\/types\/post"}],"author":[{"embeddable":true,"href":"https:\/\/blogs.correio24horas.com.br\/mesalte\/wp-json\/wp\/v2\/users\/1"}],"replies":[{"embeddable":true,"href":"https:\/\/blogs.correio24horas.com.br\/mesalte\/wp-json\/wp\/v2\/comments?post=21968"}],"version-history":[{"count":2,"href":"https:\/\/blogs.correio24horas.com.br\/mesalte\/wp-json\/wp\/v2\/posts\/21968\/revisions"}],"predecessor-version":[{"id":21972,"href":"https:\/\/blogs.correio24horas.com.br\/mesalte\/wp-json\/wp\/v2\/posts\/21968\/revisions\/21972"}],"wp:featuredmedia":[{"embeddable":true,"href":"https:\/\/blogs.correio24horas.com.br\/mesalte\/wp-json\/wp\/v2\/media\/21970"}],"wp:attachment":[{"href":"https:\/\/blogs.correio24horas.com.br\/mesalte\/wp-json\/wp\/v2\/media?parent=21968"}],"wp:term":[{"taxonomy":"category","embeddable":true,"href":"https:\/\/blogs.correio24horas.com.br\/mesalte\/wp-json\/wp\/v2\/categories?post=21968"},{"taxonomy":"post_tag","embeddable":true,"href":"https:\/\/blogs.correio24horas.com.br\/mesalte\/wp-json\/wp\/v2\/tags?post=21968"}],"curies":[{"name":"wp","href":"https:\/\/api.w.org\/{rel}","templated":true}]}}