{"id":21965,"date":"2020-10-29T19:47:30","date_gmt":"2020-10-29T22:47:30","guid":{"rendered":"https:\/\/blogs.correio24horas.com.br\/mesalte\/?p=21965"},"modified":"2020-10-29T19:47:32","modified_gmt":"2020-10-29T22:47:32","slug":"representatividade-trans-nas-artes-e-tema-de-seminario-na-ufba","status":"publish","type":"post","link":"https:\/\/blogs.correio24horas.com.br\/mesalte\/representatividade-trans-nas-artes-e-tema-de-seminario-na-ufba\/","title":{"rendered":"Representatividade trans nas artes \u00e9 tema de semin\u00e1rio na UFBA"},"content":{"rendered":"\n<p>A segunda edi\u00e7\u00e3o do semin\u00e1rio DESMONTE ocorre nos dias 29 e 30 de outubro de 2020, de maneira online e gratuita, com especialistas e artistas do nordeste e do sudeste do Brasil. S\u00e3o diversas sess\u00f5es ao longo dos dois dias, com in\u00edcio \u00e0s 9h e t\u00e9rmino \u00e0s 21h30. <\/p>\n\n\n\n<p> Para acompanhar as atividades basta acessar o canal do DESMONTE no Youtube: bit.ly\/33HQLfS . N\u00e3o \u00e9 necess\u00e1rio realizar inscri\u00e7\u00f5es. A programa\u00e7\u00e3o conta com plano de acessibilidade para pessoas com defici\u00eancias visuais e auditivas.<\/p>\n\n\n\n<p>O pesquisador, artista, ativista e um dos criadores do evento, Ian Habib, defende que o DESMONTE \u00e9 tamb\u00e9m uma pol\u00edtica de a\u00e7\u00e3o afirmativa e perman\u00eancia para a popula\u00e7\u00e3o trans discente, por \u201cpromover visibilidade e representatividade como pol\u00edtica coletiva, por apagar fronteiras entre sujeito\/objeto de pesquisa e por tentar eliminar desigualdades hist\u00f3ricas, (re)escrever hist\u00f3rias e reparar perdas causadas pela marginaliza\u00e7\u00e3o.\u201d<\/p>\n\n\n\n<p>Link do canal de transmiss\u00e3o no Youtube <\/p>\n\n\n\n<p>Programa\u00e7\u00e3o completa:<\/p>\n\n\n\n<p>29\/10<br>\nAbertura 9h \u2013 10h00<br>\nProf. Me. J\u00falio Sanches (NUCUS)<br>\nPesquisador Prof. Ian Habib (DESMONTE)<br>\nProfa. Dra. Izaura Cruz (PROAE)<br>\nProfa. Dra. Fabiana Britto (PROEXT)<\/p>\n\n\n\n<p>Mesa de Abertura: Feminismos e representatividades<\/p>\n\n\n\n<p>10h \u2013 12h<br>\nDra. Rasbeca Quincu\u00ea (UFBA) \u2013 Mediadora <br>\nProf. Dra. Joice Aglae (UFBA)<br>\nProf. Dra. Luciana Lyra (UERJ)<br>\nProf. Dra. Maria Br\u00edgida (UDESC)<br>\nColetivo Gapa<\/p>\n\n\n\n<p>Apresenta\u00e7\u00e3o Art\u00edstica: 12:00h \u2013 12:10h<\/p>\n\n\n\n<p>Mesa: Tradi\u00e7\u00f5es de matrizes africanas e pr\u00e1ticas de cuidado: artes, g\u00eaneros e sexualidades<br>\n14h30-16h30 <br>\nMe. Claudenilson Dias (UFBA) \u2013 Mediador<br>\nSaulo Almeida (USP)<br>\nJoao Petronilio (UFBA)<br>\nLuke Yemonja Banke (IBRAT\/FONATRANS)<br>\nDirce Meire Neves Novais (Fam\u00edlias Pela Diversidade)<\/p>\n\n\n\n<p>Apresenta\u00e7\u00e3o Art\u00edstica: 17h \u2013 17:20h<\/p>\n\n\n\n<p>Mesa: Representatividade Trans nas Artes I: O transfake no Brasil 18h \u2013 21h<br>\nProf. Ian Habib (UFBA) \u2013 Fala de abertura e media\u00e7\u00e3o<br>\nProfa. Dra. Dodi Leal (UFSB)<br>\nProf. Dr. Djalma Thurler (UFBA)<br>\nMarcelo Praddo (Salvador)<br>\nProfa. Sara Wagner York (UERJ)<br>\nRenata Carvalho (MONART)<br>\nDaniel Veiga (CATS\/SP ESCOLA TEATRO)<br>\nYuna Vit\u00f3ria (COLETIVO TSUNAMI TRAVESTI)<\/p>\n\n\n\n<p>Apresenta\u00e7\u00e3o Art\u00edstica: 21h \u2013 21:30h<\/p>\n\n\n\n<p>30\/10<br>\nMesa: Representatividade Trans nas Artes II: O transfake, epistemologias trans e as pol\u00edticas de empregabilidade cultural<br>\n9h-12h<br>\nXan Mar\u00e7all (UFBA\/DASLILITHS) &#8211; Mediadora<br>\nMarina Mathey (MONART\/MARSHA!)<br>\nAury Porto (Mundana Companhia)<br>\nLeo Moreira S\u00e1 (CATS)<br>\nRenata Carvalho (MONART)<br>\nNunyara Teles (TSUNAMI TRAVESTI)<\/p>\n\n\n\n<p>Apresenta\u00e7\u00e3o Art\u00edstica: 12h \u2013 12:30h<\/p>\n\n\n\n<p>Mesa: Propostas Anti-coloniais: Corpos, Artes e Educa\u00e7\u00e3o<br>\n14h30-16h30 <br>\nProf. Me. J\u00falio Sanches &#8211; Mediador<br>\nDra. Mestra Janja (UFBA)<br>\nProfa. Dra. L\u00e9a Santana (UFBA)<br>\nProfa. Ma. Let\u00edcia Carolina (UFPI)<br>\nOmar Mareco (Paraguay)<\/p>\n\n\n\n<p>Lan\u00e7amento de Livros 17h-18h<\/p>\n\n\n\n<p>Mesa: Ativismos e Artivismos<br>\n18h30-21h30 <br>\nProf. Dr. Leandro Colling (UFBA) \u2013 Mediador<br>\nMe. Ramon Fontes (UFBA)<br>\nEstela Lapponi <br>\nPrincesa Ricardo Marinelli (UNESPAR-FAP)<br>\nProf. Dra. B\u00e1rbara Carine e Cristiane Coelho (UFBA\/Escolinha Maria Felipa)<br>\nDra. Dora Santana (NY\/CUNY)<\/p>\n\n\n\n<p>Fechamento (Festa): DJ Aleixo (REPROTAI) + BallRoom DESMONTE<\/p>\n\n\n\n<p><\/p>\n","protected":false},"excerpt":{"rendered":"<p>A segunda edi\u00e7\u00e3o do semin\u00e1rio DESMONTE ocorre nos dias 29 e 30 de outubro de 2020, de maneira online e gratuita, com especialistas e artistas do [&hellip;]<\/p>\n","protected":false},"author":1,"featured_media":21966,"comment_status":"open","ping_status":"open","sticky":false,"template":"","format":"standard","meta":{"footnotes":""},"categories":[80],"tags":[],"class_list":["post-21965","post","type-post","status-publish","format-standard","has-post-thumbnail","hentry","category-home"],"_links":{"self":[{"href":"https:\/\/blogs.correio24horas.com.br\/mesalte\/wp-json\/wp\/v2\/posts\/21965","targetHints":{"allow":["GET"]}}],"collection":[{"href":"https:\/\/blogs.correio24horas.com.br\/mesalte\/wp-json\/wp\/v2\/posts"}],"about":[{"href":"https:\/\/blogs.correio24horas.com.br\/mesalte\/wp-json\/wp\/v2\/types\/post"}],"author":[{"embeddable":true,"href":"https:\/\/blogs.correio24horas.com.br\/mesalte\/wp-json\/wp\/v2\/users\/1"}],"replies":[{"embeddable":true,"href":"https:\/\/blogs.correio24horas.com.br\/mesalte\/wp-json\/wp\/v2\/comments?post=21965"}],"version-history":[{"count":1,"href":"https:\/\/blogs.correio24horas.com.br\/mesalte\/wp-json\/wp\/v2\/posts\/21965\/revisions"}],"predecessor-version":[{"id":21967,"href":"https:\/\/blogs.correio24horas.com.br\/mesalte\/wp-json\/wp\/v2\/posts\/21965\/revisions\/21967"}],"wp:featuredmedia":[{"embeddable":true,"href":"https:\/\/blogs.correio24horas.com.br\/mesalte\/wp-json\/wp\/v2\/media\/21966"}],"wp:attachment":[{"href":"https:\/\/blogs.correio24horas.com.br\/mesalte\/wp-json\/wp\/v2\/media?parent=21965"}],"wp:term":[{"taxonomy":"category","embeddable":true,"href":"https:\/\/blogs.correio24horas.com.br\/mesalte\/wp-json\/wp\/v2\/categories?post=21965"},{"taxonomy":"post_tag","embeddable":true,"href":"https:\/\/blogs.correio24horas.com.br\/mesalte\/wp-json\/wp\/v2\/tags?post=21965"}],"curies":[{"name":"wp","href":"https:\/\/api.w.org\/{rel}","templated":true}]}}