{"id":21962,"date":"2020-10-29T19:39:10","date_gmt":"2020-10-29T22:39:10","guid":{"rendered":"https:\/\/blogs.correio24horas.com.br\/mesalte\/?p=21962"},"modified":"2020-10-29T19:39:12","modified_gmt":"2020-10-29T22:39:12","slug":"grupo-san-sebastian-anuncia-pre-reveillon-do-rio-de-janeiro","status":"publish","type":"post","link":"https:\/\/blogs.correio24horas.com.br\/mesalte\/grupo-san-sebastian-anuncia-pre-reveillon-do-rio-de-janeiro\/","title":{"rendered":"Grupo San Sebastian anuncia pr\u00e9-R\u00e9veillon do Rio de Janeiro"},"content":{"rendered":"\n<p>O Grupo San Sebastian acaba de confirmar que o pr\u00e9-R\u00e9veillon do Rio de Janeiro est\u00e1 garantido, nos dias 28 e 29 de dezembro. A empresa baiana \u00e9 respons\u00e1vel por alguns dos maiores eventos do Brasil nos \u00faltimos anos anunciou nesta quinta-feira (29) que far\u00e1 o evento seguindo os protocolos da Organiza\u00e7\u00e3o Mundial da Sa\u00fade. <\/p>\n\n\n\n<p>Ser\u00e3o dois artistas de peso, em dois dias de festa, em local ainda a ser divulgado. Mais detalhes ser\u00e3o informados em breve, respeitando o momento e as adapta\u00e7\u00f5es necess\u00e1rias.<\/p>\n","protected":false},"excerpt":{"rendered":"<p>O Grupo San Sebastian acaba de confirmar que o pr\u00e9-R\u00e9veillon do Rio de Janeiro est\u00e1 garantido, nos dias 28 e 29 de dezembro. A empresa baiana [&hellip;]<\/p>\n","protected":false},"author":1,"featured_media":21963,"comment_status":"open","ping_status":"open","sticky":false,"template":"","format":"standard","meta":{"footnotes":""},"categories":[80],"tags":[],"class_list":["post-21962","post","type-post","status-publish","format-standard","has-post-thumbnail","hentry","category-home"],"_links":{"self":[{"href":"https:\/\/blogs.correio24horas.com.br\/mesalte\/wp-json\/wp\/v2\/posts\/21962","targetHints":{"allow":["GET"]}}],"collection":[{"href":"https:\/\/blogs.correio24horas.com.br\/mesalte\/wp-json\/wp\/v2\/posts"}],"about":[{"href":"https:\/\/blogs.correio24horas.com.br\/mesalte\/wp-json\/wp\/v2\/types\/post"}],"author":[{"embeddable":true,"href":"https:\/\/blogs.correio24horas.com.br\/mesalte\/wp-json\/wp\/v2\/users\/1"}],"replies":[{"embeddable":true,"href":"https:\/\/blogs.correio24horas.com.br\/mesalte\/wp-json\/wp\/v2\/comments?post=21962"}],"version-history":[{"count":1,"href":"https:\/\/blogs.correio24horas.com.br\/mesalte\/wp-json\/wp\/v2\/posts\/21962\/revisions"}],"predecessor-version":[{"id":21964,"href":"https:\/\/blogs.correio24horas.com.br\/mesalte\/wp-json\/wp\/v2\/posts\/21962\/revisions\/21964"}],"wp:featuredmedia":[{"embeddable":true,"href":"https:\/\/blogs.correio24horas.com.br\/mesalte\/wp-json\/wp\/v2\/media\/21963"}],"wp:attachment":[{"href":"https:\/\/blogs.correio24horas.com.br\/mesalte\/wp-json\/wp\/v2\/media?parent=21962"}],"wp:term":[{"taxonomy":"category","embeddable":true,"href":"https:\/\/blogs.correio24horas.com.br\/mesalte\/wp-json\/wp\/v2\/categories?post=21962"},{"taxonomy":"post_tag","embeddable":true,"href":"https:\/\/blogs.correio24horas.com.br\/mesalte\/wp-json\/wp\/v2\/tags?post=21962"}],"curies":[{"name":"wp","href":"https:\/\/api.w.org\/{rel}","templated":true}]}}