{"id":21947,"date":"2020-10-28T15:52:56","date_gmt":"2020-10-28T18:52:56","guid":{"rendered":"https:\/\/blogs.correio24horas.com.br\/mesalte\/?p=21947"},"modified":"2020-10-28T15:52:57","modified_gmt":"2020-10-28T18:52:57","slug":"musical-nau-promove-debate-sobre-genero-no-youtube-sabado-31","status":"publish","type":"post","link":"https:\/\/blogs.correio24horas.com.br\/mesalte\/musical-nau-promove-debate-sobre-genero-no-youtube-sabado-31\/","title":{"rendered":"Musical NAU promove debate sobre g\u00eanero no YouTube s\u00e1bado (31)"},"content":{"rendered":"\n<p>Com o objetivo de falar sobre g\u00eanero atrav\u00e9s de uma perspectiva de quebra dos paradigmas, o projeto Noites Navegantes, do musical NAU, retorna neste s\u00e1bado (31) em mais uma edi\u00e7\u00e3o no canal oficial no YouTube, no endere\u00e7o projetonau. page. link\/youtube, a partir das 19h. A ideia central desta edi\u00e7\u00e3o \u00e9 um debate sobre o tema a partir das viv\u00eancias de pessoas com atua\u00e7\u00e3o nas quest\u00f5es de g\u00eanero e sexualidade.<\/p>\n\n\n\n<p>O bate-papo ter\u00e1 as participa\u00e7\u00f5es da feminista negra, pesquisadora, produtora cultural e multiartista com atua\u00e7\u00e3o nacional e internacional, Sanara Rocha; do representante do Coletivo de Trans Pra Frente, Diego Nascimento, e do cantor Di Cerqueira. A media\u00e7\u00e3o ser\u00e1 feita pelos diretores do espet\u00e1culo, Daniel Arcades e Thiago Romero.<\/p>\n\n\n\n<p>A proposta das Noites Navegantes \u00e9 promover debates p\u00fablicos sobre temas que dialogam com o espet\u00e1culo NAU, que conta a hist\u00f3ria de personagens ignorados da constru\u00e7\u00e3o social brasileira. Eles voltam ao Brasil em uma barca com mais de 11 mil esp\u00edritos para um acerto de contas.<\/p>\n\n\n\n<p>Assim como em outubro, ao longo de todo o m\u00eas de novembro acontecem diversas atividades formativas on-line, gratuitas e abertas ao p\u00fablico. A estreia do espet\u00e1culo est\u00e1 marcada para dezembro. Com realiza\u00e7\u00e3o da Via Press Comunica\u00e7\u00e3o e do Teatro da Queda, o projeto foi selecionado pelo edital F\u00e1brica de Musicais &#8211; Ano II, da Funda\u00e7\u00e3o Greg\u00f3rio de Mattos (FGM).<\/p>\n","protected":false},"excerpt":{"rendered":"<p>Com o objetivo de falar sobre g\u00eanero atrav\u00e9s de uma perspectiva de quebra dos paradigmas, o projeto Noites Navegantes, do musical NAU, retorna neste s\u00e1bado (31) [&hellip;]<\/p>\n","protected":false},"author":1,"featured_media":0,"comment_status":"open","ping_status":"open","sticky":false,"template":"","format":"standard","meta":{"footnotes":""},"categories":[80],"tags":[],"class_list":["post-21947","post","type-post","status-publish","format-standard","hentry","category-home"],"_links":{"self":[{"href":"https:\/\/blogs.correio24horas.com.br\/mesalte\/wp-json\/wp\/v2\/posts\/21947","targetHints":{"allow":["GET"]}}],"collection":[{"href":"https:\/\/blogs.correio24horas.com.br\/mesalte\/wp-json\/wp\/v2\/posts"}],"about":[{"href":"https:\/\/blogs.correio24horas.com.br\/mesalte\/wp-json\/wp\/v2\/types\/post"}],"author":[{"embeddable":true,"href":"https:\/\/blogs.correio24horas.com.br\/mesalte\/wp-json\/wp\/v2\/users\/1"}],"replies":[{"embeddable":true,"href":"https:\/\/blogs.correio24horas.com.br\/mesalte\/wp-json\/wp\/v2\/comments?post=21947"}],"version-history":[{"count":1,"href":"https:\/\/blogs.correio24horas.com.br\/mesalte\/wp-json\/wp\/v2\/posts\/21947\/revisions"}],"predecessor-version":[{"id":21948,"href":"https:\/\/blogs.correio24horas.com.br\/mesalte\/wp-json\/wp\/v2\/posts\/21947\/revisions\/21948"}],"wp:attachment":[{"href":"https:\/\/blogs.correio24horas.com.br\/mesalte\/wp-json\/wp\/v2\/media?parent=21947"}],"wp:term":[{"taxonomy":"category","embeddable":true,"href":"https:\/\/blogs.correio24horas.com.br\/mesalte\/wp-json\/wp\/v2\/categories?post=21947"},{"taxonomy":"post_tag","embeddable":true,"href":"https:\/\/blogs.correio24horas.com.br\/mesalte\/wp-json\/wp\/v2\/tags?post=21947"}],"curies":[{"name":"wp","href":"https:\/\/api.w.org\/{rel}","templated":true}]}}