{"id":21941,"date":"2020-10-28T14:45:43","date_gmt":"2020-10-28T17:45:43","guid":{"rendered":"https:\/\/blogs.correio24horas.com.br\/mesalte\/?p=21941"},"modified":"2020-10-28T14:45:46","modified_gmt":"2020-10-28T17:45:46","slug":"abertas-inscricoes-para-curso-sobre-comunicacao-antirracista","status":"publish","type":"post","link":"https:\/\/blogs.correio24horas.com.br\/mesalte\/abertas-inscricoes-para-curso-sobre-comunicacao-antirracista\/","title":{"rendered":"Abertas inscri\u00e7\u00f5es para curso sobre Comunica\u00e7\u00e3o Antirracista"},"content":{"rendered":"\n<p>Est\u00e3o abertas as inscri\u00e7\u00f5es para o workshop \u201cComunica\u00e7\u00e3o Antirracista: como enfrentar o racismo em espa\u00e7os de comunica\u00e7\u00e3o?\u201d, que ser\u00e1 realizada na data 05 de novembro, das 18h \u00e0s 21h. A forma\u00e7\u00e3o ser\u00e1 ministrado pelas jornalistas Midi\u00e3 Noelle, mestra em cultura e idealizadora da Commbne, e Tha\u00eds Bernardes, fundadora e editora do Portal Not\u00edcia Preta. <\/p>\n\n\n\n<p>Atrav\u00e9s da plataforma online (zoom), o workshop abordar\u00e1 no\u00e7\u00f5es sobre como as quest\u00f5es raciais se apresentam atrav\u00e9s da linguagem jornal\u00edstica, debate sobre as formas de representa\u00e7\u00e3o social da popula\u00e7\u00e3o negra na m\u00eddia e reflete sobre as narrativas midi\u00e1ticas e poss\u00edveis caminhos para o enfrentamento ao racismo nestes espa\u00e7os.<\/p>\n\n\n\n<p>Com tr\u00eas horas de dura\u00e7\u00e3o, das 18h \u00e0s 21h, o workshop tamb\u00e9m abordar\u00e1 casos emblem\u00e1ticos de racismo na m\u00eddia, marcos hist\u00f3ricos da imprensa negra, exemplos de atua\u00e7\u00e3o nos ve\u00edculos de comunica\u00e7\u00e3o, canais de den\u00fancia, entre outros temas.<\/p>\n\n\n\n<p>O investimento \u00e9 de R$ 50,00 (individual) ou R$ 80,00 (combo de duas entradas) e o pagamento deve ser feito por meio de transfer\u00eancia banc\u00e1ria (Banco: 336 \u2013 Banco C6 S.A. Ag\u00eancia: 0001 Conta corrente: 3297499-0 cpf: 102.638.517-29. Nome: Thais Cristina Bernardes Pereira).<\/p>\n\n\n\n<p>As inscri\u00e7\u00f5es podem ser feitas no site do Not\u00edcia Preta (https:\/\/noticiapreta.com.br\/cursos\/ ) ou diretamente em um formul\u00e1rio de inscri\u00e7\u00e3o no link https:\/\/forms.gle\/RXmyvruHE1gs3eao6. Ser\u00e3o disponibilizadas apenas 50 vagas e os inscritos receber\u00e3o material did\u00e1tico e certificado.<\/p>\n","protected":false},"excerpt":{"rendered":"<p>Est\u00e3o abertas as inscri\u00e7\u00f5es para o workshop \u201cComunica\u00e7\u00e3o Antirracista: como enfrentar o racismo em espa\u00e7os de comunica\u00e7\u00e3o?\u201d, que ser\u00e1 realizada na data 05 de novembro, das [&hellip;]<\/p>\n","protected":false},"author":1,"featured_media":21942,"comment_status":"open","ping_status":"open","sticky":false,"template":"","format":"standard","meta":{"footnotes":""},"categories":[80],"tags":[],"class_list":["post-21941","post","type-post","status-publish","format-standard","has-post-thumbnail","hentry","category-home"],"_links":{"self":[{"href":"https:\/\/blogs.correio24horas.com.br\/mesalte\/wp-json\/wp\/v2\/posts\/21941","targetHints":{"allow":["GET"]}}],"collection":[{"href":"https:\/\/blogs.correio24horas.com.br\/mesalte\/wp-json\/wp\/v2\/posts"}],"about":[{"href":"https:\/\/blogs.correio24horas.com.br\/mesalte\/wp-json\/wp\/v2\/types\/post"}],"author":[{"embeddable":true,"href":"https:\/\/blogs.correio24horas.com.br\/mesalte\/wp-json\/wp\/v2\/users\/1"}],"replies":[{"embeddable":true,"href":"https:\/\/blogs.correio24horas.com.br\/mesalte\/wp-json\/wp\/v2\/comments?post=21941"}],"version-history":[{"count":1,"href":"https:\/\/blogs.correio24horas.com.br\/mesalte\/wp-json\/wp\/v2\/posts\/21941\/revisions"}],"predecessor-version":[{"id":21943,"href":"https:\/\/blogs.correio24horas.com.br\/mesalte\/wp-json\/wp\/v2\/posts\/21941\/revisions\/21943"}],"wp:featuredmedia":[{"embeddable":true,"href":"https:\/\/blogs.correio24horas.com.br\/mesalte\/wp-json\/wp\/v2\/media\/21942"}],"wp:attachment":[{"href":"https:\/\/blogs.correio24horas.com.br\/mesalte\/wp-json\/wp\/v2\/media?parent=21941"}],"wp:term":[{"taxonomy":"category","embeddable":true,"href":"https:\/\/blogs.correio24horas.com.br\/mesalte\/wp-json\/wp\/v2\/categories?post=21941"},{"taxonomy":"post_tag","embeddable":true,"href":"https:\/\/blogs.correio24horas.com.br\/mesalte\/wp-json\/wp\/v2\/tags?post=21941"}],"curies":[{"name":"wp","href":"https:\/\/api.w.org\/{rel}","templated":true}]}}