{"id":21930,"date":"2020-10-27T21:20:58","date_gmt":"2020-10-28T00:20:58","guid":{"rendered":"https:\/\/blogs.correio24horas.com.br\/mesalte\/?p=21930"},"modified":"2020-10-28T21:42:30","modified_gmt":"2020-10-29T00:42:30","slug":"voto-lgbtqia-reveja-entrevista-com-tutua-do-avante","status":"publish","type":"post","link":"https:\/\/blogs.correio24horas.com.br\/mesalte\/voto-lgbtqia-reveja-entrevista-com-tutua-do-avante\/","title":{"rendered":"Voto LGBTQUIA+: reveja entrevista com Tutua, do Avante"},"content":{"rendered":"\n<p>Tutua, do Avante, foi a quarta convidada da s\u00e9rie de entrevistas do Me Salte com candidates LGBTQIA+ que concorrem \u00e0 C\u00e2mara Municipal de Salvador.\u00a0<a href=\"https:\/\/www.instagram.com\/p\/CG3dHxSl2Z8\/\">Clique aqui e reveja a entrevista na \u00edntegra.<\/a><\/p>\n\n\n\n<figure class=\"wp-block-image\"><img loading=\"lazy\" decoding=\"async\" width=\"1024\" height=\"682\" src=\"https:\/\/blogs.correio24h.com.br\/mesalte\/wp-content\/uploads\/2020\/10\/TUTUA-1024x682.jpg\" alt=\"\" class=\"wp-image-21933\" srcset=\"https:\/\/blogs.correio24h.com.br\/mesalte\/wp-content\/uploads\/2020\/10\/TUTUA-1024x682.jpg 1024w, https:\/\/blogs.correio24h.com.br\/mesalte\/wp-content\/uploads\/2020\/10\/TUTUA-300x200.jpg 300w, https:\/\/blogs.correio24h.com.br\/mesalte\/wp-content\/uploads\/2020\/10\/TUTUA-768x512.jpg 768w, https:\/\/blogs.correio24h.com.br\/mesalte\/wp-content\/uploads\/2020\/10\/TUTUA-219x146.jpg 219w, https:\/\/blogs.correio24h.com.br\/mesalte\/wp-content\/uploads\/2020\/10\/TUTUA-50x33.jpg 50w, https:\/\/blogs.correio24h.com.br\/mesalte\/wp-content\/uploads\/2020\/10\/TUTUA-1200x800.jpg 1200w, https:\/\/blogs.correio24h.com.br\/mesalte\/wp-content\/uploads\/2020\/10\/TUTUA-113x75.jpg 113w, https:\/\/blogs.correio24h.com.br\/mesalte\/wp-content\/uploads\/2020\/10\/TUTUA.jpg 1280w\" sizes=\"auto, (max-width: 1024px) 100vw, 1024px\" \/><\/figure>\n\n\n\n<p><strong>28 de outubro<br>20h Ariane Senna (PSB)<\/strong><br>\u201cPrecisamos dessa visibilidade positiva e da oportunidade de mostrar para a sociedade que somos LGBTQIA+ competentes. Somos ativistas sociais, intelectuais e aptas para disputar um cen\u00e1rio pol\u00edtico e eleitoral que estamos vivendo nessa conjuntura de tens\u00e3o de retirada de direitos. \u00c9 a nossa exist\u00eancia que est\u00e1 dentro desse espa\u00e7o, n\u00e3o apenas escrevendo e propondo novas diretrizes para a nossa popula\u00e7\u00e3o, mas tamb\u00e9m fiscalizando a sua execu\u00e7\u00e3o\u201d.<\/p>\n\n\n\n<figure class=\"wp-block-image\"><img loading=\"lazy\" decoding=\"async\" width=\"1024\" height=\"1024\" src=\"https:\/\/blogs.correio24h.com.br\/mesalte\/wp-content\/uploads\/2020\/10\/CARD-ARIANE-FEED-1-1024x1024.png\" alt=\"\" class=\"wp-image-21883\" srcset=\"https:\/\/blogs.correio24h.com.br\/mesalte\/wp-content\/uploads\/2020\/10\/CARD-ARIANE-FEED-1-1024x1024.png 1024w, https:\/\/blogs.correio24h.com.br\/mesalte\/wp-content\/uploads\/2020\/10\/CARD-ARIANE-FEED-1-150x150.png 150w, https:\/\/blogs.correio24h.com.br\/mesalte\/wp-content\/uploads\/2020\/10\/CARD-ARIANE-FEED-1-300x300.png 300w, https:\/\/blogs.correio24h.com.br\/mesalte\/wp-content\/uploads\/2020\/10\/CARD-ARIANE-FEED-1-768x768.png 768w, https:\/\/blogs.correio24h.com.br\/mesalte\/wp-content\/uploads\/2020\/10\/CARD-ARIANE-FEED-1-146x146.png 146w, https:\/\/blogs.correio24h.com.br\/mesalte\/wp-content\/uploads\/2020\/10\/CARD-ARIANE-FEED-1-50x50.png 50w, https:\/\/blogs.correio24h.com.br\/mesalte\/wp-content\/uploads\/2020\/10\/CARD-ARIANE-FEED-1-1200x1200.png 1200w, https:\/\/blogs.correio24h.com.br\/mesalte\/wp-content\/uploads\/2020\/10\/CARD-ARIANE-FEED-1-80x80.png 80w, https:\/\/blogs.correio24h.com.br\/mesalte\/wp-content\/uploads\/2020\/10\/CARD-ARIANE-FEED-1-75x75.png 75w, https:\/\/blogs.correio24h.com.br\/mesalte\/wp-content\/uploads\/2020\/10\/CARD-ARIANE-FEED-1-85x85.png 85w, https:\/\/blogs.correio24h.com.br\/mesalte\/wp-content\/uploads\/2020\/10\/CARD-ARIANE-FEED-1.png 1280w\" sizes=\"auto, (max-width: 1024px) 100vw, 1024px\" \/><\/figure>\n\n\n\n<p><strong>20h30 &nbsp;Laina Cris\u00f3stomo (Psol)<\/strong><br>\u201cN\u00e3o \u00e9 s\u00f3 sobre representatividade, \u00e9 algo sobre mostrar o projeto pol\u00edtico para a causa. Temos uma C\u00e2mara Municipal com 43 cadeiras, com uma quantidade \u00ednfima de mulheres, de negras e negros e nenhuma de LGBTQIA+ e isso diz muito sobre o que a gente precisa pensar sobre representatidade. Podemos construir muita coisa com as pessoas cis e h\u00e9tero, mas a gente precisa entender que quem sofre e sente a dor \u00e9 quem sabe falar sobre ela. Por isso, pautamos tanto a ideia de representatividade, mas sempre com compromisso, porque n\u00e3o \u00e9 qualquer LGBT que vai defender as nossas causas\u201d<\/p>\n\n\n\n<figure class=\"wp-block-image\"><img loading=\"lazy\" decoding=\"async\" width=\"1024\" height=\"1024\" src=\"https:\/\/blogs.correio24h.com.br\/mesalte\/wp-content\/uploads\/2020\/10\/CARD-LAINA-FEED-1-1024x1024.png\" alt=\"\" class=\"wp-image-21884\" srcset=\"https:\/\/blogs.correio24h.com.br\/mesalte\/wp-content\/uploads\/2020\/10\/CARD-LAINA-FEED-1-1024x1024.png 1024w, https:\/\/blogs.correio24h.com.br\/mesalte\/wp-content\/uploads\/2020\/10\/CARD-LAINA-FEED-1-150x150.png 150w, https:\/\/blogs.correio24h.com.br\/mesalte\/wp-content\/uploads\/2020\/10\/CARD-LAINA-FEED-1-300x300.png 300w, https:\/\/blogs.correio24h.com.br\/mesalte\/wp-content\/uploads\/2020\/10\/CARD-LAINA-FEED-1-768x768.png 768w, https:\/\/blogs.correio24h.com.br\/mesalte\/wp-content\/uploads\/2020\/10\/CARD-LAINA-FEED-1-146x146.png 146w, https:\/\/blogs.correio24h.com.br\/mesalte\/wp-content\/uploads\/2020\/10\/CARD-LAINA-FEED-1-50x50.png 50w, https:\/\/blogs.correio24h.com.br\/mesalte\/wp-content\/uploads\/2020\/10\/CARD-LAINA-FEED-1-1200x1200.png 1200w, https:\/\/blogs.correio24h.com.br\/mesalte\/wp-content\/uploads\/2020\/10\/CARD-LAINA-FEED-1-80x80.png 80w, https:\/\/blogs.correio24h.com.br\/mesalte\/wp-content\/uploads\/2020\/10\/CARD-LAINA-FEED-1-75x75.png 75w, https:\/\/blogs.correio24h.com.br\/mesalte\/wp-content\/uploads\/2020\/10\/CARD-LAINA-FEED-1-85x85.png 85w, https:\/\/blogs.correio24h.com.br\/mesalte\/wp-content\/uploads\/2020\/10\/CARD-LAINA-FEED-1.png 1280w\" sizes=\"auto, (max-width: 1024px) 100vw, 1024px\" \/><\/figure>\n\n\n\n<p><strong>29 de outubro&nbsp;<br>20h Rosy Silva (PDT)<\/strong><br>\u201cComo pessoa LGBTQIA+, eu conhe\u00e7o na pele as mazelas dessa popula\u00e7\u00e3o, minha voz \u00e9 a voz de uma mulher l\u00e9sbica que sempre esteve envolvida com o p\u00fablico, inclusive na lideran\u00e7a da marcha LGBTQIA+ do Sub\u00farbio. Quero prop\u00f4r politicas p\u00fablicas que concedam o direito a essa parcela da popula\u00e7\u00e3o que se encontra esquecida. Pol\u00edticas essas de inclus\u00e3o e repara\u00e7\u00e3o por anos de silenciamento e de segrega\u00e7\u00e3o de direito\u201d.<\/p>\n\n\n\n<figure class=\"wp-block-image\"><img loading=\"lazy\" decoding=\"async\" width=\"1024\" height=\"1024\" src=\"https:\/\/blogs.correio24h.com.br\/mesalte\/wp-content\/uploads\/2020\/10\/card-rosy-feed-1-1024x1024.png\" alt=\"\" class=\"wp-image-21889\" srcset=\"https:\/\/blogs.correio24h.com.br\/mesalte\/wp-content\/uploads\/2020\/10\/card-rosy-feed-1-1024x1024.png 1024w, https:\/\/blogs.correio24h.com.br\/mesalte\/wp-content\/uploads\/2020\/10\/card-rosy-feed-1-150x150.png 150w, https:\/\/blogs.correio24h.com.br\/mesalte\/wp-content\/uploads\/2020\/10\/card-rosy-feed-1-300x300.png 300w, https:\/\/blogs.correio24h.com.br\/mesalte\/wp-content\/uploads\/2020\/10\/card-rosy-feed-1-768x768.png 768w, https:\/\/blogs.correio24h.com.br\/mesalte\/wp-content\/uploads\/2020\/10\/card-rosy-feed-1-146x146.png 146w, https:\/\/blogs.correio24h.com.br\/mesalte\/wp-content\/uploads\/2020\/10\/card-rosy-feed-1-50x50.png 50w, https:\/\/blogs.correio24h.com.br\/mesalte\/wp-content\/uploads\/2020\/10\/card-rosy-feed-1-1200x1200.png 1200w, https:\/\/blogs.correio24h.com.br\/mesalte\/wp-content\/uploads\/2020\/10\/card-rosy-feed-1-80x80.png 80w, https:\/\/blogs.correio24h.com.br\/mesalte\/wp-content\/uploads\/2020\/10\/card-rosy-feed-1-75x75.png 75w, https:\/\/blogs.correio24h.com.br\/mesalte\/wp-content\/uploads\/2020\/10\/card-rosy-feed-1-85x85.png 85w, https:\/\/blogs.correio24h.com.br\/mesalte\/wp-content\/uploads\/2020\/10\/card-rosy-feed-1.png 1280w\" sizes=\"auto, (max-width: 1024px) 100vw, 1024px\" \/><\/figure>\n\n\n\n<p><strong>20h30 Alana Carvalho (Podemos)<\/strong><br>\u201cEsse espa\u00e7o que o CORREIO d\u00e1 para candidates LGBTQIA+ \u00e9 importante para mostrar diversidade dentro da pol\u00edtica e nos mostrar que \u00e9 poss\u00edvel ocupar esses espa\u00e7os. \u00c9 importante ter uma representante trans na pol\u00edtica para representar o povo LGTB e de matriz africana, sendo uma porta-voz direta dentro desse espa\u00e7o para se fazer uma mudan\u00e7a e renova\u00e7\u00e3o, dentro de uma constru\u00e7\u00e3o verdadeira em uma luta por todos\u201d.<\/p>\n\n\n\n<figure class=\"wp-block-image\"><img loading=\"lazy\" decoding=\"async\" width=\"1024\" height=\"1024\" src=\"https:\/\/blogs.correio24h.com.br\/mesalte\/wp-content\/uploads\/2020\/10\/card-alana-feed-1-1024x1024.png\" alt=\"\" class=\"wp-image-21881\" srcset=\"https:\/\/blogs.correio24h.com.br\/mesalte\/wp-content\/uploads\/2020\/10\/card-alana-feed-1-1024x1024.png 1024w, https:\/\/blogs.correio24h.com.br\/mesalte\/wp-content\/uploads\/2020\/10\/card-alana-feed-1-150x150.png 150w, https:\/\/blogs.correio24h.com.br\/mesalte\/wp-content\/uploads\/2020\/10\/card-alana-feed-1-300x300.png 300w, https:\/\/blogs.correio24h.com.br\/mesalte\/wp-content\/uploads\/2020\/10\/card-alana-feed-1-768x768.png 768w, https:\/\/blogs.correio24h.com.br\/mesalte\/wp-content\/uploads\/2020\/10\/card-alana-feed-1-146x146.png 146w, https:\/\/blogs.correio24h.com.br\/mesalte\/wp-content\/uploads\/2020\/10\/card-alana-feed-1-50x50.png 50w, https:\/\/blogs.correio24h.com.br\/mesalte\/wp-content\/uploads\/2020\/10\/card-alana-feed-1-1200x1200.png 1200w, https:\/\/blogs.correio24h.com.br\/mesalte\/wp-content\/uploads\/2020\/10\/card-alana-feed-1-80x80.png 80w, https:\/\/blogs.correio24h.com.br\/mesalte\/wp-content\/uploads\/2020\/10\/card-alana-feed-1-75x75.png 75w, https:\/\/blogs.correio24h.com.br\/mesalte\/wp-content\/uploads\/2020\/10\/card-alana-feed-1-85x85.png 85w, https:\/\/blogs.correio24h.com.br\/mesalte\/wp-content\/uploads\/2020\/10\/card-alana-feed-1.png 1280w\" sizes=\"auto, (max-width: 1024px) 100vw, 1024px\" \/><\/figure>\n\n\n\n<p><strong>30 de outubro&nbsp;<br>20h &nbsp;L\u00e9o Kret (DEM)<\/strong><br>\u201c\u00c9 importante ter esse espa\u00e7o para os candidatos LGBTQIA+ se exporem. As pessoas est\u00e3o se encorajando a entrar de cabe\u00e7a nessa luta. Com a mente aberta, as pessoas entendem que somos seres humanos e quanto mais apoio conseguirmos, mais a luta cresce e fica a esperan\u00e7a de um dia acabar com o preconceito e discrimina\u00e7\u00e3o. Temos bons projetos de lei, mas falta fiscaliza\u00e7\u00e3o e encaminhamento para que esses projetos possam realmente sair do papel\u201d.<\/p>\n\n\n\n<figure class=\"wp-block-image\"><img loading=\"lazy\" decoding=\"async\" width=\"1024\" height=\"1024\" src=\"https:\/\/blogs.correio24h.com.br\/mesalte\/wp-content\/uploads\/2020\/10\/card-leo-kret-feed-1-1024x1024.png\" alt=\"\" class=\"wp-image-21885\" srcset=\"https:\/\/blogs.correio24h.com.br\/mesalte\/wp-content\/uploads\/2020\/10\/card-leo-kret-feed-1-1024x1024.png 1024w, https:\/\/blogs.correio24h.com.br\/mesalte\/wp-content\/uploads\/2020\/10\/card-leo-kret-feed-1-150x150.png 150w, https:\/\/blogs.correio24h.com.br\/mesalte\/wp-content\/uploads\/2020\/10\/card-leo-kret-feed-1-300x300.png 300w, https:\/\/blogs.correio24h.com.br\/mesalte\/wp-content\/uploads\/2020\/10\/card-leo-kret-feed-1-768x768.png 768w, https:\/\/blogs.correio24h.com.br\/mesalte\/wp-content\/uploads\/2020\/10\/card-leo-kret-feed-1-146x146.png 146w, https:\/\/blogs.correio24h.com.br\/mesalte\/wp-content\/uploads\/2020\/10\/card-leo-kret-feed-1-50x50.png 50w, https:\/\/blogs.correio24h.com.br\/mesalte\/wp-content\/uploads\/2020\/10\/card-leo-kret-feed-1-1200x1200.png 1200w, https:\/\/blogs.correio24h.com.br\/mesalte\/wp-content\/uploads\/2020\/10\/card-leo-kret-feed-1-80x80.png 80w, https:\/\/blogs.correio24h.com.br\/mesalte\/wp-content\/uploads\/2020\/10\/card-leo-kret-feed-1-75x75.png 75w, https:\/\/blogs.correio24h.com.br\/mesalte\/wp-content\/uploads\/2020\/10\/card-leo-kret-feed-1-85x85.png 85w, https:\/\/blogs.correio24h.com.br\/mesalte\/wp-content\/uploads\/2020\/10\/card-leo-kret-feed-1.png 1280w\" sizes=\"auto, (max-width: 1024px) 100vw, 1024px\" \/><\/figure>\n\n\n\n<p><strong>20h30 &nbsp;Renatona (Pros)<\/strong><br>\u201cN\u00f3s que somos discriminados sempre vamos chegar para mudar a C\u00e2mara de Vereadores que s\u00f3 tem h\u00e9teros que n\u00e3o fazem nada por n\u00f3s. Queremos mudar e lutar por todos n\u00f3s, por isso \u00e9 importante que esse espa\u00e7o seja dado para que a gente possa expor nossas ideias\u201d.<\/p>\n\n\n\n<figure class=\"wp-block-image\"><img loading=\"lazy\" decoding=\"async\" width=\"1024\" height=\"1024\" src=\"https:\/\/blogs.correio24h.com.br\/mesalte\/wp-content\/uploads\/2020\/10\/card-renatona-feed-1-1024x1024.png\" alt=\"\" class=\"wp-image-21888\" srcset=\"https:\/\/blogs.correio24h.com.br\/mesalte\/wp-content\/uploads\/2020\/10\/card-renatona-feed-1-1024x1024.png 1024w, https:\/\/blogs.correio24h.com.br\/mesalte\/wp-content\/uploads\/2020\/10\/card-renatona-feed-1-150x150.png 150w, https:\/\/blogs.correio24h.com.br\/mesalte\/wp-content\/uploads\/2020\/10\/card-renatona-feed-1-300x300.png 300w, https:\/\/blogs.correio24h.com.br\/mesalte\/wp-content\/uploads\/2020\/10\/card-renatona-feed-1-768x768.png 768w, https:\/\/blogs.correio24h.com.br\/mesalte\/wp-content\/uploads\/2020\/10\/card-renatona-feed-1-146x146.png 146w, https:\/\/blogs.correio24h.com.br\/mesalte\/wp-content\/uploads\/2020\/10\/card-renatona-feed-1-50x50.png 50w, https:\/\/blogs.correio24h.com.br\/mesalte\/wp-content\/uploads\/2020\/10\/card-renatona-feed-1-1200x1200.png 1200w, https:\/\/blogs.correio24h.com.br\/mesalte\/wp-content\/uploads\/2020\/10\/card-renatona-feed-1-80x80.png 80w, https:\/\/blogs.correio24h.com.br\/mesalte\/wp-content\/uploads\/2020\/10\/card-renatona-feed-1-75x75.png 75w, https:\/\/blogs.correio24h.com.br\/mesalte\/wp-content\/uploads\/2020\/10\/card-renatona-feed-1-85x85.png 85w, https:\/\/blogs.correio24h.com.br\/mesalte\/wp-content\/uploads\/2020\/10\/card-renatona-feed-1.png 1280w\" sizes=\"auto, (max-width: 1024px) 100vw, 1024px\" \/><\/figure>\n\n\n\n<p><strong>CORREIO nas Elei\u00e7\u00f5es 2020:<\/strong><br>Em 2020, o jornal CORREIO tem ampla cobertura sobre as elei\u00e7\u00f5es na Bahia em diversas plataformas. Veja algumas a\u00e7\u00f5es:<br><strong>\u2013 Jornal Impresso: C<\/strong>obertura di\u00e1ria sobre as elei\u00e7\u00f5es em Salvador, interior da Bahia e principais cidades do Brasil.&nbsp;<br>\u2013&nbsp;<strong>Sabatina com os candidatos: D<\/strong>e 19 a 23 de outubro, o Correio realizou entrevistas com candidatos e candidatas \u00e0 Prefeitura de Salvador com transmiss\u00e3o no Youtube, Facebook e Instagram.&nbsp;<br>\u2013&nbsp;<strong>Vozes da comunidade<\/strong>: Especial de v\u00eddeos colaborativos de jornalismo cidad\u00e3o com as necessidades espec\u00edficas dos moradores dos 170 bairros de Salvador, representados pelas 19 zonas eleitorais da cidade; estreia em novembro.<br>\u2013&nbsp;<strong>Guia do Voto<\/strong>: Tudo que voc\u00ea precisa saber sobre as elei\u00e7\u00f5es est\u00e1 sendo postado nas redes sociais do jornal \u2013 WhatsApp, Instagram, Tik Tok, Facebook e Twitter. Siga @correio24horas.<br>\u2013&nbsp;<strong>Podcast<\/strong>: O que a Bahia Quer Saber, por Vitor Villar. A cobertura completa das elei\u00e7\u00f5es no interior do Estado.<br><\/p>\n\n\n\n<p><\/p>\n","protected":false},"excerpt":{"rendered":"<p>Tutua, do Avante, foi a quarta convidada da s\u00e9rie de entrevistas do Me Salte com candidates LGBTQIA+ que concorrem \u00e0 C\u00e2mara Municipal de Salvador.\u00a0Clique aqui e [&hellip;]<\/p>\n","protected":false},"author":1,"featured_media":21931,"comment_status":"open","ping_status":"open","sticky":false,"template":"","format":"standard","meta":{"footnotes":""},"categories":[80,11],"tags":[],"class_list":["post-21930","post","type-post","status-publish","format-standard","has-post-thumbnail","hentry","category-home","category-me-informo"],"_links":{"self":[{"href":"https:\/\/blogs.correio24horas.com.br\/mesalte\/wp-json\/wp\/v2\/posts\/21930","targetHints":{"allow":["GET"]}}],"collection":[{"href":"https:\/\/blogs.correio24horas.com.br\/mesalte\/wp-json\/wp\/v2\/posts"}],"about":[{"href":"https:\/\/blogs.correio24horas.com.br\/mesalte\/wp-json\/wp\/v2\/types\/post"}],"author":[{"embeddable":true,"href":"https:\/\/blogs.correio24horas.com.br\/mesalte\/wp-json\/wp\/v2\/users\/1"}],"replies":[{"embeddable":true,"href":"https:\/\/blogs.correio24horas.com.br\/mesalte\/wp-json\/wp\/v2\/comments?post=21930"}],"version-history":[{"count":3,"href":"https:\/\/blogs.correio24horas.com.br\/mesalte\/wp-json\/wp\/v2\/posts\/21930\/revisions"}],"predecessor-version":[{"id":21953,"href":"https:\/\/blogs.correio24horas.com.br\/mesalte\/wp-json\/wp\/v2\/posts\/21930\/revisions\/21953"}],"wp:featuredmedia":[{"embeddable":true,"href":"https:\/\/blogs.correio24horas.com.br\/mesalte\/wp-json\/wp\/v2\/media\/21931"}],"wp:attachment":[{"href":"https:\/\/blogs.correio24horas.com.br\/mesalte\/wp-json\/wp\/v2\/media?parent=21930"}],"wp:term":[{"taxonomy":"category","embeddable":true,"href":"https:\/\/blogs.correio24horas.com.br\/mesalte\/wp-json\/wp\/v2\/categories?post=21930"},{"taxonomy":"post_tag","embeddable":true,"href":"https:\/\/blogs.correio24horas.com.br\/mesalte\/wp-json\/wp\/v2\/tags?post=21930"}],"curies":[{"name":"wp","href":"https:\/\/api.w.org\/{rel}","templated":true}]}}