{"id":21917,"date":"2020-10-26T21:14:28","date_gmt":"2020-10-27T00:14:28","guid":{"rendered":"https:\/\/blogs.correio24horas.com.br\/mesalte\/?p=21917"},"modified":"2020-10-28T21:43:00","modified_gmt":"2020-10-29T00:43:00","slug":"voto-lgbtqia-reveja-entrevista-com-amanda-frascolla-do-pdt","status":"publish","type":"post","link":"https:\/\/blogs.correio24horas.com.br\/mesalte\/voto-lgbtqia-reveja-entrevista-com-amanda-frascolla-do-pdt\/","title":{"rendered":"Voto LGBTQUIA+: reveja entrevista com Amanda Frascolla, do PDT"},"content":{"rendered":"\n<p>A advogada Amanda Frascolla, do PDT, foi a segunda convidada da s\u00e9rie de entrevistas do Me Salte. <a href=\"https:\/\/www.instagram.com\/p\/CG03tcZFokb\/\">Clique aqui e reveja a entrevista na \u00edntegra. <\/a><\/p>\n\n\n\n<figure class=\"wp-block-image\"><img loading=\"lazy\" decoding=\"async\" width=\"819\" height=\"1024\" src=\"https:\/\/blogs.correio24h.com.br\/mesalte\/wp-content\/uploads\/2020\/10\/AMANDA-FRASCOLLA-819x1024.jpg\" alt=\"\" class=\"wp-image-21939\" srcset=\"https:\/\/blogs.correio24h.com.br\/mesalte\/wp-content\/uploads\/2020\/10\/AMANDA-FRASCOLLA-819x1024.jpg 819w, https:\/\/blogs.correio24h.com.br\/mesalte\/wp-content\/uploads\/2020\/10\/AMANDA-FRASCOLLA-240x300.jpg 240w, https:\/\/blogs.correio24h.com.br\/mesalte\/wp-content\/uploads\/2020\/10\/AMANDA-FRASCOLLA-768x960.jpg 768w, https:\/\/blogs.correio24h.com.br\/mesalte\/wp-content\/uploads\/2020\/10\/AMANDA-FRASCOLLA-117x146.jpg 117w, https:\/\/blogs.correio24h.com.br\/mesalte\/wp-content\/uploads\/2020\/10\/AMANDA-FRASCOLLA-40x50.jpg 40w, https:\/\/blogs.correio24h.com.br\/mesalte\/wp-content\/uploads\/2020\/10\/AMANDA-FRASCOLLA-60x75.jpg 60w, https:\/\/blogs.correio24h.com.br\/mesalte\/wp-content\/uploads\/2020\/10\/AMANDA-FRASCOLLA.jpg 960w\" sizes=\"auto, (max-width: 819px) 100vw, 819px\" \/><\/figure>\n\n\n\n<p><strong>27 de outubro<br>20h On\u00e3 Rud\u00e1&nbsp;(PCdoB)<\/strong><br>&#8220;A gente vive numa sociedade em que o preconceito contra as pessoas LGBTs \u00e9 muito grande e isso se expressa em diversos ambientes. N\u00e3o temos nenhum representante LGBT em Salvador, que \u00e9 uma das cidades que mais violenta essas pessoas no Brasil inteiro. \u00c9 importante dar visibilidade a esses projetos, \u00e0s figuras que se colocam para representar essa comunidade. \u00c9 mundo comum associarem a LGBTfobia a uma viol\u00eancia direta, que s\u00f3 pode ser sentida com um xingamento ou agress\u00e3o f\u00edsica, mas ela \u00e9 um sistema que imp\u00f5e desvantagens \u00e0s pessoas LGBTs em todos os ambientes da vida em sociedade&#8221;.<\/p>\n\n\n\n<figure class=\"wp-block-image\"><img loading=\"lazy\" decoding=\"async\" width=\"1024\" height=\"1024\" src=\"https:\/\/blogs.correio24h.com.br\/mesalte\/wp-content\/uploads\/2020\/10\/CARD-ONA-FEED-1-1024x1024.png\" alt=\"\" class=\"wp-image-21886\" srcset=\"https:\/\/blogs.correio24h.com.br\/mesalte\/wp-content\/uploads\/2020\/10\/CARD-ONA-FEED-1-1024x1024.png 1024w, https:\/\/blogs.correio24h.com.br\/mesalte\/wp-content\/uploads\/2020\/10\/CARD-ONA-FEED-1-150x150.png 150w, https:\/\/blogs.correio24h.com.br\/mesalte\/wp-content\/uploads\/2020\/10\/CARD-ONA-FEED-1-300x300.png 300w, https:\/\/blogs.correio24h.com.br\/mesalte\/wp-content\/uploads\/2020\/10\/CARD-ONA-FEED-1-768x768.png 768w, https:\/\/blogs.correio24h.com.br\/mesalte\/wp-content\/uploads\/2020\/10\/CARD-ONA-FEED-1-146x146.png 146w, https:\/\/blogs.correio24h.com.br\/mesalte\/wp-content\/uploads\/2020\/10\/CARD-ONA-FEED-1-50x50.png 50w, https:\/\/blogs.correio24h.com.br\/mesalte\/wp-content\/uploads\/2020\/10\/CARD-ONA-FEED-1-1200x1200.png 1200w, https:\/\/blogs.correio24h.com.br\/mesalte\/wp-content\/uploads\/2020\/10\/CARD-ONA-FEED-1-80x80.png 80w, https:\/\/blogs.correio24h.com.br\/mesalte\/wp-content\/uploads\/2020\/10\/CARD-ONA-FEED-1-75x75.png 75w, https:\/\/blogs.correio24h.com.br\/mesalte\/wp-content\/uploads\/2020\/10\/CARD-ONA-FEED-1-85x85.png 85w, https:\/\/blogs.correio24h.com.br\/mesalte\/wp-content\/uploads\/2020\/10\/CARD-ONA-FEED-1.png 1280w\" sizes=\"auto, (max-width: 1024px) 100vw, 1024px\" \/><\/figure>\n\n\n\n<p><strong>20h30&nbsp;Tutua (Avante)<\/strong><br>&#8220;A popula\u00e7\u00e3o LGBTQIA+ ainda precisa de representa\u00e7\u00e3o no espa\u00e7o pol\u00edtico para pensar em projetos que prevejam o bem-estar social para pessoas que nunca foram vistas como cidad\u00e3s perante o Estado. Por isso \u00e9 muito importante ter esse espa\u00e7o para que a gente mostre nossas ideias&#8221;<\/p>\n\n\n\n<figure class=\"wp-block-image\"><img loading=\"lazy\" decoding=\"async\" width=\"1024\" height=\"1024\" src=\"https:\/\/blogs.correio24h.com.br\/mesalte\/wp-content\/uploads\/2020\/10\/CARD-TUTUA-FEED-1-1024x1024.png\" alt=\"\" class=\"wp-image-21891\" srcset=\"https:\/\/blogs.correio24h.com.br\/mesalte\/wp-content\/uploads\/2020\/10\/CARD-TUTUA-FEED-1-1024x1024.png 1024w, https:\/\/blogs.correio24h.com.br\/mesalte\/wp-content\/uploads\/2020\/10\/CARD-TUTUA-FEED-1-150x150.png 150w, https:\/\/blogs.correio24h.com.br\/mesalte\/wp-content\/uploads\/2020\/10\/CARD-TUTUA-FEED-1-300x300.png 300w, https:\/\/blogs.correio24h.com.br\/mesalte\/wp-content\/uploads\/2020\/10\/CARD-TUTUA-FEED-1-768x768.png 768w, https:\/\/blogs.correio24h.com.br\/mesalte\/wp-content\/uploads\/2020\/10\/CARD-TUTUA-FEED-1-146x146.png 146w, https:\/\/blogs.correio24h.com.br\/mesalte\/wp-content\/uploads\/2020\/10\/CARD-TUTUA-FEED-1-50x50.png 50w, https:\/\/blogs.correio24h.com.br\/mesalte\/wp-content\/uploads\/2020\/10\/CARD-TUTUA-FEED-1-1200x1200.png 1200w, https:\/\/blogs.correio24h.com.br\/mesalte\/wp-content\/uploads\/2020\/10\/CARD-TUTUA-FEED-1-80x80.png 80w, https:\/\/blogs.correio24h.com.br\/mesalte\/wp-content\/uploads\/2020\/10\/CARD-TUTUA-FEED-1-75x75.png 75w, https:\/\/blogs.correio24h.com.br\/mesalte\/wp-content\/uploads\/2020\/10\/CARD-TUTUA-FEED-1-85x85.png 85w, https:\/\/blogs.correio24h.com.br\/mesalte\/wp-content\/uploads\/2020\/10\/CARD-TUTUA-FEED-1.png 1280w\" sizes=\"auto, (max-width: 1024px) 100vw, 1024px\" \/><\/figure>\n\n\n\n<p><strong>28 de outubro<br>20h Ariane Senna (PSB)<\/strong><br>&#8220;Precisamos dessa visibilidade positiva e da oportunidade de mostrar para a sociedade que somos LGBTQIA+ competentes. Somos ativistas sociais, intelectuais e aptas para disputar um cen\u00e1rio pol\u00edtico e eleitoral que estamos vivendo nessa conjuntura de tens\u00e3o de retirada de direitos. \u00c9 a nossa exist\u00eancia que est\u00e1 dentro desse espa\u00e7o, n\u00e3o apenas escrevendo e propondo novas diretrizes para a nossa popula\u00e7\u00e3o, mas tamb\u00e9m fiscalizando a sua execu\u00e7\u00e3o&#8221;.<\/p>\n\n\n\n<figure class=\"wp-block-image\"><img loading=\"lazy\" decoding=\"async\" width=\"1024\" height=\"1024\" src=\"https:\/\/blogs.correio24h.com.br\/mesalte\/wp-content\/uploads\/2020\/10\/CARD-ARIANE-FEED-1-1024x1024.png\" alt=\"\" class=\"wp-image-21883\" srcset=\"https:\/\/blogs.correio24h.com.br\/mesalte\/wp-content\/uploads\/2020\/10\/CARD-ARIANE-FEED-1-1024x1024.png 1024w, https:\/\/blogs.correio24h.com.br\/mesalte\/wp-content\/uploads\/2020\/10\/CARD-ARIANE-FEED-1-150x150.png 150w, https:\/\/blogs.correio24h.com.br\/mesalte\/wp-content\/uploads\/2020\/10\/CARD-ARIANE-FEED-1-300x300.png 300w, https:\/\/blogs.correio24h.com.br\/mesalte\/wp-content\/uploads\/2020\/10\/CARD-ARIANE-FEED-1-768x768.png 768w, https:\/\/blogs.correio24h.com.br\/mesalte\/wp-content\/uploads\/2020\/10\/CARD-ARIANE-FEED-1-146x146.png 146w, https:\/\/blogs.correio24h.com.br\/mesalte\/wp-content\/uploads\/2020\/10\/CARD-ARIANE-FEED-1-50x50.png 50w, https:\/\/blogs.correio24h.com.br\/mesalte\/wp-content\/uploads\/2020\/10\/CARD-ARIANE-FEED-1-1200x1200.png 1200w, https:\/\/blogs.correio24h.com.br\/mesalte\/wp-content\/uploads\/2020\/10\/CARD-ARIANE-FEED-1-80x80.png 80w, https:\/\/blogs.correio24h.com.br\/mesalte\/wp-content\/uploads\/2020\/10\/CARD-ARIANE-FEED-1-75x75.png 75w, https:\/\/blogs.correio24h.com.br\/mesalte\/wp-content\/uploads\/2020\/10\/CARD-ARIANE-FEED-1-85x85.png 85w, https:\/\/blogs.correio24h.com.br\/mesalte\/wp-content\/uploads\/2020\/10\/CARD-ARIANE-FEED-1.png 1280w\" sizes=\"auto, (max-width: 1024px) 100vw, 1024px\" \/><\/figure>\n\n\n\n<p><strong>20h30 &nbsp;Laina Cris\u00f3stomo (Psol)<\/strong><br>&#8220;N\u00e3o \u00e9 s\u00f3 sobre representatividade, \u00e9 algo sobre mostrar o projeto pol\u00edtico para a causa. Temos uma C\u00e2mara Municipal com 43 cadeiras, com uma quantidade \u00ednfima de mulheres, de negras e negros e nenhuma de LGBTQIA+ e isso diz muito sobre o que a gente precisa pensar sobre representatidade. Podemos construir muita coisa com as pessoas cis e h\u00e9tero, mas a gente precisa entender que quem sofre e sente a dor \u00e9 quem sabe falar sobre ela. Por isso, pautamos tanto a ideia de representatividade, mas sempre com compromisso, porque n\u00e3o \u00e9 qualquer LGBT que vai defender as nossas causas&#8221;<\/p>\n\n\n\n<figure class=\"wp-block-image\"><img loading=\"lazy\" decoding=\"async\" width=\"1024\" height=\"1024\" src=\"https:\/\/blogs.correio24h.com.br\/mesalte\/wp-content\/uploads\/2020\/10\/CARD-LAINA-FEED-1-1024x1024.png\" alt=\"\" class=\"wp-image-21884\" srcset=\"https:\/\/blogs.correio24h.com.br\/mesalte\/wp-content\/uploads\/2020\/10\/CARD-LAINA-FEED-1-1024x1024.png 1024w, https:\/\/blogs.correio24h.com.br\/mesalte\/wp-content\/uploads\/2020\/10\/CARD-LAINA-FEED-1-150x150.png 150w, https:\/\/blogs.correio24h.com.br\/mesalte\/wp-content\/uploads\/2020\/10\/CARD-LAINA-FEED-1-300x300.png 300w, https:\/\/blogs.correio24h.com.br\/mesalte\/wp-content\/uploads\/2020\/10\/CARD-LAINA-FEED-1-768x768.png 768w, https:\/\/blogs.correio24h.com.br\/mesalte\/wp-content\/uploads\/2020\/10\/CARD-LAINA-FEED-1-146x146.png 146w, https:\/\/blogs.correio24h.com.br\/mesalte\/wp-content\/uploads\/2020\/10\/CARD-LAINA-FEED-1-50x50.png 50w, https:\/\/blogs.correio24h.com.br\/mesalte\/wp-content\/uploads\/2020\/10\/CARD-LAINA-FEED-1-1200x1200.png 1200w, https:\/\/blogs.correio24h.com.br\/mesalte\/wp-content\/uploads\/2020\/10\/CARD-LAINA-FEED-1-80x80.png 80w, https:\/\/blogs.correio24h.com.br\/mesalte\/wp-content\/uploads\/2020\/10\/CARD-LAINA-FEED-1-75x75.png 75w, https:\/\/blogs.correio24h.com.br\/mesalte\/wp-content\/uploads\/2020\/10\/CARD-LAINA-FEED-1-85x85.png 85w, https:\/\/blogs.correio24h.com.br\/mesalte\/wp-content\/uploads\/2020\/10\/CARD-LAINA-FEED-1.png 1280w\" sizes=\"auto, (max-width: 1024px) 100vw, 1024px\" \/><\/figure>\n\n\n\n<p><strong>29 de outubro&nbsp;<br>20h Rosy Silva (PDT)<\/strong><br>&#8220;Como pessoa LGBTQIA+, eu conhe\u00e7o na pele as mazelas dessa popula\u00e7\u00e3o, minha voz \u00e9 a voz de uma mulher l\u00e9sbica que sempre esteve envolvida com o p\u00fablico, inclusive na lideran\u00e7a da marcha LGBTQIA+ do Sub\u00farbio. Quero prop\u00f4r politicas p\u00fablicas que concedam o direito a essa parcela da popula\u00e7\u00e3o que se encontra esquecida. Pol\u00edticas essas de inclus\u00e3o e repara\u00e7\u00e3o por anos de silenciamento e de segrega\u00e7\u00e3o de direito&#8221;.<\/p>\n\n\n\n<figure class=\"wp-block-image\"><img loading=\"lazy\" decoding=\"async\" width=\"1024\" height=\"1024\" src=\"https:\/\/blogs.correio24h.com.br\/mesalte\/wp-content\/uploads\/2020\/10\/card-rosy-feed-1-1024x1024.png\" alt=\"\" class=\"wp-image-21889\" srcset=\"https:\/\/blogs.correio24h.com.br\/mesalte\/wp-content\/uploads\/2020\/10\/card-rosy-feed-1-1024x1024.png 1024w, https:\/\/blogs.correio24h.com.br\/mesalte\/wp-content\/uploads\/2020\/10\/card-rosy-feed-1-150x150.png 150w, https:\/\/blogs.correio24h.com.br\/mesalte\/wp-content\/uploads\/2020\/10\/card-rosy-feed-1-300x300.png 300w, https:\/\/blogs.correio24h.com.br\/mesalte\/wp-content\/uploads\/2020\/10\/card-rosy-feed-1-768x768.png 768w, https:\/\/blogs.correio24h.com.br\/mesalte\/wp-content\/uploads\/2020\/10\/card-rosy-feed-1-146x146.png 146w, https:\/\/blogs.correio24h.com.br\/mesalte\/wp-content\/uploads\/2020\/10\/card-rosy-feed-1-50x50.png 50w, https:\/\/blogs.correio24h.com.br\/mesalte\/wp-content\/uploads\/2020\/10\/card-rosy-feed-1-1200x1200.png 1200w, https:\/\/blogs.correio24h.com.br\/mesalte\/wp-content\/uploads\/2020\/10\/card-rosy-feed-1-80x80.png 80w, https:\/\/blogs.correio24h.com.br\/mesalte\/wp-content\/uploads\/2020\/10\/card-rosy-feed-1-75x75.png 75w, https:\/\/blogs.correio24h.com.br\/mesalte\/wp-content\/uploads\/2020\/10\/card-rosy-feed-1-85x85.png 85w, https:\/\/blogs.correio24h.com.br\/mesalte\/wp-content\/uploads\/2020\/10\/card-rosy-feed-1.png 1280w\" sizes=\"auto, (max-width: 1024px) 100vw, 1024px\" \/><\/figure>\n\n\n\n<p><strong>20h30 Alana Carvalho (Podemos)<\/strong><br>&#8220;Esse espa\u00e7o que o CORREIO d\u00e1 para candidates LGBTQIA+ \u00e9 importante para mostrar diversidade dentro da pol\u00edtica e nos mostrar que \u00e9 poss\u00edvel ocupar esses espa\u00e7os. \u00c9 importante ter uma representante trans na pol\u00edtica para representar o povo LGTB e de matriz africana, sendo uma porta-voz direta dentro desse espa\u00e7o para se fazer uma mudan\u00e7a e renova\u00e7\u00e3o, dentro de uma constru\u00e7\u00e3o verdadeira em uma luta por todos&#8221;.<\/p>\n\n\n\n<figure class=\"wp-block-image\"><img loading=\"lazy\" decoding=\"async\" width=\"1024\" height=\"1024\" src=\"https:\/\/blogs.correio24h.com.br\/mesalte\/wp-content\/uploads\/2020\/10\/card-alana-feed-1-1024x1024.png\" alt=\"\" class=\"wp-image-21881\" srcset=\"https:\/\/blogs.correio24h.com.br\/mesalte\/wp-content\/uploads\/2020\/10\/card-alana-feed-1-1024x1024.png 1024w, https:\/\/blogs.correio24h.com.br\/mesalte\/wp-content\/uploads\/2020\/10\/card-alana-feed-1-150x150.png 150w, https:\/\/blogs.correio24h.com.br\/mesalte\/wp-content\/uploads\/2020\/10\/card-alana-feed-1-300x300.png 300w, https:\/\/blogs.correio24h.com.br\/mesalte\/wp-content\/uploads\/2020\/10\/card-alana-feed-1-768x768.png 768w, https:\/\/blogs.correio24h.com.br\/mesalte\/wp-content\/uploads\/2020\/10\/card-alana-feed-1-146x146.png 146w, https:\/\/blogs.correio24h.com.br\/mesalte\/wp-content\/uploads\/2020\/10\/card-alana-feed-1-50x50.png 50w, https:\/\/blogs.correio24h.com.br\/mesalte\/wp-content\/uploads\/2020\/10\/card-alana-feed-1-1200x1200.png 1200w, https:\/\/blogs.correio24h.com.br\/mesalte\/wp-content\/uploads\/2020\/10\/card-alana-feed-1-80x80.png 80w, https:\/\/blogs.correio24h.com.br\/mesalte\/wp-content\/uploads\/2020\/10\/card-alana-feed-1-75x75.png 75w, https:\/\/blogs.correio24h.com.br\/mesalte\/wp-content\/uploads\/2020\/10\/card-alana-feed-1-85x85.png 85w, https:\/\/blogs.correio24h.com.br\/mesalte\/wp-content\/uploads\/2020\/10\/card-alana-feed-1.png 1280w\" sizes=\"auto, (max-width: 1024px) 100vw, 1024px\" \/><\/figure>\n\n\n\n<p><strong>30 de outubro&nbsp;<br>20h &nbsp;L\u00e9o Kret (DEM)<\/strong><br>&#8220;\u00c9 importante ter esse espa\u00e7o para os candidatos LGBTQIA+ se exporem. As pessoas est\u00e3o se encorajando a entrar de cabe\u00e7a nessa luta. Com a mente aberta, as pessoas entendem que somos seres humanos e quanto mais apoio conseguirmos, mais a luta cresce e fica a esperan\u00e7a de um dia acabar com o preconceito e discrimina\u00e7\u00e3o. Temos bons projetos de lei, mas falta fiscaliza\u00e7\u00e3o e encaminhamento para que esses projetos possam realmente sair do papel&#8221;.<\/p>\n\n\n\n<figure class=\"wp-block-image\"><img loading=\"lazy\" decoding=\"async\" width=\"1024\" height=\"1024\" src=\"https:\/\/blogs.correio24h.com.br\/mesalte\/wp-content\/uploads\/2020\/10\/card-leo-kret-feed-1-1024x1024.png\" alt=\"\" class=\"wp-image-21885\" srcset=\"https:\/\/blogs.correio24h.com.br\/mesalte\/wp-content\/uploads\/2020\/10\/card-leo-kret-feed-1-1024x1024.png 1024w, https:\/\/blogs.correio24h.com.br\/mesalte\/wp-content\/uploads\/2020\/10\/card-leo-kret-feed-1-150x150.png 150w, https:\/\/blogs.correio24h.com.br\/mesalte\/wp-content\/uploads\/2020\/10\/card-leo-kret-feed-1-300x300.png 300w, https:\/\/blogs.correio24h.com.br\/mesalte\/wp-content\/uploads\/2020\/10\/card-leo-kret-feed-1-768x768.png 768w, https:\/\/blogs.correio24h.com.br\/mesalte\/wp-content\/uploads\/2020\/10\/card-leo-kret-feed-1-146x146.png 146w, https:\/\/blogs.correio24h.com.br\/mesalte\/wp-content\/uploads\/2020\/10\/card-leo-kret-feed-1-50x50.png 50w, https:\/\/blogs.correio24h.com.br\/mesalte\/wp-content\/uploads\/2020\/10\/card-leo-kret-feed-1-1200x1200.png 1200w, https:\/\/blogs.correio24h.com.br\/mesalte\/wp-content\/uploads\/2020\/10\/card-leo-kret-feed-1-80x80.png 80w, https:\/\/blogs.correio24h.com.br\/mesalte\/wp-content\/uploads\/2020\/10\/card-leo-kret-feed-1-75x75.png 75w, https:\/\/blogs.correio24h.com.br\/mesalte\/wp-content\/uploads\/2020\/10\/card-leo-kret-feed-1-85x85.png 85w, https:\/\/blogs.correio24h.com.br\/mesalte\/wp-content\/uploads\/2020\/10\/card-leo-kret-feed-1.png 1280w\" sizes=\"auto, (max-width: 1024px) 100vw, 1024px\" \/><\/figure>\n\n\n\n<p><strong>20h30 &nbsp;Renatona (Pros)<\/strong><br>&#8220;N\u00f3s que somos discriminados sempre vamos chegar para mudar a C\u00e2mara de Vereadores que s\u00f3 tem h\u00e9teros que n\u00e3o fazem nada por n\u00f3s. Queremos mudar e lutar por todos n\u00f3s, por isso \u00e9 importante que esse espa\u00e7o seja dado para que a gente possa expor nossas ideias&#8221;.<\/p>\n\n\n\n<figure class=\"wp-block-image\"><img loading=\"lazy\" decoding=\"async\" width=\"1024\" height=\"1024\" src=\"https:\/\/blogs.correio24h.com.br\/mesalte\/wp-content\/uploads\/2020\/10\/card-renatona-feed-1-1024x1024.png\" alt=\"\" class=\"wp-image-21888\" srcset=\"https:\/\/blogs.correio24h.com.br\/mesalte\/wp-content\/uploads\/2020\/10\/card-renatona-feed-1-1024x1024.png 1024w, https:\/\/blogs.correio24h.com.br\/mesalte\/wp-content\/uploads\/2020\/10\/card-renatona-feed-1-150x150.png 150w, https:\/\/blogs.correio24h.com.br\/mesalte\/wp-content\/uploads\/2020\/10\/card-renatona-feed-1-300x300.png 300w, https:\/\/blogs.correio24h.com.br\/mesalte\/wp-content\/uploads\/2020\/10\/card-renatona-feed-1-768x768.png 768w, https:\/\/blogs.correio24h.com.br\/mesalte\/wp-content\/uploads\/2020\/10\/card-renatona-feed-1-146x146.png 146w, https:\/\/blogs.correio24h.com.br\/mesalte\/wp-content\/uploads\/2020\/10\/card-renatona-feed-1-50x50.png 50w, https:\/\/blogs.correio24h.com.br\/mesalte\/wp-content\/uploads\/2020\/10\/card-renatona-feed-1-1200x1200.png 1200w, https:\/\/blogs.correio24h.com.br\/mesalte\/wp-content\/uploads\/2020\/10\/card-renatona-feed-1-80x80.png 80w, https:\/\/blogs.correio24h.com.br\/mesalte\/wp-content\/uploads\/2020\/10\/card-renatona-feed-1-75x75.png 75w, https:\/\/blogs.correio24h.com.br\/mesalte\/wp-content\/uploads\/2020\/10\/card-renatona-feed-1-85x85.png 85w, https:\/\/blogs.correio24h.com.br\/mesalte\/wp-content\/uploads\/2020\/10\/card-renatona-feed-1.png 1280w\" sizes=\"auto, (max-width: 1024px) 100vw, 1024px\" \/><\/figure>\n\n\n\n<p><strong>CORREIO nas Elei\u00e7\u00f5es 2020:<\/strong><br>Em 2020, o jornal CORREIO tem ampla cobertura sobre as elei\u00e7\u00f5es na Bahia em diversas plataformas. Veja algumas a\u00e7\u00f5es:<br><strong>&#8211; Jornal Impresso: C<\/strong>obertura di\u00e1ria sobre as elei\u00e7\u00f5es em Salvador, interior da Bahia e principais cidades do Brasil.&nbsp;<br>&#8211;&nbsp;<strong>Sabatina com os candidatos: D<\/strong>e 19 a 23 de outubro, o Correio realizou entrevistas com candidatos e candidatas \u00e0 Prefeitura de Salvador com transmiss\u00e3o no Youtube, Facebook e Instagram.&nbsp;<br>&#8211;&nbsp;<strong>Vozes da comunidade<\/strong>: Especial de v\u00eddeos colaborativos de jornalismo cidad\u00e3o com as necessidades espec\u00edficas dos moradores dos 170 bairros de Salvador, representados pelas 19 zonas eleitorais da cidade; estreia em novembro.<br>&#8211;&nbsp;<strong>Guia do Voto<\/strong>: Tudo que voc\u00ea precisa saber sobre as elei\u00e7\u00f5es est\u00e1 sendo postado nas redes sociais do jornal &#8211; WhatsApp, Instagram, Tik Tok, Facebook e Twitter. Siga @correio24horas.<br>&#8211;&nbsp;<strong>Podcast<\/strong>: O que a Bahia Quer Saber, por Vitor Villar. A cobertura completa das elei\u00e7\u00f5es no interior do Estado.<\/p>\n\n\n<p><!--EndFragment--><\/p>","protected":false},"excerpt":{"rendered":"<p>A advogada Amanda Frascolla, do PDT, foi a segunda convidada da s\u00e9rie de entrevistas do Me Salte. Clique aqui e reveja a entrevista na \u00edntegra. 27 [&hellip;]<\/p>\n","protected":false},"author":1,"featured_media":21920,"comment_status":"open","ping_status":"open","sticky":false,"template":"","format":"standard","meta":{"footnotes":""},"categories":[80,11],"tags":[],"class_list":["post-21917","post","type-post","status-publish","format-standard","has-post-thumbnail","hentry","category-home","category-me-informo"],"_links":{"self":[{"href":"https:\/\/blogs.correio24horas.com.br\/mesalte\/wp-json\/wp\/v2\/posts\/21917","targetHints":{"allow":["GET"]}}],"collection":[{"href":"https:\/\/blogs.correio24horas.com.br\/mesalte\/wp-json\/wp\/v2\/posts"}],"about":[{"href":"https:\/\/blogs.correio24horas.com.br\/mesalte\/wp-json\/wp\/v2\/types\/post"}],"author":[{"embeddable":true,"href":"https:\/\/blogs.correio24horas.com.br\/mesalte\/wp-json\/wp\/v2\/users\/1"}],"replies":[{"embeddable":true,"href":"https:\/\/blogs.correio24horas.com.br\/mesalte\/wp-json\/wp\/v2\/comments?post=21917"}],"version-history":[{"count":5,"href":"https:\/\/blogs.correio24horas.com.br\/mesalte\/wp-json\/wp\/v2\/posts\/21917\/revisions"}],"predecessor-version":[{"id":21956,"href":"https:\/\/blogs.correio24horas.com.br\/mesalte\/wp-json\/wp\/v2\/posts\/21917\/revisions\/21956"}],"wp:featuredmedia":[{"embeddable":true,"href":"https:\/\/blogs.correio24horas.com.br\/mesalte\/wp-json\/wp\/v2\/media\/21920"}],"wp:attachment":[{"href":"https:\/\/blogs.correio24horas.com.br\/mesalte\/wp-json\/wp\/v2\/media?parent=21917"}],"wp:term":[{"taxonomy":"category","embeddable":true,"href":"https:\/\/blogs.correio24horas.com.br\/mesalte\/wp-json\/wp\/v2\/categories?post=21917"},{"taxonomy":"post_tag","embeddable":true,"href":"https:\/\/blogs.correio24horas.com.br\/mesalte\/wp-json\/wp\/v2\/tags?post=21917"}],"curies":[{"name":"wp","href":"https:\/\/api.w.org\/{rel}","templated":true}]}}