{"id":21908,"date":"2020-10-26T15:37:13","date_gmt":"2020-10-26T18:37:13","guid":{"rendered":"https:\/\/blogs.correio24horas.com.br\/mesalte\/?p=21908"},"modified":"2020-10-26T16:06:48","modified_gmt":"2020-10-26T19:06:48","slug":"as-propostas-de-candidates-lgbtqia-para-a-camara-municipal-de-salvador","status":"publish","type":"post","link":"https:\/\/blogs.correio24horas.com.br\/mesalte\/as-propostas-de-candidates-lgbtqia-para-a-camara-municipal-de-salvador\/","title":{"rendered":"As propostas de candidates LGBTQIA+ para a C\u00e2mara Municipal de Salvador"},"content":{"rendered":"\n<p>Por Vin\u00edcius Nascimento <\/p>\n\n\n\n<p>A cobertura de elei\u00e7\u00f5es no CORREIO segue a todo vapor e, a partir desta segunda-feira (26), o canal&nbsp;Me Salte, especializado em produ\u00e7\u00e3o de conte\u00fado para o p\u00fablico LGBTQIA+,&nbsp;faz uma s\u00e9rie de entrevistas, ao vivo, com pessoas da comunidade que concorrem aos cargos na C\u00e2mara Municipal de Salvador. Foram convidades candidates de todas as coliga\u00e7\u00f5es majorit\u00e1rias que concorrem \u00e0 cargos em Salvador. O PRTB e o PCO&nbsp;informaram &nbsp;que n\u00e3o t\u00eam nenhuma candidatura LGBTQIA+.<\/p>\n\n\n\n<p>O professor Jaime Barreiros, analista judici\u00e1rio do Tribunal Regional Eleitoral da Bahia (TRE-BA) explica que, de acordo com a Lei 9.594 &#8211; a Lei das Elei\u00e7\u00f5es -, jornais impressos e sites n\u00e3o precisam manter as mesmas regras que ve\u00edculos de r\u00e1dio e televis\u00e3o. Por serem concess\u00f5es p\u00fablicas, empresas de r\u00e1dio e TV precisam manter a igualdade entre os candidatos entrevistados. J\u00e1 sites, blogs e ve\u00edculos em meios digitais podem fazer entrevistas livremente.<\/p>\n\n\n\n<blockquote class=\"wp-block-quote is-layout-flow wp-block-quote-is-layout-flow\"><p><strong>\u201cR\u00e1dio e televis\u00e3o s\u00e3o concess\u00f5es p\u00fablicas, podem entrevistar qualquer candidato, desde que estabele\u00e7a uma igualdade: entrevista um candidato de um partido, tem que entrevistar de outro. Em jornal escrito, blog, internet, n\u00e3o tem essas regras. Pode entrevistar quem quiser, quantas vezes quiser. N\u00e3o tem problema algum\u201d<\/strong>, esclareceu o especialista em Direito Eleitoral. <\/p><\/blockquote>\n\n\n\n<p> Em Salvador, dez candidates toparam o desafio e ter\u00e3o 30 minutos de entrevista conduzida pelo jornalista Jorge Gauthier no Instagram do Me Salte (@me_salte) ao longo desta semana. As entrevistas ser\u00e3o no esquema de pergunta-resposta de maneira propositiva. A ideia \u00e9 que cada candidate explique os seus objetivos e projetos para a comunidade LGBTQIA+. Al\u00e9m de perguntas feitas por Jorge Gauthier, leitoras e leitores do Me Salte tamb\u00e9m ter\u00e3o voz. <\/p>\n\n\n\n<p>Gauthier aponta que o CORREIO&nbsp;&nbsp;\u00e9 um jornal que valoriza a pluralidade da democracia e por esse motivo apoia a iniciativa do Me Salte de fazer esse conte\u00fado especial. \u201cO Me Salte &nbsp;abre esse espa\u00e7o democr\u00e1tico para visibilizar essas candidaturas por entender que \u00e9 fundamental para a constru\u00e7\u00e3o da nossa sociedade visibilizar essas vozes da comunidade LGBTQIA+, que buscam espa\u00e7o nos centros de poder\u201d, diz o jornalista. Ser\u00e3o duas entrevistas por dia at\u00e9 30 de outubro. Todes candidates concordaram com a ordem das entrevistas.&nbsp;<\/p>\n\n\n\n<p><strong>Representatividade<\/strong><br>Coordenador de comunica\u00e7\u00e3o do programa Voto com Orgulho, Gregory Rodrigues explica que dar esse espa\u00e7o para candidaturas LGBTQIA+ \u00e9 importante porque muitas vezes essas pessoas n\u00e3o t\u00eam espa\u00e7o, tampouco capacidade de investimento para fazer uma campanha s\u00f3lida.<\/p>\n\n\n\n<blockquote class=\"wp-block-quote is-layout-flow wp-block-quote-is-layout-flow\"><p><strong>\u201cDar um espa\u00e7o para aqueles que s\u00e3o minorizados \u00e9 de extrema import\u00e2ncia para equilibrar o jogo democr\u00e1tico. Sem democracia e sem equil\u00edbrio, a gente n\u00e3o constr\u00f3i uma sociedade\u201d<\/strong>, explica o coordenador.<\/p><\/blockquote>\n\n\n\n<p>Presidente da Alian\u00e7a LGBTI+, Toni Reis aponta que a democracia se fortalece com minorias atuantes e aponta que os grupos marginalizados sofrem para fazer campanha contra grupos mais poderosos e tradicionais. Segundo Toni, o grupo LGBTQIA+ ainda est\u00e1 no terceiro escal\u00e3o de financiamento e n\u00e3o se pode contentar com migalhas.<\/p>\n\n\n\n<p>O cientista pol\u00edtico Cloves Oliveira, pesquisador em estudos eleitorais, explica que os \u00f3rg\u00e3os, tanto legislativos quanto executivos, devem representar a sociedade em que est\u00e3o inseridos: \u201cA ideia da representa\u00e7\u00e3o proporcional \u00e9 que todos os grupos, em termos de ideias e interesse, possam estar representados e isso n\u00e3o acontece nas C\u00e2maras Legislativas da Bahia. O sistema democr\u00e1tico tem que dar oportunidade para todos e todas de votar e serem votados, para que eles possam ocupar os cargos p\u00fablicos, defender a agenda desse grupo e tamb\u00e9m ter autonomia para representar as demandas de toda a sociedade\u201d.<\/p>\n\n\n\n<p>O cientista tamb\u00e9m lembrou que a \u00fanica trans a ocupar uma cadeira na C\u00e2mara de Vereadores de Salvador foi Leo Kret, entre 2008 e 2012. \u201cN\u00e3o se trata s\u00f3 de concorrer, porque se candidatar quase todo mundo pode, mas de conquistar um apoio substantivo do partido, vencer o preconceito do eleitorado e se colocar como capaz de responder aos segmentos da sociedade e, ao final, vencer uma elei\u00e7\u00e3o, que \u00e9 extremamente dif\u00edcil, porque mecanismos institucionais dificultam o sucesso deles e delas\u201d, analisou o Cloves Oliveira, que tamb\u00e9m \u00e9 professor da Ufba.<\/p>\n\n\n\n<p>Editora-chefe do Jornal CORREIO, Linda Bezerra aponta que a democracia prev\u00ea uma variedade de vozes e esse \u00e9 um ponto que norteia toda a cobertura do jornal nas Elei\u00e7\u00f5es 2020. Ela aponta que o conte\u00fado do ve\u00edculo precisa ser diverso, plural e \u00e9 importante que uma agenda como a do LGBTQIA+ esteja presente no tema elei\u00e7\u00f5es, porque essa \u00e9 uma comunidade que, historicamente, tem direitos desrespeitados, esquecidos e vilipendiados.<\/p>\n\n\n\n<p>Ela aponta que uma das marcas do CORREIO \u00e9 a diversidade e, por isso, essa agenda dialoga com o papel do ve\u00edculo.<\/p>\n\n\n\n<blockquote class=\"wp-block-quote is-layout-flow wp-block-quote-is-layout-flow\"><p><strong>\u201cO Me Salte tem um trabalho de valoriza\u00e7\u00e3o da agenda da comunidade LGBTQIA+ e, al\u00e9m disso, \u00e9 necess\u00e1rio dar voz a ela. \u00c9 um direito do Me Salte fazer esse recorte. O leitor do canal merece saber o que os candidatos que est\u00e3o com essa bandeira pretendem buscar. Isso inaugura um formato para determinados nichos da sociedade\u201d<\/strong>, diz Linda.<\/p><\/blockquote>\n\n\n\n<p>O Me Salte \u00e9 o canal de not\u00edcias LBGTQIA+ do jornal CORREIO. Foi criado h\u00e1 quatro anos e, nesse per\u00edodo, acumula mais de 26 milh\u00f5es de acessos. Dentro do blog e redes sociais \u00e9 poss\u00edvel encontrar conte\u00fados que v\u00e3o desde autocuidado, curiosidades, lacra\u00e7\u00e3o e pol\u00edticas voltadas \u00e0 comunidade.<\/p>\n\n\n\n<p><\/p>\n\n\n\n<p>Marcelo Cerqueira, presidente do Grupo Gay da Bahia, destaca a import\u00e2ncia da elei\u00e7\u00e3o de pessoas LGBTQIA+. &#8220;Eu acho que s\u00f3 a pol\u00edtica liberta, pari passu com atua\u00e7\u00e3o na sociedade na educa\u00e7\u00e3o, em especial, para educar um povo mal educado e sem educa\u00e7\u00e3o, que&nbsp;n\u00e3o consegue ver a grandiosidade da participa\u00e7\u00e3o popular na Legislativo.&nbsp;\u00c9 uma chance esse momento da popula\u00e7\u00e3o LGBT, evoluir na consolida\u00e7\u00e3o de muitos direitos que s\u00e3o nagados&#8221;, destacou.&nbsp;<\/p>\n\n\n\n<p>Pesquisador do movimento LGBTQIA+&nbsp;Eduardo Michels classifica como important\u00edssima a exist\u00eancia dessas candidaturas. Segundo ele, o pa\u00eds vive um per\u00edodo de nega\u00e7\u00e3o de direitos fundamentais e ter candidaturas que sejam ou que apoiem a pauta \u00e9 ben\u00e9fico para a democracia. \u201cO Brasil precisa avan\u00e7ar em seus direitos civis, que v\u00eam sofrendo grandes amea\u00e7as. H\u00e1 preocupa\u00e7\u00e3o que esse quadro piore e portanto \u00e9 importante dar espa\u00e7o a candidaturas que ofere\u00e7am melhorias a essa comunidade\u201d, diz.<\/p>\n\n\n\n<p><strong>Recorde<\/strong><br>N\u00e3o h\u00e1 um levantamento oficial do Tribunal Superior Eleitoral (TSE) sobre a quantidade de candidates que se identifica como LGBTQIA+. No entanto, a ONG Alian\u00e7a Nacional LGBTI+ fez um levantamento este ano junto aos partidos e atrav\u00e9s de cadastros no site e apontou um n\u00famero recorde: 585 pessoas da comunidade se candidataram \u00e0s elei\u00e7\u00f5es municipais.<\/p>\n\n\n\n<p>Estima-se que em Salvador haja pelo menos 55 candidaturas.&nbsp;A ONG criou o Programa #VotoComOrgulho para acompanhar e monitorar a participa\u00e7\u00e3o de candidaturas LGBTI e tamb\u00e9m ofereceu um curso virtual de forma\u00e7\u00e3o com quest\u00f5es relacionadas a cidadania LGBTI+, direitos humanos e pol\u00edticas p\u00fablicas, planejamento, aspectos pol\u00edticos e a propaganda para se um bom desempenho eleitoral.<\/p>\n\n\n\n<p>Das 585 ades\u00f5es, foram 15 pr\u00e9-candidaturas para prefeitas e prefeitos e 569 para vereadoras e vereadores. O universo \u00e9 composto por 46,8% (274) de gays, 12,6% (74) de l\u00e9sbicas, 11,6% (69) de mulheres trans, 4,8% (28) de bissexuais masculinos e o restante das demais identidades de g\u00eanero e orienta\u00e7\u00f5es sexuais.<\/p>\n\n\n\n<p>Esse levantamento \u00e9 feito desde 1996, quando houve apenas oito candidaturas. Vinte anos depois, em 2016, nas \u00faltimas elei\u00e7\u00f5es municipais, esse n\u00famero saltou para 377 candidates, de acordo com a ONG ABGLT (Associa\u00e7\u00e3o Brasileira de L\u00e9sbicas, Gays, Bissexuais, Travestis, Transexuais e Intersexos).<\/p>\n\n\n\n<p>Esta n\u00e3o ser\u00e1 a \u00fanica s\u00e9rie de entrevistas com candidates LGBTQIA+ do Me Salte. Em novembro, o blog realiza uma segunda parte da s\u00e9rie com reportagens.&nbsp;As transmiss\u00f5es das elei\u00e7\u00f5es do CORREIO contam com apoio da ITS Brasil.<\/p>\n\n\n\n<h3 class=\"wp-block-heading\"><strong>Confira o calend\u00e1rio de entrevistas<\/strong><\/h3>\n\n\n\n<p><strong>26 de outubro&nbsp;<br>20h Petra da Bancada (PT)<\/strong><br>&#8220;Estamos numa caminhada pedag\u00f3gica de convencimento &nbsp;de que os espa\u00e7os de poder tamb\u00e9m s\u00e3o nossos. Portanto, precisamos organizar, mobilizar e discutir muita pol\u00edtica: atrav\u00e9s dela, conquistamos melhorias e garantimos direitos. Mas precisamos tamb\u00e9m apostar em novos formatos, partir de novos erros, e a nossa candidatura coletiva \u00e9 a nossa grande narrativa destas elei\u00e7\u00f5es&#8221;.<\/p>\n\n\n\n<figure class=\"wp-block-image\"><img loading=\"lazy\" decoding=\"async\" width=\"1024\" height=\"1024\" src=\"https:\/\/blogs.correio24h.com.br\/mesalte\/wp-content\/uploads\/2020\/10\/CARD-PETRA-FEED-1-1024x1024.png\" alt=\"\" class=\"wp-image-21887\" srcset=\"https:\/\/blogs.correio24h.com.br\/mesalte\/wp-content\/uploads\/2020\/10\/CARD-PETRA-FEED-1-1024x1024.png 1024w, https:\/\/blogs.correio24h.com.br\/mesalte\/wp-content\/uploads\/2020\/10\/CARD-PETRA-FEED-1-150x150.png 150w, https:\/\/blogs.correio24h.com.br\/mesalte\/wp-content\/uploads\/2020\/10\/CARD-PETRA-FEED-1-300x300.png 300w, https:\/\/blogs.correio24h.com.br\/mesalte\/wp-content\/uploads\/2020\/10\/CARD-PETRA-FEED-1-768x768.png 768w, https:\/\/blogs.correio24h.com.br\/mesalte\/wp-content\/uploads\/2020\/10\/CARD-PETRA-FEED-1-146x146.png 146w, https:\/\/blogs.correio24h.com.br\/mesalte\/wp-content\/uploads\/2020\/10\/CARD-PETRA-FEED-1-50x50.png 50w, https:\/\/blogs.correio24h.com.br\/mesalte\/wp-content\/uploads\/2020\/10\/CARD-PETRA-FEED-1-1200x1200.png 1200w, https:\/\/blogs.correio24h.com.br\/mesalte\/wp-content\/uploads\/2020\/10\/CARD-PETRA-FEED-1-80x80.png 80w, https:\/\/blogs.correio24h.com.br\/mesalte\/wp-content\/uploads\/2020\/10\/CARD-PETRA-FEED-1-75x75.png 75w, https:\/\/blogs.correio24h.com.br\/mesalte\/wp-content\/uploads\/2020\/10\/CARD-PETRA-FEED-1-85x85.png 85w, https:\/\/blogs.correio24h.com.br\/mesalte\/wp-content\/uploads\/2020\/10\/CARD-PETRA-FEED-1.png 1280w\" sizes=\"auto, (max-width: 1024px) 100vw, 1024px\" \/><\/figure>\n\n\n\n<p><strong>20h30 Amanda Frascolla (PDT)<\/strong><br>&#8220;Levanto a bandeira LGBTQIA+ porque sei como \u00e9 dif\u00edcil a vida dessas pessoas. Apesar de a gente j\u00e1 ter feito v\u00e1rias outras conquistas, ainda precisamos ter representatividade na C\u00e2mara dos Vereadores, levar projetos de lei para a comunidade LGBTQIA+&#8221;.<\/p>\n\n\n\n<figure class=\"wp-block-image\"><img loading=\"lazy\" decoding=\"async\" width=\"1024\" height=\"1024\" src=\"https:\/\/blogs.correio24h.com.br\/mesalte\/wp-content\/uploads\/2020\/10\/CARD-AMANDA-FEED-1-1024x1024.png\" alt=\"\" class=\"wp-image-21882\" srcset=\"https:\/\/blogs.correio24h.com.br\/mesalte\/wp-content\/uploads\/2020\/10\/CARD-AMANDA-FEED-1-1024x1024.png 1024w, https:\/\/blogs.correio24h.com.br\/mesalte\/wp-content\/uploads\/2020\/10\/CARD-AMANDA-FEED-1-150x150.png 150w, https:\/\/blogs.correio24h.com.br\/mesalte\/wp-content\/uploads\/2020\/10\/CARD-AMANDA-FEED-1-300x300.png 300w, https:\/\/blogs.correio24h.com.br\/mesalte\/wp-content\/uploads\/2020\/10\/CARD-AMANDA-FEED-1-768x768.png 768w, https:\/\/blogs.correio24h.com.br\/mesalte\/wp-content\/uploads\/2020\/10\/CARD-AMANDA-FEED-1-146x146.png 146w, https:\/\/blogs.correio24h.com.br\/mesalte\/wp-content\/uploads\/2020\/10\/CARD-AMANDA-FEED-1-50x50.png 50w, https:\/\/blogs.correio24h.com.br\/mesalte\/wp-content\/uploads\/2020\/10\/CARD-AMANDA-FEED-1-1200x1200.png 1200w, https:\/\/blogs.correio24h.com.br\/mesalte\/wp-content\/uploads\/2020\/10\/CARD-AMANDA-FEED-1-80x80.png 80w, https:\/\/blogs.correio24h.com.br\/mesalte\/wp-content\/uploads\/2020\/10\/CARD-AMANDA-FEED-1-75x75.png 75w, https:\/\/blogs.correio24h.com.br\/mesalte\/wp-content\/uploads\/2020\/10\/CARD-AMANDA-FEED-1-85x85.png 85w, https:\/\/blogs.correio24h.com.br\/mesalte\/wp-content\/uploads\/2020\/10\/CARD-AMANDA-FEED-1.png 1280w\" sizes=\"auto, (max-width: 1024px) 100vw, 1024px\" \/><\/figure>\n\n\n\n<p><strong>27 de outubro<br>20h On\u00e3 Rud\u00e1&nbsp;(PCdoB)<\/strong><br>&#8220;A gente vive numa sociedade em que o preconceito contra as pessoas LGBTs \u00e9 muito grande e isso se expressa em diversos ambientes. N\u00e3o temos nenhum representante LGBT em Salvador, que \u00e9 uma das cidades que mais violenta essas pessoas no Brasil inteiro. \u00c9 importante dar visibilidade a esses projetos, \u00e0s figuras que se colocam para representar essa comunidade. \u00c9 mundo comum associarem a LGBTfobia a uma viol\u00eancia direta, que s\u00f3 pode ser sentida com um xingamento ou agress\u00e3o f\u00edsica, mas ela \u00e9 um sistema que imp\u00f5e desvantagens \u00e0s pessoas LGBTs em todos os ambientes da vida em sociedade&#8221;.<\/p>\n\n\n\n<figure class=\"wp-block-image\"><img loading=\"lazy\" decoding=\"async\" width=\"1024\" height=\"1024\" src=\"https:\/\/blogs.correio24h.com.br\/mesalte\/wp-content\/uploads\/2020\/10\/CARD-ONA-FEED-1-1024x1024.png\" alt=\"\" class=\"wp-image-21886\" srcset=\"https:\/\/blogs.correio24h.com.br\/mesalte\/wp-content\/uploads\/2020\/10\/CARD-ONA-FEED-1-1024x1024.png 1024w, https:\/\/blogs.correio24h.com.br\/mesalte\/wp-content\/uploads\/2020\/10\/CARD-ONA-FEED-1-150x150.png 150w, https:\/\/blogs.correio24h.com.br\/mesalte\/wp-content\/uploads\/2020\/10\/CARD-ONA-FEED-1-300x300.png 300w, https:\/\/blogs.correio24h.com.br\/mesalte\/wp-content\/uploads\/2020\/10\/CARD-ONA-FEED-1-768x768.png 768w, https:\/\/blogs.correio24h.com.br\/mesalte\/wp-content\/uploads\/2020\/10\/CARD-ONA-FEED-1-146x146.png 146w, https:\/\/blogs.correio24h.com.br\/mesalte\/wp-content\/uploads\/2020\/10\/CARD-ONA-FEED-1-50x50.png 50w, https:\/\/blogs.correio24h.com.br\/mesalte\/wp-content\/uploads\/2020\/10\/CARD-ONA-FEED-1-1200x1200.png 1200w, https:\/\/blogs.correio24h.com.br\/mesalte\/wp-content\/uploads\/2020\/10\/CARD-ONA-FEED-1-80x80.png 80w, https:\/\/blogs.correio24h.com.br\/mesalte\/wp-content\/uploads\/2020\/10\/CARD-ONA-FEED-1-75x75.png 75w, https:\/\/blogs.correio24h.com.br\/mesalte\/wp-content\/uploads\/2020\/10\/CARD-ONA-FEED-1-85x85.png 85w, https:\/\/blogs.correio24h.com.br\/mesalte\/wp-content\/uploads\/2020\/10\/CARD-ONA-FEED-1.png 1280w\" sizes=\"auto, (max-width: 1024px) 100vw, 1024px\" \/><\/figure>\n\n\n\n<p><strong>20h30&nbsp;Tutua (Avante)<\/strong><br>&#8220;A popula\u00e7\u00e3o LGBTQIA+ ainda precisa de representa\u00e7\u00e3o no espa\u00e7o pol\u00edtico para pensar em projetos que prevejam o bem-estar social para pessoas que nunca foram vistas como cidad\u00e3s perante o Estado. Por isso \u00e9 muito importante ter esse espa\u00e7o para que a gente mostre nossas ideias&#8221;<\/p>\n\n\n\n<figure class=\"wp-block-image\"><img loading=\"lazy\" decoding=\"async\" width=\"1024\" height=\"1024\" src=\"https:\/\/blogs.correio24h.com.br\/mesalte\/wp-content\/uploads\/2020\/10\/CARD-TUTUA-FEED-1-1024x1024.png\" alt=\"\" class=\"wp-image-21891\" srcset=\"https:\/\/blogs.correio24h.com.br\/mesalte\/wp-content\/uploads\/2020\/10\/CARD-TUTUA-FEED-1-1024x1024.png 1024w, https:\/\/blogs.correio24h.com.br\/mesalte\/wp-content\/uploads\/2020\/10\/CARD-TUTUA-FEED-1-150x150.png 150w, https:\/\/blogs.correio24h.com.br\/mesalte\/wp-content\/uploads\/2020\/10\/CARD-TUTUA-FEED-1-300x300.png 300w, https:\/\/blogs.correio24h.com.br\/mesalte\/wp-content\/uploads\/2020\/10\/CARD-TUTUA-FEED-1-768x768.png 768w, https:\/\/blogs.correio24h.com.br\/mesalte\/wp-content\/uploads\/2020\/10\/CARD-TUTUA-FEED-1-146x146.png 146w, https:\/\/blogs.correio24h.com.br\/mesalte\/wp-content\/uploads\/2020\/10\/CARD-TUTUA-FEED-1-50x50.png 50w, https:\/\/blogs.correio24h.com.br\/mesalte\/wp-content\/uploads\/2020\/10\/CARD-TUTUA-FEED-1-1200x1200.png 1200w, https:\/\/blogs.correio24h.com.br\/mesalte\/wp-content\/uploads\/2020\/10\/CARD-TUTUA-FEED-1-80x80.png 80w, https:\/\/blogs.correio24h.com.br\/mesalte\/wp-content\/uploads\/2020\/10\/CARD-TUTUA-FEED-1-75x75.png 75w, https:\/\/blogs.correio24h.com.br\/mesalte\/wp-content\/uploads\/2020\/10\/CARD-TUTUA-FEED-1-85x85.png 85w, https:\/\/blogs.correio24h.com.br\/mesalte\/wp-content\/uploads\/2020\/10\/CARD-TUTUA-FEED-1.png 1280w\" sizes=\"auto, (max-width: 1024px) 100vw, 1024px\" \/><\/figure>\n\n\n\n<p><strong>28 de outubro<br>20h Ariane Senna (PSB)<\/strong><br>&#8220;Precisamos dessa visibilidade positiva e da oportunidade de mostrar para a sociedade que somos LGBTQIA+ competentes. Somos ativistas sociais, intelectuais e aptas para disputar um cen\u00e1rio pol\u00edtico e eleitoral que estamos vivendo nessa conjuntura de tens\u00e3o de retirada de direitos. \u00c9 a nossa exist\u00eancia que est\u00e1 dentro desse espa\u00e7o, n\u00e3o apenas escrevendo e propondo novas diretrizes para a nossa popula\u00e7\u00e3o, mas tamb\u00e9m fiscalizando a sua execu\u00e7\u00e3o&#8221;.<\/p>\n\n\n\n<figure class=\"wp-block-image\"><img loading=\"lazy\" decoding=\"async\" width=\"1024\" height=\"1024\" src=\"https:\/\/blogs.correio24h.com.br\/mesalte\/wp-content\/uploads\/2020\/10\/CARD-ARIANE-FEED-1-1024x1024.png\" alt=\"\" class=\"wp-image-21883\" srcset=\"https:\/\/blogs.correio24h.com.br\/mesalte\/wp-content\/uploads\/2020\/10\/CARD-ARIANE-FEED-1-1024x1024.png 1024w, https:\/\/blogs.correio24h.com.br\/mesalte\/wp-content\/uploads\/2020\/10\/CARD-ARIANE-FEED-1-150x150.png 150w, https:\/\/blogs.correio24h.com.br\/mesalte\/wp-content\/uploads\/2020\/10\/CARD-ARIANE-FEED-1-300x300.png 300w, https:\/\/blogs.correio24h.com.br\/mesalte\/wp-content\/uploads\/2020\/10\/CARD-ARIANE-FEED-1-768x768.png 768w, https:\/\/blogs.correio24h.com.br\/mesalte\/wp-content\/uploads\/2020\/10\/CARD-ARIANE-FEED-1-146x146.png 146w, https:\/\/blogs.correio24h.com.br\/mesalte\/wp-content\/uploads\/2020\/10\/CARD-ARIANE-FEED-1-50x50.png 50w, https:\/\/blogs.correio24h.com.br\/mesalte\/wp-content\/uploads\/2020\/10\/CARD-ARIANE-FEED-1-1200x1200.png 1200w, https:\/\/blogs.correio24h.com.br\/mesalte\/wp-content\/uploads\/2020\/10\/CARD-ARIANE-FEED-1-80x80.png 80w, https:\/\/blogs.correio24h.com.br\/mesalte\/wp-content\/uploads\/2020\/10\/CARD-ARIANE-FEED-1-75x75.png 75w, https:\/\/blogs.correio24h.com.br\/mesalte\/wp-content\/uploads\/2020\/10\/CARD-ARIANE-FEED-1-85x85.png 85w, https:\/\/blogs.correio24h.com.br\/mesalte\/wp-content\/uploads\/2020\/10\/CARD-ARIANE-FEED-1.png 1280w\" sizes=\"auto, (max-width: 1024px) 100vw, 1024px\" \/><\/figure>\n\n\n\n<p><strong>20h30 &nbsp;Laina Cris\u00f3stomo (Psol)<\/strong><br>&#8220;N\u00e3o \u00e9 s\u00f3 sobre representatividade, \u00e9 algo sobre mostrar o projeto pol\u00edtico para a causa. Temos uma C\u00e2mara Municipal com 43 cadeiras, com uma quantidade \u00ednfima de mulheres, de negras e negros e nenhuma de LGBTQIA+ e isso diz muito sobre o que a gente precisa pensar sobre representatidade. Podemos construir muita coisa com as pessoas cis e h\u00e9tero, mas a gente precisa entender que quem sofre e sente a dor \u00e9 quem sabe falar sobre ela. Por isso, pautamos tanto a ideia de representatividade, mas sempre com compromisso, porque n\u00e3o \u00e9 qualquer LGBT que vai defender as nossas causas&#8221;<\/p>\n\n\n\n<figure class=\"wp-block-image\"><img loading=\"lazy\" decoding=\"async\" width=\"1024\" height=\"1024\" src=\"https:\/\/blogs.correio24h.com.br\/mesalte\/wp-content\/uploads\/2020\/10\/CARD-LAINA-FEED-1-1024x1024.png\" alt=\"\" class=\"wp-image-21884\" srcset=\"https:\/\/blogs.correio24h.com.br\/mesalte\/wp-content\/uploads\/2020\/10\/CARD-LAINA-FEED-1-1024x1024.png 1024w, https:\/\/blogs.correio24h.com.br\/mesalte\/wp-content\/uploads\/2020\/10\/CARD-LAINA-FEED-1-150x150.png 150w, https:\/\/blogs.correio24h.com.br\/mesalte\/wp-content\/uploads\/2020\/10\/CARD-LAINA-FEED-1-300x300.png 300w, https:\/\/blogs.correio24h.com.br\/mesalte\/wp-content\/uploads\/2020\/10\/CARD-LAINA-FEED-1-768x768.png 768w, https:\/\/blogs.correio24h.com.br\/mesalte\/wp-content\/uploads\/2020\/10\/CARD-LAINA-FEED-1-146x146.png 146w, https:\/\/blogs.correio24h.com.br\/mesalte\/wp-content\/uploads\/2020\/10\/CARD-LAINA-FEED-1-50x50.png 50w, https:\/\/blogs.correio24h.com.br\/mesalte\/wp-content\/uploads\/2020\/10\/CARD-LAINA-FEED-1-1200x1200.png 1200w, https:\/\/blogs.correio24h.com.br\/mesalte\/wp-content\/uploads\/2020\/10\/CARD-LAINA-FEED-1-80x80.png 80w, https:\/\/blogs.correio24h.com.br\/mesalte\/wp-content\/uploads\/2020\/10\/CARD-LAINA-FEED-1-75x75.png 75w, https:\/\/blogs.correio24h.com.br\/mesalte\/wp-content\/uploads\/2020\/10\/CARD-LAINA-FEED-1-85x85.png 85w, https:\/\/blogs.correio24h.com.br\/mesalte\/wp-content\/uploads\/2020\/10\/CARD-LAINA-FEED-1.png 1280w\" sizes=\"auto, (max-width: 1024px) 100vw, 1024px\" \/><\/figure>\n\n\n\n<p><strong>29 de outubro&nbsp;<br>20h Rosy Silva (PDT)<\/strong><br>&#8220;Como pessoa LGBTQIA+, eu conhe\u00e7o na pele as mazelas dessa popula\u00e7\u00e3o, minha voz \u00e9 a voz de uma mulher l\u00e9sbica que sempre esteve envolvida com o p\u00fablico, inclusive na lideran\u00e7a da marcha LGBTQIA+ do Sub\u00farbio. Quero prop\u00f4r politicas p\u00fablicas que concedam o direito a essa parcela da popula\u00e7\u00e3o que se encontra esquecida. Pol\u00edticas essas de inclus\u00e3o e repara\u00e7\u00e3o por anos de silenciamento e de segrega\u00e7\u00e3o de direito&#8221;.<\/p>\n\n\n\n<figure class=\"wp-block-image\"><img loading=\"lazy\" decoding=\"async\" width=\"1024\" height=\"1024\" src=\"https:\/\/blogs.correio24h.com.br\/mesalte\/wp-content\/uploads\/2020\/10\/card-rosy-feed-1-1024x1024.png\" alt=\"\" class=\"wp-image-21889\" srcset=\"https:\/\/blogs.correio24h.com.br\/mesalte\/wp-content\/uploads\/2020\/10\/card-rosy-feed-1-1024x1024.png 1024w, https:\/\/blogs.correio24h.com.br\/mesalte\/wp-content\/uploads\/2020\/10\/card-rosy-feed-1-150x150.png 150w, https:\/\/blogs.correio24h.com.br\/mesalte\/wp-content\/uploads\/2020\/10\/card-rosy-feed-1-300x300.png 300w, https:\/\/blogs.correio24h.com.br\/mesalte\/wp-content\/uploads\/2020\/10\/card-rosy-feed-1-768x768.png 768w, https:\/\/blogs.correio24h.com.br\/mesalte\/wp-content\/uploads\/2020\/10\/card-rosy-feed-1-146x146.png 146w, https:\/\/blogs.correio24h.com.br\/mesalte\/wp-content\/uploads\/2020\/10\/card-rosy-feed-1-50x50.png 50w, https:\/\/blogs.correio24h.com.br\/mesalte\/wp-content\/uploads\/2020\/10\/card-rosy-feed-1-1200x1200.png 1200w, https:\/\/blogs.correio24h.com.br\/mesalte\/wp-content\/uploads\/2020\/10\/card-rosy-feed-1-80x80.png 80w, https:\/\/blogs.correio24h.com.br\/mesalte\/wp-content\/uploads\/2020\/10\/card-rosy-feed-1-75x75.png 75w, https:\/\/blogs.correio24h.com.br\/mesalte\/wp-content\/uploads\/2020\/10\/card-rosy-feed-1-85x85.png 85w, https:\/\/blogs.correio24h.com.br\/mesalte\/wp-content\/uploads\/2020\/10\/card-rosy-feed-1.png 1280w\" sizes=\"auto, (max-width: 1024px) 100vw, 1024px\" \/><\/figure>\n\n\n\n<p><strong>20h30 Alana Carvalho (Podemos)<\/strong><br>&#8220;Esse espa\u00e7o que o CORREIO d\u00e1 para candidates LGBTQIA+ \u00e9 importante para mostrar diversidade dentro da pol\u00edtica e nos mostrar que \u00e9 poss\u00edvel ocupar esses espa\u00e7os. \u00c9 importante ter uma representante trans na pol\u00edtica para representar o povo LGTB e de matriz africana, sendo uma porta-voz direta dentro desse espa\u00e7o para se fazer uma mudan\u00e7a e renova\u00e7\u00e3o, dentro de uma constru\u00e7\u00e3o verdadeira em uma luta por todos&#8221;.<\/p>\n\n\n\n<figure class=\"wp-block-image\"><img loading=\"lazy\" decoding=\"async\" width=\"1024\" height=\"1024\" src=\"https:\/\/blogs.correio24h.com.br\/mesalte\/wp-content\/uploads\/2020\/10\/card-alana-feed-1-1024x1024.png\" alt=\"\" class=\"wp-image-21881\" srcset=\"https:\/\/blogs.correio24h.com.br\/mesalte\/wp-content\/uploads\/2020\/10\/card-alana-feed-1-1024x1024.png 1024w, https:\/\/blogs.correio24h.com.br\/mesalte\/wp-content\/uploads\/2020\/10\/card-alana-feed-1-150x150.png 150w, https:\/\/blogs.correio24h.com.br\/mesalte\/wp-content\/uploads\/2020\/10\/card-alana-feed-1-300x300.png 300w, https:\/\/blogs.correio24h.com.br\/mesalte\/wp-content\/uploads\/2020\/10\/card-alana-feed-1-768x768.png 768w, https:\/\/blogs.correio24h.com.br\/mesalte\/wp-content\/uploads\/2020\/10\/card-alana-feed-1-146x146.png 146w, https:\/\/blogs.correio24h.com.br\/mesalte\/wp-content\/uploads\/2020\/10\/card-alana-feed-1-50x50.png 50w, https:\/\/blogs.correio24h.com.br\/mesalte\/wp-content\/uploads\/2020\/10\/card-alana-feed-1-1200x1200.png 1200w, https:\/\/blogs.correio24h.com.br\/mesalte\/wp-content\/uploads\/2020\/10\/card-alana-feed-1-80x80.png 80w, https:\/\/blogs.correio24h.com.br\/mesalte\/wp-content\/uploads\/2020\/10\/card-alana-feed-1-75x75.png 75w, https:\/\/blogs.correio24h.com.br\/mesalte\/wp-content\/uploads\/2020\/10\/card-alana-feed-1-85x85.png 85w, https:\/\/blogs.correio24h.com.br\/mesalte\/wp-content\/uploads\/2020\/10\/card-alana-feed-1.png 1280w\" sizes=\"auto, (max-width: 1024px) 100vw, 1024px\" \/><\/figure>\n\n\n\n<p><strong>30 de outubro&nbsp;<br>20h &nbsp;L\u00e9o Kret (DEM)<\/strong><br>&#8220;\u00c9 importante ter esse espa\u00e7o para os candidatos LGBTQIA+ se exporem. As pessoas est\u00e3o se encorajando a entrar de cabe\u00e7a nessa luta. Com a mente aberta, as pessoas entendem que somos seres humanos e quanto mais apoio conseguirmos, mais a luta cresce e fica a esperan\u00e7a de um dia acabar com o preconceito e discrimina\u00e7\u00e3o. Temos bons projetos de lei, mas falta fiscaliza\u00e7\u00e3o e encaminhamento para que esses projetos possam realmente sair do papel&#8221;.<\/p>\n\n\n\n<figure class=\"wp-block-image\"><img loading=\"lazy\" decoding=\"async\" width=\"1024\" height=\"1024\" src=\"https:\/\/blogs.correio24h.com.br\/mesalte\/wp-content\/uploads\/2020\/10\/card-leo-kret-feed-1-1024x1024.png\" alt=\"\" class=\"wp-image-21885\" srcset=\"https:\/\/blogs.correio24h.com.br\/mesalte\/wp-content\/uploads\/2020\/10\/card-leo-kret-feed-1-1024x1024.png 1024w, https:\/\/blogs.correio24h.com.br\/mesalte\/wp-content\/uploads\/2020\/10\/card-leo-kret-feed-1-150x150.png 150w, https:\/\/blogs.correio24h.com.br\/mesalte\/wp-content\/uploads\/2020\/10\/card-leo-kret-feed-1-300x300.png 300w, https:\/\/blogs.correio24h.com.br\/mesalte\/wp-content\/uploads\/2020\/10\/card-leo-kret-feed-1-768x768.png 768w, https:\/\/blogs.correio24h.com.br\/mesalte\/wp-content\/uploads\/2020\/10\/card-leo-kret-feed-1-146x146.png 146w, https:\/\/blogs.correio24h.com.br\/mesalte\/wp-content\/uploads\/2020\/10\/card-leo-kret-feed-1-50x50.png 50w, https:\/\/blogs.correio24h.com.br\/mesalte\/wp-content\/uploads\/2020\/10\/card-leo-kret-feed-1-1200x1200.png 1200w, https:\/\/blogs.correio24h.com.br\/mesalte\/wp-content\/uploads\/2020\/10\/card-leo-kret-feed-1-80x80.png 80w, https:\/\/blogs.correio24h.com.br\/mesalte\/wp-content\/uploads\/2020\/10\/card-leo-kret-feed-1-75x75.png 75w, https:\/\/blogs.correio24h.com.br\/mesalte\/wp-content\/uploads\/2020\/10\/card-leo-kret-feed-1-85x85.png 85w, https:\/\/blogs.correio24h.com.br\/mesalte\/wp-content\/uploads\/2020\/10\/card-leo-kret-feed-1.png 1280w\" sizes=\"auto, (max-width: 1024px) 100vw, 1024px\" \/><\/figure>\n\n\n\n<p><strong>20h30 &nbsp;Renatona (Pros)<\/strong><br>&#8220;N\u00f3s que somos discriminados sempre vamos chegar para mudar a C\u00e2mara de Vereadores que s\u00f3 tem h\u00e9teros que n\u00e3o fazem nada por n\u00f3s. Queremos mudar e lutar por todos n\u00f3s, por isso \u00e9 importante que esse espa\u00e7o seja dado para que a gente possa expor nossas ideias&#8221;.<\/p>\n\n\n\n<figure class=\"wp-block-image\"><img loading=\"lazy\" decoding=\"async\" width=\"1024\" height=\"1024\" src=\"https:\/\/blogs.correio24h.com.br\/mesalte\/wp-content\/uploads\/2020\/10\/card-renatona-feed-1-1024x1024.png\" alt=\"\" class=\"wp-image-21888\" srcset=\"https:\/\/blogs.correio24h.com.br\/mesalte\/wp-content\/uploads\/2020\/10\/card-renatona-feed-1-1024x1024.png 1024w, https:\/\/blogs.correio24h.com.br\/mesalte\/wp-content\/uploads\/2020\/10\/card-renatona-feed-1-150x150.png 150w, https:\/\/blogs.correio24h.com.br\/mesalte\/wp-content\/uploads\/2020\/10\/card-renatona-feed-1-300x300.png 300w, https:\/\/blogs.correio24h.com.br\/mesalte\/wp-content\/uploads\/2020\/10\/card-renatona-feed-1-768x768.png 768w, https:\/\/blogs.correio24h.com.br\/mesalte\/wp-content\/uploads\/2020\/10\/card-renatona-feed-1-146x146.png 146w, https:\/\/blogs.correio24h.com.br\/mesalte\/wp-content\/uploads\/2020\/10\/card-renatona-feed-1-50x50.png 50w, https:\/\/blogs.correio24h.com.br\/mesalte\/wp-content\/uploads\/2020\/10\/card-renatona-feed-1-1200x1200.png 1200w, https:\/\/blogs.correio24h.com.br\/mesalte\/wp-content\/uploads\/2020\/10\/card-renatona-feed-1-80x80.png 80w, https:\/\/blogs.correio24h.com.br\/mesalte\/wp-content\/uploads\/2020\/10\/card-renatona-feed-1-75x75.png 75w, https:\/\/blogs.correio24h.com.br\/mesalte\/wp-content\/uploads\/2020\/10\/card-renatona-feed-1-85x85.png 85w, https:\/\/blogs.correio24h.com.br\/mesalte\/wp-content\/uploads\/2020\/10\/card-renatona-feed-1.png 1280w\" sizes=\"auto, (max-width: 1024px) 100vw, 1024px\" \/><\/figure>\n\n\n\n<p><strong>CORREIO nas Elei\u00e7\u00f5es 2020:<\/strong><br>Em 2020, o jornal CORREIO tem ampla cobertura sobre as elei\u00e7\u00f5es na Bahia em diversas plataformas. Veja algumas a\u00e7\u00f5es:<br><strong>&#8211; Jornal Impresso: C<\/strong>obertura di\u00e1ria sobre as elei\u00e7\u00f5es em Salvador, interior da Bahia e principais cidades do Brasil.&nbsp;<br>&#8211;&nbsp;<strong>Sabatina com os candidatos: D<\/strong>e 19 a 23 de outubro, o Correio realizou entrevistas com candidatos e candidatas \u00e0 Prefeitura de Salvador com transmiss\u00e3o no Youtube, Facebook e Instagram.&nbsp;<br>&#8211;&nbsp;<strong>Vozes da comunidade<\/strong>: Especial de v\u00eddeos colaborativos de jornalismo cidad\u00e3o com as necessidades espec\u00edficas dos moradores dos 170 bairros de Salvador, representados pelas 19 zonas eleitorais da cidade; estreia em novembro.<br>&#8211;&nbsp;<strong>Guia do Voto<\/strong>: Tudo que voc\u00ea precisa saber sobre as elei\u00e7\u00f5es est\u00e1 sendo postado nas redes sociais do jornal &#8211; WhatsApp, Instagram, Tik Tok, Facebook e Twitter. Siga @correio24horas.<br>&#8211;&nbsp;<strong>Podcast<\/strong>: O que a Bahia Quer Saber, por Vitor Villar. A cobertura completa das elei\u00e7\u00f5es no interior do Estado.<\/p>\n\n\n\n<p><em>*Sob orienta\u00e7\u00e3o do chefe de reportagem Jorge Gauthier&nbsp;<\/em><\/p>\n","protected":false},"excerpt":{"rendered":"<p>Por Vin\u00edcius Nascimento A cobertura de elei\u00e7\u00f5es no CORREIO segue a todo vapor e, a partir desta segunda-feira (26), o canal&nbsp;Me Salte, especializado em produ\u00e7\u00e3o de [&hellip;]<\/p>\n","protected":false},"author":1,"featured_media":21909,"comment_status":"open","ping_status":"open","sticky":false,"template":"","format":"standard","meta":{"footnotes":""},"categories":[80],"tags":[],"class_list":["post-21908","post","type-post","status-publish","format-standard","has-post-thumbnail","hentry","category-home"],"_links":{"self":[{"href":"https:\/\/blogs.correio24horas.com.br\/mesalte\/wp-json\/wp\/v2\/posts\/21908","targetHints":{"allow":["GET"]}}],"collection":[{"href":"https:\/\/blogs.correio24horas.com.br\/mesalte\/wp-json\/wp\/v2\/posts"}],"about":[{"href":"https:\/\/blogs.correio24horas.com.br\/mesalte\/wp-json\/wp\/v2\/types\/post"}],"author":[{"embeddable":true,"href":"https:\/\/blogs.correio24horas.com.br\/mesalte\/wp-json\/wp\/v2\/users\/1"}],"replies":[{"embeddable":true,"href":"https:\/\/blogs.correio24horas.com.br\/mesalte\/wp-json\/wp\/v2\/comments?post=21908"}],"version-history":[{"count":2,"href":"https:\/\/blogs.correio24horas.com.br\/mesalte\/wp-json\/wp\/v2\/posts\/21908\/revisions"}],"predecessor-version":[{"id":21912,"href":"https:\/\/blogs.correio24horas.com.br\/mesalte\/wp-json\/wp\/v2\/posts\/21908\/revisions\/21912"}],"wp:featuredmedia":[{"embeddable":true,"href":"https:\/\/blogs.correio24horas.com.br\/mesalte\/wp-json\/wp\/v2\/media\/21909"}],"wp:attachment":[{"href":"https:\/\/blogs.correio24horas.com.br\/mesalte\/wp-json\/wp\/v2\/media?parent=21908"}],"wp:term":[{"taxonomy":"category","embeddable":true,"href":"https:\/\/blogs.correio24horas.com.br\/mesalte\/wp-json\/wp\/v2\/categories?post=21908"},{"taxonomy":"post_tag","embeddable":true,"href":"https:\/\/blogs.correio24horas.com.br\/mesalte\/wp-json\/wp\/v2\/tags?post=21908"}],"curies":[{"name":"wp","href":"https:\/\/api.w.org\/{rel}","templated":true}]}}