{"id":21902,"date":"2020-10-24T01:05:30","date_gmt":"2020-10-24T04:05:30","guid":{"rendered":"https:\/\/blogs.correio24horas.com.br\/mesalte\/?p=21902"},"modified":"2020-10-24T01:05:43","modified_gmt":"2020-10-24T04:05:43","slug":"cabelereiro-e-atacado-com-facadas-e-pedradas-em-casa-em-salvador","status":"publish","type":"post","link":"https:\/\/blogs.correio24horas.com.br\/mesalte\/cabelereiro-e-atacado-com-facadas-e-pedradas-em-casa-em-salvador\/","title":{"rendered":"Cabelereiro \u00e9 atacado com facadas e pedradas em casa em Salvador"},"content":{"rendered":"\n<p>O cabeleireiro Rauan Pereira dos Santos, 29 anos, foi esfaqueado e apedrejado na madrugada da \u00faltima ter\u00e7a-feira (20) dentro da pr\u00f3pria casa na Vila Rui Barbosa, na Cidade Baixa. A v\u00edtima teve os dois pulm\u00f5es perfurados e est\u00e1 internada em estado grave no Hospital Geral do Estado (HGE). Familiares e amigos acreditam que a homofobia motivou o crime, entretanto, a Pol\u00edcia Civil aponta, em nota, que a investiga\u00e7\u00e3o n\u00e3o indica esta motiva\u00e7\u00e3o.<\/p>\n\n\n\n<p>Segundo um dos melhores amigos de Rauan, Ronan Nascimento, dois homens tinham ido \u00e0 casa do cabeleireiro antes do crime, por isso, ambos s\u00e3o suspeitos no caso. Segundo o amigo, acredita-se que os tr\u00eas tiveram rela\u00e7\u00f5es sexuais, o que teria motivado a agress\u00e3o.<\/p>\n\n\n\n<p>\u201cRauan contou para um amigo que ia receber uma pessoa que ele j\u00e1 conhecia e outro homem em casa. Na casa, foram encontradas camisinhas usadas e, por isso, acredito que ocorreu a rela\u00e7\u00e3o e os dois homens ficaram com raiva deles mesmos e atacaram meu amigo\u201d, comentou Ronan sobre a poss\u00edvel motiva\u00e7\u00e3o do crime. <\/p>\n\n\n\n<p>Agredida com facadas e pedradas, a v\u00edtima teve o rosto desfigurado, osso quebrados,  cr\u00e2nio cortado e traumatismo craniano, contou Ronan. \u201cO estado dele \u00e9 grave. Ele est\u00e1 no HGE desde que foi encontrado e j\u00e1 passou por uma reconstru\u00e7\u00e3o craniana. Ele est\u00e1 sedado\u201d, relatou Ronan. <\/p>\n\n\n\n<p>A agressividade do ataque refor\u00e7a a tese da motiva\u00e7\u00e3o homof\u00f3bica do crime. \u201cN\u00e3o se sabe ao certo o que aconteceu, mas existia uma raiva por algum motivo. Ele era uma pessoa do bem, por isso, fica \u00f3bvio que \u00e9 um caso de homofobia\u201d, disse o amigo do cabeleireiro.<\/p>\n\n\n\n<p>Al\u00e9m de atacarem o cabeleireiro, os dois homens tamb\u00e9m roubaram um celular, dinheiro e a moto da v\u00edtima.<\/p>\n\n\n\n<p>A v\u00edtima foi encontrada agonizando na sala de casa por um vizinho que escutou os gritos vindos do im\u00f3vel. Como um dos homens que supostamente cometeu o crime era conhecido de Rauan, os amigos e a fam\u00edlia acreditam que o ataque foi premeditado.<\/p>\n\n\n\n<p>Segundo a Pol\u00edcia Civil, o caso \u00e9 investigado pela 3\u00aa DT\/Bonfim, que apura a tentativa de latroc\u00ednio. &#8220;O titular da unidade j\u00e1 solicitou as imagens de c\u00e2meras de seguran\u00e7a que ser\u00e3o analisadas, al\u00e9m de ter coletado depoimentos de testemunhas. A per\u00edcia j\u00e1 foi realizada e o delegado aguarda os laudos. Os suspeitos ainda n\u00e3o foram identificados&#8221;, informou a corpora\u00e7\u00e3o.<\/p>\n\n\n\n<p>Nesta sexta (23), a Secretaria de Justi\u00e7a, Direitos Humanos e Desenvolvimento Social da Bahia (SJDHDS) divulgou uma nota repudiando a agress\u00e3o sofrida por Rauan. \u201cAs autoridades policiais est\u00e3o investigando o caso, mas a fam\u00edlia acredita que o crime seja de homofobia\u201d, pontuou a pasta.<\/p>\n\n\n\n<p>\u201cA Coordena\u00e7\u00e3o LGBT da Superintend\u00eancia de Direitos Humanos da SJDHDS tomou conhecimento do caso na quinta-feira (22), estabelecendo contato com a fam\u00edlia por meia da irm\u00e3 da v\u00edtima. A secretaria est\u00e1 acompanhando a fam\u00edlia e colocou a equipe \u00e0 disposi\u00e7\u00e3o para dar aux\u00edlio neste momento&#8221;, informou.<\/p>\n\n\n\n<p>Ainda segundo a nota, a pasta est\u00e1 em contato com a Superintend\u00eancia de Preven\u00e7\u00e3o \u00e0 Viol\u00eancia da Secretaria de Seguran\u00e7a P\u00fablica da Bahia (SSP-BA) e com o gabinete do Delegado Geral para acompanhar o caso, al\u00e9m de ter mantido contato com a 3\u00aa Delegacia do Bonfim, onde o caso \u00e9 investigado<\/p>\n\n\n\n<p>A secretaria ainda reafirmou o compromisso do Governo do Estado com uma Bahia livre de preconceitos e viol\u00eancia de g\u00eanero ou orienta\u00e7\u00e3o sexual. A pasta manifestou o desejo que o jovem se recupere e possa voltar ao conv\u00edvio familiar o quanto antes.<\/p>\n\n\n\n<p>\u201cEm pleno s\u00e9culo XXI, alguns indiv\u00edduos ainda buscam orientar suas a\u00e7\u00f5es com atitudes atrasadas e movidas \u00e0 viol\u00eancia. \u00c9 importante ressaltar que desde junho de 2019, por decis\u00e3o do Supremo Tribunal Federal, homofobia e transfobia s\u00e3o considerados crimes. Os ministros do Supremo determinaram que a conduta passe a ser punida pela Lei de Racismo, que hoje prev\u00ea crimes de discrimina\u00e7\u00e3o ou preconceito\u201d, pontuou.<\/p>\n","protected":false},"excerpt":{"rendered":"<p>O cabeleireiro Rauan Pereira dos Santos, 29 anos, foi esfaqueado e apedrejado na madrugada da \u00faltima ter\u00e7a-feira (20) dentro da pr\u00f3pria casa na Vila Rui Barbosa, [&hellip;]<\/p>\n","protected":false},"author":2,"featured_media":21904,"comment_status":"open","ping_status":"open","sticky":false,"template":"","format":"standard","meta":{"footnotes":""},"categories":[80],"tags":[],"class_list":["post-21902","post","type-post","status-publish","format-standard","has-post-thumbnail","hentry","category-home"],"_links":{"self":[{"href":"https:\/\/blogs.correio24horas.com.br\/mesalte\/wp-json\/wp\/v2\/posts\/21902","targetHints":{"allow":["GET"]}}],"collection":[{"href":"https:\/\/blogs.correio24horas.com.br\/mesalte\/wp-json\/wp\/v2\/posts"}],"about":[{"href":"https:\/\/blogs.correio24horas.com.br\/mesalte\/wp-json\/wp\/v2\/types\/post"}],"author":[{"embeddable":true,"href":"https:\/\/blogs.correio24horas.com.br\/mesalte\/wp-json\/wp\/v2\/users\/2"}],"replies":[{"embeddable":true,"href":"https:\/\/blogs.correio24horas.com.br\/mesalte\/wp-json\/wp\/v2\/comments?post=21902"}],"version-history":[{"count":1,"href":"https:\/\/blogs.correio24horas.com.br\/mesalte\/wp-json\/wp\/v2\/posts\/21902\/revisions"}],"predecessor-version":[{"id":21905,"href":"https:\/\/blogs.correio24horas.com.br\/mesalte\/wp-json\/wp\/v2\/posts\/21902\/revisions\/21905"}],"wp:featuredmedia":[{"embeddable":true,"href":"https:\/\/blogs.correio24horas.com.br\/mesalte\/wp-json\/wp\/v2\/media\/21904"}],"wp:attachment":[{"href":"https:\/\/blogs.correio24horas.com.br\/mesalte\/wp-json\/wp\/v2\/media?parent=21902"}],"wp:term":[{"taxonomy":"category","embeddable":true,"href":"https:\/\/blogs.correio24horas.com.br\/mesalte\/wp-json\/wp\/v2\/categories?post=21902"},{"taxonomy":"post_tag","embeddable":true,"href":"https:\/\/blogs.correio24horas.com.br\/mesalte\/wp-json\/wp\/v2\/tags?post=21902"}],"curies":[{"name":"wp","href":"https:\/\/api.w.org\/{rel}","templated":true}]}}