{"id":21894,"date":"2020-10-23T15:16:31","date_gmt":"2020-10-23T18:16:31","guid":{"rendered":"https:\/\/blogs.correio24horas.com.br\/mesalte\/?p=21894"},"modified":"2020-10-23T15:16:34","modified_gmt":"2020-10-23T18:16:34","slug":"aos-73-anos-morre-atriz-jane-di-castro","status":"publish","type":"post","link":"https:\/\/blogs.correio24horas.com.br\/mesalte\/aos-73-anos-morre-atriz-jane-di-castro\/","title":{"rendered":"Aos 73 anos, morre atriz Jane di Castro"},"content":{"rendered":"\n<p>Luto! A  atriz Jane di Castro, 73 anos, morreu nesta sexta-feira (23) em decorr\u00eancia de complica\u00e7\u00f5es provocadas por c\u00e2ncer. Segundo informa\u00e7\u00f5es da Coluna do Ancelmo Gois, do Jornal O Globo, ela estava internada no Hospital de Ipanema, Zona Sul do Rio. Al\u00e9m de atriz, Jane era cantora, art\u00edstica perform\u00e1tica e defensora da causa LBTQIA+. Atualmente, ela est\u00e1 no ar na reprise da novela &#8220;A For\u00e7a do Querer&#8221;.<\/p>\n\n\n\n<p>Pioneira na arte LGBTQIA, Jane teve importante papel na abertura de espa\u00e7o art\u00edstico para pessoas trans e travestis.  Em 1966, iniciou a carreira se apresentando em casas noturnas. Durante o per\u00edodo da Ditadura Militar, a artista foi perseguida por realizar shows nos teatros Rival e da Pra\u00e7a Tiradentes  <\/p>\n\n\n\n<p>Em 2011, a artista estrelou o espet\u00e1culo &#8220;Divinas Divas&#8221;, ao lado de Rog\u00e9ria, Divina Val\u00e9ria, Camille K, Elo\u00edna dos Leopardos, Marquesa, Brigitte de B\u00fazios e Fujika de Halliday.<a href=\"https:\/\/www.correio24horas.com.br\/noticia\/nid\/filme-de-leandra-leal-destaca-primeira-geracao-de-travestis-do-brasil\/\">  Juntas, eram conhecidas como &#8216;travestis da primeira gera\u00e7\u00e3o&#8217;; <\/a><\/p>\n\n\n\n<p><\/p>\n\n\n\n<p><\/p>\n\n\n\n<p><\/p>\n\n\n\n<p><\/p>\n","protected":false},"excerpt":{"rendered":"<p>Luto! A atriz Jane di Castro, 73 anos, morreu nesta sexta-feira (23) em decorr\u00eancia de complica\u00e7\u00f5es provocadas por c\u00e2ncer. Segundo informa\u00e7\u00f5es da Coluna do Ancelmo Gois, [&hellip;]<\/p>\n","protected":false},"author":1,"featured_media":21895,"comment_status":"open","ping_status":"open","sticky":false,"template":"","format":"standard","meta":{"footnotes":""},"categories":[80],"tags":[],"class_list":["post-21894","post","type-post","status-publish","format-standard","has-post-thumbnail","hentry","category-home"],"_links":{"self":[{"href":"https:\/\/blogs.correio24horas.com.br\/mesalte\/wp-json\/wp\/v2\/posts\/21894","targetHints":{"allow":["GET"]}}],"collection":[{"href":"https:\/\/blogs.correio24horas.com.br\/mesalte\/wp-json\/wp\/v2\/posts"}],"about":[{"href":"https:\/\/blogs.correio24horas.com.br\/mesalte\/wp-json\/wp\/v2\/types\/post"}],"author":[{"embeddable":true,"href":"https:\/\/blogs.correio24horas.com.br\/mesalte\/wp-json\/wp\/v2\/users\/1"}],"replies":[{"embeddable":true,"href":"https:\/\/blogs.correio24horas.com.br\/mesalte\/wp-json\/wp\/v2\/comments?post=21894"}],"version-history":[{"count":1,"href":"https:\/\/blogs.correio24horas.com.br\/mesalte\/wp-json\/wp\/v2\/posts\/21894\/revisions"}],"predecessor-version":[{"id":21896,"href":"https:\/\/blogs.correio24horas.com.br\/mesalte\/wp-json\/wp\/v2\/posts\/21894\/revisions\/21896"}],"wp:featuredmedia":[{"embeddable":true,"href":"https:\/\/blogs.correio24horas.com.br\/mesalte\/wp-json\/wp\/v2\/media\/21895"}],"wp:attachment":[{"href":"https:\/\/blogs.correio24horas.com.br\/mesalte\/wp-json\/wp\/v2\/media?parent=21894"}],"wp:term":[{"taxonomy":"category","embeddable":true,"href":"https:\/\/blogs.correio24horas.com.br\/mesalte\/wp-json\/wp\/v2\/categories?post=21894"},{"taxonomy":"post_tag","embeddable":true,"href":"https:\/\/blogs.correio24horas.com.br\/mesalte\/wp-json\/wp\/v2\/tags?post=21894"}],"curies":[{"name":"wp","href":"https:\/\/api.w.org\/{rel}","templated":true}]}}