{"id":21745,"date":"2020-09-13T15:50:15","date_gmt":"2020-09-13T18:50:15","guid":{"rendered":"https:\/\/blogs.correio24horas.com.br\/mesalte\/?p=21745"},"modified":"2020-09-13T15:50:19","modified_gmt":"2020-09-13T18:50:19","slug":"pastora-ana-paula-valadao-gera-revolta-ao-associar-aids-e-gays-em-video-veja","status":"publish","type":"post","link":"https:\/\/blogs.correio24horas.com.br\/mesalte\/pastora-ana-paula-valadao-gera-revolta-ao-associar-aids-e-gays-em-video-veja\/","title":{"rendered":"Pastora Ana Paula Valad\u00e3o gera revolta ao associar AIDS e gays em v\u00eddeo; veja"},"content":{"rendered":"\n<p>A pastora e cantora gospel Ana Paula Valad\u00e3o voltou a ser um dos assuntos mais comentados nas redes sociais por um motivo ruim. Neste final de semana um v\u00eddeo do Congresso Diante do Trono, de 2016, voltou a viralizar. No v\u00eddeo ela faz diversos coment\u00e1rios homof\u00f3bicos e, erroneamente, associar os gays \u00e0 AIDS. <\/p>\n\n\n\n<p> Nas imagens ela afirma que ser gay &#8220;n\u00e3o \u00e9 normal&#8221; e que &#8220;Deus criou o homem e a mulher e \u00e9 assim que n\u00f3s cremos&#8221;. O trecho mais pol\u00eamico \u00e9 quando ela ignora que a AIDS \u00e9 uma doen\u00e7a que, inclusive, tem tido uma crescente entre os heterossexuais e coloca como algo exclusivo dos gays. <\/p>\n\n\n\n<p> &#8220;A AIDS est\u00e1 a\u00ed para mostrar que a uni\u00e3o sexual entre dois homens causa uma enfermidade que leva \u00e0 morte&#8221;, destaca no v\u00eddeo. <\/p>\n\n\n\n<p> Em nota, a Alian\u00e7a Nacional LGBTI+ afirmou que ir\u00e1 entrar com um processo por crime de LGBTfobia. <\/p>\n\n\n\n<p>&#8220;O discurso de Ana Paula beira ao absurdo, extrapolando a liberdade religiosa e de express\u00e3o, tornando-se um discurso odioso, fan\u00e1tico e amplamente desproposital, com consequ\u00eancias potencialmente desastrosas, principalmente para quem a segue. Nos encontraremos nas barras da lei &#8211; a lei dos homens e das mulheres. N\u00e3o se deve acreditar em um Deus como este pregado pela apresentadora, que espalha preconceitos, estigmas e \u00f3dio! Se a sua exegese e hermen\u00eautica s\u00e3o essas, as nossas s\u00e3o os artigos 3\u00ba e 5\u00ba de Constitui\u00e7\u00e3o Federal cidad\u00e3 de 1988&#8221;, afirma a nota. <\/p>\n\n\n\n<p>Ap\u00f3s a pol\u00eamica, Ana Paula Valad\u00e3o fechou o perfil no Twitter e desativou os coment\u00e1rios da \u00faltima foto postada no Instagram. Confira o v\u00eddeo original. As declara\u00e7\u00f5es acontecem a partir do minuto 56:35.<\/p>\n\n\n\n<figure class=\"wp-block-embed-youtube wp-block-embed is-type-video is-provider-youtube wp-embed-aspect-4-3 wp-has-aspect-ratio\"><div class=\"wp-block-embed__wrapper\">\n<iframe loading=\"lazy\" title=\"CONGRESSO DT 2016 | Louvor com Asaph Borba\" width=\"1200\" height=\"900\" src=\"https:\/\/www.youtube.com\/embed\/5Mb4td38zx0?feature=oembed\" frameborder=\"0\" allow=\"accelerometer; autoplay; encrypted-media; gyroscope; picture-in-picture\" allowfullscreen><\/iframe>\n<\/div><\/figure>\n","protected":false},"excerpt":{"rendered":"<p>A pastora e cantora gospel Ana Paula Valad\u00e3o voltou a ser um dos assuntos mais comentados nas redes sociais por um motivo ruim. Neste final de [&hellip;]<\/p>\n","protected":false},"author":1,"featured_media":21747,"comment_status":"open","ping_status":"open","sticky":false,"template":"","format":"standard","meta":{"footnotes":""},"categories":[80,11],"tags":[],"class_list":["post-21745","post","type-post","status-publish","format-standard","has-post-thumbnail","hentry","category-home","category-me-informo"],"_links":{"self":[{"href":"https:\/\/blogs.correio24horas.com.br\/mesalte\/wp-json\/wp\/v2\/posts\/21745","targetHints":{"allow":["GET"]}}],"collection":[{"href":"https:\/\/blogs.correio24horas.com.br\/mesalte\/wp-json\/wp\/v2\/posts"}],"about":[{"href":"https:\/\/blogs.correio24horas.com.br\/mesalte\/wp-json\/wp\/v2\/types\/post"}],"author":[{"embeddable":true,"href":"https:\/\/blogs.correio24horas.com.br\/mesalte\/wp-json\/wp\/v2\/users\/1"}],"replies":[{"embeddable":true,"href":"https:\/\/blogs.correio24horas.com.br\/mesalte\/wp-json\/wp\/v2\/comments?post=21745"}],"version-history":[{"count":2,"href":"https:\/\/blogs.correio24horas.com.br\/mesalte\/wp-json\/wp\/v2\/posts\/21745\/revisions"}],"predecessor-version":[{"id":21748,"href":"https:\/\/blogs.correio24horas.com.br\/mesalte\/wp-json\/wp\/v2\/posts\/21745\/revisions\/21748"}],"wp:featuredmedia":[{"embeddable":true,"href":"https:\/\/blogs.correio24horas.com.br\/mesalte\/wp-json\/wp\/v2\/media\/21747"}],"wp:attachment":[{"href":"https:\/\/blogs.correio24horas.com.br\/mesalte\/wp-json\/wp\/v2\/media?parent=21745"}],"wp:term":[{"taxonomy":"category","embeddable":true,"href":"https:\/\/blogs.correio24horas.com.br\/mesalte\/wp-json\/wp\/v2\/categories?post=21745"},{"taxonomy":"post_tag","embeddable":true,"href":"https:\/\/blogs.correio24horas.com.br\/mesalte\/wp-json\/wp\/v2\/tags?post=21745"}],"curies":[{"name":"wp","href":"https:\/\/api.w.org\/{rel}","templated":true}]}}