{"id":21737,"date":"2020-09-10T13:50:05","date_gmt":"2020-09-10T16:50:05","guid":{"rendered":"https:\/\/blogs.correio24horas.com.br\/mesalte\/?p=21737"},"modified":"2020-09-10T13:50:07","modified_gmt":"2020-09-10T16:50:07","slug":"unijorge-lanca-nucleo-de-apoio-a-comunidade-lgbtqia-veja-como-usar-o-servico-gratuito","status":"publish","type":"post","link":"https:\/\/blogs.correio24horas.com.br\/mesalte\/unijorge-lanca-nucleo-de-apoio-a-comunidade-lgbtqia-veja-como-usar-o-servico-gratuito\/","title":{"rendered":"Unijorge lan\u00e7a n\u00facleo de apoio \u00e0 comunidade LGBTQIA+; veja como usar o servi\u00e7o gratuito"},"content":{"rendered":"\n<p>                                                                                                                                                                         A Unijorge lan\u00e7a nesta quinta-feira (10) , \u00e0s 17h, o AMADO &#8211; N\u00facleo de Apoio \u00e0 Comunidade LGBTQIA+, projeto que ir\u00e1 prestar servi\u00e7os de apoio, inclus\u00e3o, orienta\u00e7\u00e3o jur\u00eddica e psicol\u00f3gica gratuitas \u00e0 popula\u00e7\u00e3o LGBTQIA+. O AMADO tem atua\u00e7\u00e3o em conjunto dos cursos de Direito e Psicologia do Centro Universit\u00e1rio, integrados aos n\u00facleos de pr\u00e1tica jur\u00eddica e escola cl\u00ednica de psicologia dos respectivos cursos. <\/p>\n\n\n\n<p>Segundo o Coordenador do N\u00facleo, S\u00f3stenes Jesus dos Santos Mac\u00eado, \u201co sentido maior do AMADO, al\u00e9m de oferecer os servi\u00e7os de atendimento jur\u00eddico e psicol\u00f3gico, \u00e9 acolher as demandas da popula\u00e7\u00e3o LGBTQIA+ que sofre m\u00faltiplas formas de viol\u00eancia e precisa de um atendimento qualificado. Precisamos estabelecer espa\u00e7os que visem a promo\u00e7\u00e3o da cidadania, justi\u00e7a e garantia de direitos, dialogando com toda a sociedade e \u00f3rg\u00e3os p\u00fablicos.\u201d<\/p>\n\n\n\n<p> A cerim\u00f4nia de lan\u00e7amento do AMADO &#8211; N\u00facleo de Apoio \u00e0 Comunidade LGBTQIA+ ter\u00e1 transmiss\u00e3o pela plataforma TEAMS e ser\u00e1 aberta ao p\u00fablico.\u00a0O evento ter\u00e1 a participa\u00e7\u00e3o do Coordenador do Curso de Direito, Luis Carlos Louren\u00e7o, da Coordenadora do curso de Psicologia, K\u00e1tia Jane Chaves Bernardo, do Coordenador do N\u00facleo AMADO, S\u00f3stenes Jesus dos Santos Mac\u00eado e da Psic\u00f3loga e doutora em Antropologia, D\u00e9bora Ferraz. Para a inscri\u00e7\u00e3o, os interessados devem acessar o <a href=\"https:\/\/www.sympla.com.br\/lancamento-do-amado---nucleo-de-apoio-acomunidade-lgbtqia__958120 \">link:<\/a>.<\/p>\n\n\n\n<p>O atendimento ao p\u00fablico pelo AMADO &#8211; N\u00facleo de Apoio \u00e0 Comunidade LGBTQIA+ ter\u00e1 in\u00edcio no dia 14 de setembro e acontecer\u00e1 atrav\u00e9s de agendamento por telefone em hor\u00e1rios determinados. Ap\u00f3s fazer o agendamento, o interessado receber\u00e1 um link com dia e hora definidos e ser\u00e1 atendido pelos professores e alunos do projeto. <\/p>\n\n\n\n<p>O agendamento para atendimento jur\u00eddico ser\u00e1 atrav\u00e9s do telefone (71) 99902-8879 (Segunda a sexta, das 8h \u00e0s 18h). Para atendimento em psicologia s\u00e3o os seguintes n\u00fameros e hor\u00e1rios: (71) 98822-2746 (Andr\u00e9a Matta -CRP03\/20298) \/ Ter\u00e7a-feira, das 8h \u00e0s 12h); (71) 997414982 (Tatiane Alves Santos &#8211; CRP03\/191170- Ter\u00e7a-feira das 18h \u00e0s 21h) e (71) 985003097 ( Let\u00edcia Menezes Valadares Coelho CRP03\/20272 \/Quarta-feira das 8h \u00e0s 12h).<\/p>\n","protected":false},"excerpt":{"rendered":"<p>A Unijorge lan\u00e7a nesta quinta-feira (10) , \u00e0s 17h, o AMADO &#8211; N\u00facleo de Apoio \u00e0 Comunidade LGBTQIA+, projeto que ir\u00e1 prestar servi\u00e7os de apoio, inclus\u00e3o, [&hellip;]<\/p>\n","protected":false},"author":1,"featured_media":21738,"comment_status":"open","ping_status":"open","sticky":false,"template":"","format":"standard","meta":{"footnotes":""},"categories":[80,11],"tags":[],"class_list":["post-21737","post","type-post","status-publish","format-standard","has-post-thumbnail","hentry","category-home","category-me-informo"],"_links":{"self":[{"href":"https:\/\/blogs.correio24horas.com.br\/mesalte\/wp-json\/wp\/v2\/posts\/21737","targetHints":{"allow":["GET"]}}],"collection":[{"href":"https:\/\/blogs.correio24horas.com.br\/mesalte\/wp-json\/wp\/v2\/posts"}],"about":[{"href":"https:\/\/blogs.correio24horas.com.br\/mesalte\/wp-json\/wp\/v2\/types\/post"}],"author":[{"embeddable":true,"href":"https:\/\/blogs.correio24horas.com.br\/mesalte\/wp-json\/wp\/v2\/users\/1"}],"replies":[{"embeddable":true,"href":"https:\/\/blogs.correio24horas.com.br\/mesalte\/wp-json\/wp\/v2\/comments?post=21737"}],"version-history":[{"count":1,"href":"https:\/\/blogs.correio24horas.com.br\/mesalte\/wp-json\/wp\/v2\/posts\/21737\/revisions"}],"predecessor-version":[{"id":21739,"href":"https:\/\/blogs.correio24horas.com.br\/mesalte\/wp-json\/wp\/v2\/posts\/21737\/revisions\/21739"}],"wp:featuredmedia":[{"embeddable":true,"href":"https:\/\/blogs.correio24horas.com.br\/mesalte\/wp-json\/wp\/v2\/media\/21738"}],"wp:attachment":[{"href":"https:\/\/blogs.correio24horas.com.br\/mesalte\/wp-json\/wp\/v2\/media?parent=21737"}],"wp:term":[{"taxonomy":"category","embeddable":true,"href":"https:\/\/blogs.correio24horas.com.br\/mesalte\/wp-json\/wp\/v2\/categories?post=21737"},{"taxonomy":"post_tag","embeddable":true,"href":"https:\/\/blogs.correio24horas.com.br\/mesalte\/wp-json\/wp\/v2\/tags?post=21737"}],"curies":[{"name":"wp","href":"https:\/\/api.w.org\/{rel}","templated":true}]}}