{"id":21425,"date":"2020-07-02T19:22:02","date_gmt":"2020-07-02T22:22:02","guid":{"rendered":"https:\/\/blogs.correio24horas.com.br\/mesalte\/?p=21425"},"modified":"2020-07-02T19:23:17","modified_gmt":"2020-07-02T22:23:17","slug":"21425-2","status":"publish","type":"post","link":"https:\/\/blogs.correio24horas.com.br\/mesalte\/21425-2\/","title":{"rendered":"Live &#8216;Orgulho de ser&#8217; ter\u00e1 sete horas de transmiss\u00e3o"},"content":{"rendered":"\n<p>Informa\u00e7\u00e3o e m\u00fasica voltada para o p\u00fablico LGBTQIAP+ em sete horas de transmiss\u00e3o ao vivo. Assim ser\u00e1 a live cultural \u201cOrgulho de ser o ano inteiro\u201d, que est\u00e1 marcada para acontecer nesse s\u00e1bado (4), a partir das 15 horas. <\/p>\n\n\n\n<p>O evento conta com a parceria do Centro de Cultura e Acolhimento LGBTQIA+ Casa Aurora.  A programa\u00e7\u00e3o vai reunir artistas, historiadores  com bate-papo, divers\u00e3o e cultura.<\/p>\n\n\n\n<p> A proposta \u00e9 reafirmar que o orgulho de ser uma pessoa LGBTQIA+ n\u00e3o \u00e9 s\u00f3 no m\u00eas de junho, mas o ano inteiro, onde artistas LGBTQIA+ da Bahia apresentam seu talento e contam de que forma a pandemia do Coronav\u00edrus impactou suas vidas.<br><br>A transmiss\u00e3o acontecer\u00e1 no Youtube do deputado federal Jo\u00e3o Carlos Bacelar (Podemos), que \u00e9 pr\u00e9-candidato \u00e0 prefeitura de Salvador. <br>Alguns dos participantes j\u00e1 confirmados:<br> *Malayka SN \u2013 performer, multiartista<br> *Spadina Banks \u2013 dan\u00e7arina, apresentadora, drag queen<br> *Marcos Tolentino- Doutorando em Hist\u00f3ria na UNICAMP, pesquisador de temas voltados aos movimentos sociais e direitos humanos.<br> *Fabety Santana, cantor e compositor, \u00e1rbitro de futebol pela FBF (Federa\u00e7\u00e3o Baiana de Futebol), organizador da Parada LGBT+ da Cidade Baixa, reconhecido militante da causa LGBT + e pr\u00e9-candidato a vereador de Salvador pelo Podemos.<\/p>\n","protected":false},"excerpt":{"rendered":"<p>Informa\u00e7\u00e3o e m\u00fasica voltada para o p\u00fablico LGBTQIAP+ em sete horas de transmiss\u00e3o ao vivo. Assim ser\u00e1 a live cultural \u201cOrgulho de ser o ano inteiro\u201d, [&hellip;]<\/p>\n","protected":false},"author":1,"featured_media":21427,"comment_status":"open","ping_status":"open","sticky":false,"template":"","format":"standard","meta":{"footnotes":""},"categories":[80,9],"tags":[43],"class_list":["post-21425","post","type-post","status-publish","format-standard","has-post-thumbnail","hentry","category-home","category-me-orgulho","tag-lgbt"],"_links":{"self":[{"href":"https:\/\/blogs.correio24horas.com.br\/mesalte\/wp-json\/wp\/v2\/posts\/21425","targetHints":{"allow":["GET"]}}],"collection":[{"href":"https:\/\/blogs.correio24horas.com.br\/mesalte\/wp-json\/wp\/v2\/posts"}],"about":[{"href":"https:\/\/blogs.correio24horas.com.br\/mesalte\/wp-json\/wp\/v2\/types\/post"}],"author":[{"embeddable":true,"href":"https:\/\/blogs.correio24horas.com.br\/mesalte\/wp-json\/wp\/v2\/users\/1"}],"replies":[{"embeddable":true,"href":"https:\/\/blogs.correio24horas.com.br\/mesalte\/wp-json\/wp\/v2\/comments?post=21425"}],"version-history":[{"count":2,"href":"https:\/\/blogs.correio24horas.com.br\/mesalte\/wp-json\/wp\/v2\/posts\/21425\/revisions"}],"predecessor-version":[{"id":21429,"href":"https:\/\/blogs.correio24horas.com.br\/mesalte\/wp-json\/wp\/v2\/posts\/21425\/revisions\/21429"}],"wp:featuredmedia":[{"embeddable":true,"href":"https:\/\/blogs.correio24horas.com.br\/mesalte\/wp-json\/wp\/v2\/media\/21427"}],"wp:attachment":[{"href":"https:\/\/blogs.correio24horas.com.br\/mesalte\/wp-json\/wp\/v2\/media?parent=21425"}],"wp:term":[{"taxonomy":"category","embeddable":true,"href":"https:\/\/blogs.correio24horas.com.br\/mesalte\/wp-json\/wp\/v2\/categories?post=21425"},{"taxonomy":"post_tag","embeddable":true,"href":"https:\/\/blogs.correio24horas.com.br\/mesalte\/wp-json\/wp\/v2\/tags?post=21425"}],"curies":[{"name":"wp","href":"https:\/\/api.w.org\/{rel}","templated":true}]}}