{"id":21408,"date":"2020-06-27T01:56:43","date_gmt":"2020-06-27T04:56:43","guid":{"rendered":"https:\/\/blogs.correio24horas.com.br\/mesalte\/?p=21408"},"modified":"2020-06-27T01:58:19","modified_gmt":"2020-06-27T04:58:19","slug":"personalidades-lgbtqia-de-salvador-irao-ocupar-as-redes-sociais-do-salvador-bahia-airport-me-salte-participa","status":"publish","type":"post","link":"https:\/\/blogs.correio24horas.com.br\/mesalte\/personalidades-lgbtqia-de-salvador-irao-ocupar-as-redes-sociais-do-salvador-bahia-airport-me-salte-participa\/","title":{"rendered":"Personalidades LGBTQIA+ de Salvador ir\u00e3o ocupar as redes sociais do Salvador Bahia Airport; Me Salte participa"},"content":{"rendered":"\n<p>Cinco personalidades&nbsp;LGBTQIA+ de Salvador ir\u00e3o ocupar as redes sociais do Salvador Bahia&nbsp;Airport&nbsp;entre os dias&nbsp;26&nbsp;e&nbsp;30 de junho.&nbsp;&nbsp;A cada dia, a imagem de uma delas substituir\u00e1 o avatar da p\u00e1gina do Aeroporto no Instagram e ter\u00e3o um v\u00eddeo nos stories em que revelam porque sentem orgulho de ser quem&nbsp;s\u00e3o.Intitulada&nbsp;\u201cDiversidade no perfil\u201d, a&nbsp;a\u00e7\u00e3o faz parte&nbsp;das comemora\u00e7\u00f5es do 28 de junho, data em que \u00e9 comemorado o Dia do Orgulho LGBTQIA+.&nbsp;&nbsp;<br>&nbsp;<\/p>\n\n\n\n<p>Os convidados para participar da\u00a0campanha\u00a0s\u00e3o Genilson Coutinho, fot\u00f3grafo e editor do site Dois Ter\u00e7os; Jorge\u00a0Gauthier, chefe de\u00a0reportagem\u00a0do CORREIO e\u00a0autor\u00a0do\u00a0canal\u00a0Me Salte;\u00a0a educadora social e ativista\u00a0Paulett\u00a0Furac\u00e3o; a jornalista e digital influencer Naiana\u00a0Ribeiro, que \u00e9 colaboradora do Me Salte; e\u00a0Jo\u00e3o\u00a0Hugo,\u00a0fot\u00f3grafo, produtor audiovisual e\u00a0coordenador da Casa Aurora &#8211; 1\u00ba centro de acolhimento LGBTQIA+ de Salvador.\u00a0\u00a0<\/p>\n","protected":false},"excerpt":{"rendered":"<p>Cinco personalidades&nbsp;LGBTQIA+ de Salvador ir\u00e3o ocupar as redes sociais do Salvador Bahia&nbsp;Airport&nbsp;entre os dias&nbsp;26&nbsp;e&nbsp;30 de junho.&nbsp;&nbsp;A cada dia, a imagem de uma delas substituir\u00e1 o avatar [&hellip;]<\/p>\n","protected":false},"author":2,"featured_media":19582,"comment_status":"open","ping_status":"open","sticky":false,"template":"","format":"standard","meta":{"footnotes":""},"categories":[80,9],"tags":[],"class_list":["post-21408","post","type-post","status-publish","format-standard","has-post-thumbnail","hentry","category-home","category-me-orgulho"],"_links":{"self":[{"href":"https:\/\/blogs.correio24horas.com.br\/mesalte\/wp-json\/wp\/v2\/posts\/21408","targetHints":{"allow":["GET"]}}],"collection":[{"href":"https:\/\/blogs.correio24horas.com.br\/mesalte\/wp-json\/wp\/v2\/posts"}],"about":[{"href":"https:\/\/blogs.correio24horas.com.br\/mesalte\/wp-json\/wp\/v2\/types\/post"}],"author":[{"embeddable":true,"href":"https:\/\/blogs.correio24horas.com.br\/mesalte\/wp-json\/wp\/v2\/users\/2"}],"replies":[{"embeddable":true,"href":"https:\/\/blogs.correio24horas.com.br\/mesalte\/wp-json\/wp\/v2\/comments?post=21408"}],"version-history":[{"count":1,"href":"https:\/\/blogs.correio24horas.com.br\/mesalte\/wp-json\/wp\/v2\/posts\/21408\/revisions"}],"predecessor-version":[{"id":21409,"href":"https:\/\/blogs.correio24horas.com.br\/mesalte\/wp-json\/wp\/v2\/posts\/21408\/revisions\/21409"}],"wp:featuredmedia":[{"embeddable":true,"href":"https:\/\/blogs.correio24horas.com.br\/mesalte\/wp-json\/wp\/v2\/media\/19582"}],"wp:attachment":[{"href":"https:\/\/blogs.correio24horas.com.br\/mesalte\/wp-json\/wp\/v2\/media?parent=21408"}],"wp:term":[{"taxonomy":"category","embeddable":true,"href":"https:\/\/blogs.correio24horas.com.br\/mesalte\/wp-json\/wp\/v2\/categories?post=21408"},{"taxonomy":"post_tag","embeddable":true,"href":"https:\/\/blogs.correio24horas.com.br\/mesalte\/wp-json\/wp\/v2\/tags?post=21408"}],"curies":[{"name":"wp","href":"https:\/\/api.w.org\/{rel}","templated":true}]}}