{"id":21372,"date":"2020-06-22T09:50:12","date_gmt":"2020-06-22T12:50:12","guid":{"rendered":"https:\/\/blogs.correio24horas.com.br\/mesalte\/?p=21372"},"modified":"2020-06-22T09:50:20","modified_gmt":"2020-06-22T12:50:20","slug":"ambev-recusa-pedido-para-aderir-a-campanha-do-orgulho-hetero","status":"publish","type":"post","link":"https:\/\/blogs.correio24horas.com.br\/mesalte\/ambev-recusa-pedido-para-aderir-a-campanha-do-orgulho-hetero\/","title":{"rendered":"AmBev recusa pedido para aderir \u00e0 campanha do &#8216;Orgulho H\u00e9tero&#8217;"},"content":{"rendered":"\n<p>Ap\u00f3s reunir suas marcas para realizar um a\u00e7\u00e3o em apoio ao movimento LGBTQI+, a fabricante de bebidas AmBev disse &#8220;n\u00e3o&#8221; a um internauta que pediu que a empresa tamb\u00e9m celebrasse a uma data fict\u00edcia que ele definiu como &#8220;Orgulho Hetero&#8221;.<\/p>\n\n\n\n<p>&#8220;Ambev, poderia tamb\u00e9m criar uma logo [logotipo] para &#8216;Orgulho H\u00e9tero&#8217;?!&#8221;, escreveu o seguidor, depois que a empresa mudou a foto da p\u00e1gina para as cores do movimento gay, no Facebook. &#8220;Oi, R*** (nome do seguidor* . N\u00e3o podemos, n\u00e3o. Abra\u00e7os&#8221;, respondeu a empresa.<\/p>\n\n\n\n<p>A resposta da Ambev ao seguidor viralizou imediatamente pelas redes sociais, boa parte elogiando a posi\u00e7\u00e3o da empresa.<\/p>\n\n\n\n<p>A Ambev reuniu marcas como Budweiser, Skol, Guaran\u00e1 Antarctica, Antarctica e Skol Beats para apoiar os LGBTI+. A a\u00e7\u00e3o, que faz faz parte da campanha #OrgulhoN\u00e3oPara, foi lan\u00e7ada neste domingo.<\/p>\n\n\n\n<p>A empresa ir\u00e1 doar R$ 1 para as ONGs Casa 1, Casinha e Casar\u00e3o Brasil a cada hist\u00f3ria de orgulho publicada pelos internautas com a hashtag \u2014at\u00e9 o total de R$ 100 mil.<\/p>\n\n\n\n<p>No v\u00eddeo de lan\u00e7amento, a Ambev formou um arco-\u00edris com v\u00e1rios caminh\u00f5es na Avenida Paulista, em S\u00e3o Paulo.<\/p>\n","protected":false},"excerpt":{"rendered":"<p>Ap\u00f3s reunir suas marcas para realizar um a\u00e7\u00e3o em apoio ao movimento LGBTQI+, a fabricante de bebidas AmBev disse &#8220;n\u00e3o&#8221; a um internauta que pediu que [&hellip;]<\/p>\n","protected":false},"author":1,"featured_media":21373,"comment_status":"open","ping_status":"open","sticky":false,"template":"","format":"standard","meta":{"footnotes":""},"categories":[80,9],"tags":[2039],"class_list":["post-21372","post","type-post","status-publish","format-standard","has-post-thumbnail","hentry","category-home","category-me-orgulho","tag-ambev"],"_links":{"self":[{"href":"https:\/\/blogs.correio24horas.com.br\/mesalte\/wp-json\/wp\/v2\/posts\/21372","targetHints":{"allow":["GET"]}}],"collection":[{"href":"https:\/\/blogs.correio24horas.com.br\/mesalte\/wp-json\/wp\/v2\/posts"}],"about":[{"href":"https:\/\/blogs.correio24horas.com.br\/mesalte\/wp-json\/wp\/v2\/types\/post"}],"author":[{"embeddable":true,"href":"https:\/\/blogs.correio24horas.com.br\/mesalte\/wp-json\/wp\/v2\/users\/1"}],"replies":[{"embeddable":true,"href":"https:\/\/blogs.correio24horas.com.br\/mesalte\/wp-json\/wp\/v2\/comments?post=21372"}],"version-history":[{"count":1,"href":"https:\/\/blogs.correio24horas.com.br\/mesalte\/wp-json\/wp\/v2\/posts\/21372\/revisions"}],"predecessor-version":[{"id":21374,"href":"https:\/\/blogs.correio24horas.com.br\/mesalte\/wp-json\/wp\/v2\/posts\/21372\/revisions\/21374"}],"wp:featuredmedia":[{"embeddable":true,"href":"https:\/\/blogs.correio24horas.com.br\/mesalte\/wp-json\/wp\/v2\/media\/21373"}],"wp:attachment":[{"href":"https:\/\/blogs.correio24horas.com.br\/mesalte\/wp-json\/wp\/v2\/media?parent=21372"}],"wp:term":[{"taxonomy":"category","embeddable":true,"href":"https:\/\/blogs.correio24horas.com.br\/mesalte\/wp-json\/wp\/v2\/categories?post=21372"},{"taxonomy":"post_tag","embeddable":true,"href":"https:\/\/blogs.correio24horas.com.br\/mesalte\/wp-json\/wp\/v2\/tags?post=21372"}],"curies":[{"name":"wp","href":"https:\/\/api.w.org\/{rel}","templated":true}]}}