{"id":21366,"date":"2020-06-19T10:14:33","date_gmt":"2020-06-19T13:14:33","guid":{"rendered":"https:\/\/blogs.correio24horas.com.br\/mesalte\/?p=21366"},"modified":"2020-06-19T10:14:35","modified_gmt":"2020-06-19T13:14:35","slug":"dj-ober-lanca-nova-musica-em-todas-as-plataformas-digitais","status":"publish","type":"post","link":"https:\/\/blogs.correio24horas.com.br\/mesalte\/dj-ober-lanca-nova-musica-em-todas-as-plataformas-digitais\/","title":{"rendered":"Dj Ober lan\u00e7a nova m\u00fasica em todas as plataformas digitais"},"content":{"rendered":"\n<p>Nome conhecido na cena noturna de Salvador, \u00e0 frente de festas em casas como SAN, o DJ Ober (@itsober) lan\u00e7a nesta sexta-feira (19) uma nova m\u00fasica nas plataformas digitais ou\u00e7a &#8211; <a href=\"https:\/\/tinyurl.com\/yd4erhto\">https:\/\/tinyurl.com\/yd4erhto<\/a>. <\/p>\n\n\n\n<p>Trata-se de Fine, composi\u00e7\u00e3o em parceria com o irm\u00e3o Rodrigo Leite, que assume tamb\u00e9m os vocais. A can\u00e7\u00e3o vai ganhar um Lyric V\u00eddeo no Youtube a partir das 13h de hoje, com produ\u00e7\u00e3o tamb\u00e9m assinada por Rodrigo Leite &#8211; assista em <a href=\"https:\/\/www.youtube.com\/watch?v=t9A2QlXhQSw\">https:\/\/www.youtube.com\/watch?v=t9A2QlXhQSw<\/a> .<\/p>\n\n\n\n<blockquote class=\"wp-block-quote is-layout-flow wp-block-quote-is-layout-flow\"><p>\u201cBasicamente a gente trabalhou nela durante a quarentena, \u00e0 dist\u00e2ncia. Eu e meu irm\u00e3o sempre fizemos m\u00fasicas, desde novinhos, mas dessa vez come\u00e7amos a mexer nisso mais profissionalmente e saiu muito naturalmente. Com o isolamento, tivemos tempo para trabalhar nela. \u00c9 fruto da necessidade de colocar algo pra fora. Algo que fosse divertido, que nos ajudasse nesse processo. E que de alguma forma fa\u00e7a com que as pessoas se divirtam tamb\u00e9m\u201d, conta o DJ, que buscou inspira\u00e7\u00e3o em refer\u00eancias do universo pop. <\/p><\/blockquote>\n\n\n\n<p>A m\u00fasica deve ser lan\u00e7ada ainda em uma live que Ober pretende fazer na pr\u00f3xima semana, em seu canal no Youtube.<\/p>\n","protected":false},"excerpt":{"rendered":"<p>Nome conhecido na cena noturna de Salvador, \u00e0 frente de festas em casas como SAN, o DJ Ober (@itsober) lan\u00e7a nesta sexta-feira (19) uma nova m\u00fasica [&hellip;]<\/p>\n","protected":false},"author":1,"featured_media":21367,"comment_status":"open","ping_status":"open","sticky":false,"template":"","format":"standard","meta":{"footnotes":""},"categories":[28,80],"tags":[],"class_list":["post-21366","post","type-post","status-publish","format-standard","has-post-thumbnail","hentry","category-farofa-digital","category-home"],"_links":{"self":[{"href":"https:\/\/blogs.correio24horas.com.br\/mesalte\/wp-json\/wp\/v2\/posts\/21366","targetHints":{"allow":["GET"]}}],"collection":[{"href":"https:\/\/blogs.correio24horas.com.br\/mesalte\/wp-json\/wp\/v2\/posts"}],"about":[{"href":"https:\/\/blogs.correio24horas.com.br\/mesalte\/wp-json\/wp\/v2\/types\/post"}],"author":[{"embeddable":true,"href":"https:\/\/blogs.correio24horas.com.br\/mesalte\/wp-json\/wp\/v2\/users\/1"}],"replies":[{"embeddable":true,"href":"https:\/\/blogs.correio24horas.com.br\/mesalte\/wp-json\/wp\/v2\/comments?post=21366"}],"version-history":[{"count":1,"href":"https:\/\/blogs.correio24horas.com.br\/mesalte\/wp-json\/wp\/v2\/posts\/21366\/revisions"}],"predecessor-version":[{"id":21368,"href":"https:\/\/blogs.correio24horas.com.br\/mesalte\/wp-json\/wp\/v2\/posts\/21366\/revisions\/21368"}],"wp:featuredmedia":[{"embeddable":true,"href":"https:\/\/blogs.correio24horas.com.br\/mesalte\/wp-json\/wp\/v2\/media\/21367"}],"wp:attachment":[{"href":"https:\/\/blogs.correio24horas.com.br\/mesalte\/wp-json\/wp\/v2\/media?parent=21366"}],"wp:term":[{"taxonomy":"category","embeddable":true,"href":"https:\/\/blogs.correio24horas.com.br\/mesalte\/wp-json\/wp\/v2\/categories?post=21366"},{"taxonomy":"post_tag","embeddable":true,"href":"https:\/\/blogs.correio24horas.com.br\/mesalte\/wp-json\/wp\/v2\/tags?post=21366"}],"curies":[{"name":"wp","href":"https:\/\/api.w.org\/{rel}","templated":true}]}}