{"id":21360,"date":"2020-06-17T12:16:33","date_gmt":"2020-06-17T15:16:33","guid":{"rendered":"https:\/\/blogs.correio24horas.com.br\/mesalte\/?p=21360"},"modified":"2020-06-17T12:16:35","modified_gmt":"2020-06-17T15:16:35","slug":"gilberto-gil-e-iza-farao-live-juntos-dia-20-saiba-mais-detalhes","status":"publish","type":"post","link":"https:\/\/blogs.correio24horas.com.br\/mesalte\/gilberto-gil-e-iza-farao-live-juntos-dia-20-saiba-mais-detalhes\/","title":{"rendered":"Gilberto Gil e Iza far\u00e3o live juntos dia 20; saiba mais detalhes"},"content":{"rendered":"\n<p>Pela primeira vez em suas carreiras, Gilberto Gil e Iza realizar\u00e3o um show completo juntos, que ter\u00e1 transmiss\u00e3o ao vivo, no s\u00e1bado (20), \u00e0s 20h, no canal da Mastercard Brasil no YouTube. A live ser\u00e1 realizada na casa de Gil, na regi\u00e3o serrana do Rio de Janeiro. De acordo com a produ\u00e7\u00e3o dos artistas, todos os protocolos de seguran\u00e7a recomendados pelas autoridades de sa\u00fade ser\u00e3o cumpridos \u2013, com sucessos da carreira do artista baiano. &nbsp;<\/p>\n\n\n\n<p>O diretor art\u00edstico Z\u00e9 Ricardo foi desafiado pela W\/MCcann e Mastercard para criar um encontro musical que celebrasse o recente movimento criado pela Mastercard \u201cFa\u00e7a parte e comece o que n\u00e3o tem pre\u00e7o\u201d, que, em parceria com a ONG \u201cA\u00e7\u00e3o da cidadania\u201d, doar\u00e1 dois milh\u00f5es de pratos de comida a fam\u00edlias em dificuldades durante a pandemia.<\/p>\n\n\n\n<p>\u201cQuando desenhei o encontro entre Gil e Iza, pensei justamente no fato de saber da admira\u00e7\u00e3o m\u00fatua entre eles. Esse fator faz toda a diferen\u00e7a na entrega art\u00edstica final. N\u00e3o basta pensar apenas em uma afinidade musical para a magia acontecer. E os dois tem um apre\u00e7o muito grande um pelo outro\u201d, destaca o m\u00fasico e curador Z\u00e9 Ricardo.<\/p>\n\n\n\n<p>O desafio proposto pelo diretor de negocios da agencia e tamb\u00e9m empresario art\u00edstico Tom Gil, foi para a cria\u00e7\u00e3o de um encontro musical que \u201cn\u00e3o tem pre\u00e7o\u201d, capaz de emocionar e mobilizar pessoas em nome de uma causa importante, gerando impactos em toda a sociedade. Com Gilberto Gil ao viol\u00e3o, a dupla passear\u00e1 por sucessos de autoria do artista baiano, como \u201cSe eu quiser falar com Deus\u201d, \u201cPalco\u201d e \u201cVamos fugir\u201d, al\u00e9m de m\u00fasicas que ele imortalizou como \u201cEsperando na Janela\u201d e Three little birds\u201d.<\/p>\n\n\n\n<p>A partir da premissa de que o poder das conex\u00f5es \u00e9 uma das formas de come\u00e7ar o que n\u00e3o tem pre\u00e7o, a tela da transmiss\u00e3o da live incluir\u00e1 um QR Code em que o p\u00fablico poder\u00e1 fazer doa\u00e7\u00f5es que ser\u00e3o revertidas para a ONG A\u00e7\u00e3o da Cidadania, onde cada real doado corresponde a um prato de comida para os mais afetados pela pandemia.<\/p>\n","protected":false},"excerpt":{"rendered":"<p>Pela primeira vez em suas carreiras, Gilberto Gil e Iza realizar\u00e3o um show completo juntos, que ter\u00e1 transmiss\u00e3o ao vivo, no s\u00e1bado (20), \u00e0s 20h, no [&hellip;]<\/p>\n","protected":false},"author":1,"featured_media":21361,"comment_status":"open","ping_status":"open","sticky":false,"template":"","format":"standard","meta":{"footnotes":""},"categories":[28,80],"tags":[],"class_list":["post-21360","post","type-post","status-publish","format-standard","has-post-thumbnail","hentry","category-farofa-digital","category-home"],"_links":{"self":[{"href":"https:\/\/blogs.correio24horas.com.br\/mesalte\/wp-json\/wp\/v2\/posts\/21360","targetHints":{"allow":["GET"]}}],"collection":[{"href":"https:\/\/blogs.correio24horas.com.br\/mesalte\/wp-json\/wp\/v2\/posts"}],"about":[{"href":"https:\/\/blogs.correio24horas.com.br\/mesalte\/wp-json\/wp\/v2\/types\/post"}],"author":[{"embeddable":true,"href":"https:\/\/blogs.correio24horas.com.br\/mesalte\/wp-json\/wp\/v2\/users\/1"}],"replies":[{"embeddable":true,"href":"https:\/\/blogs.correio24horas.com.br\/mesalte\/wp-json\/wp\/v2\/comments?post=21360"}],"version-history":[{"count":1,"href":"https:\/\/blogs.correio24horas.com.br\/mesalte\/wp-json\/wp\/v2\/posts\/21360\/revisions"}],"predecessor-version":[{"id":21362,"href":"https:\/\/blogs.correio24horas.com.br\/mesalte\/wp-json\/wp\/v2\/posts\/21360\/revisions\/21362"}],"wp:featuredmedia":[{"embeddable":true,"href":"https:\/\/blogs.correio24horas.com.br\/mesalte\/wp-json\/wp\/v2\/media\/21361"}],"wp:attachment":[{"href":"https:\/\/blogs.correio24horas.com.br\/mesalte\/wp-json\/wp\/v2\/media?parent=21360"}],"wp:term":[{"taxonomy":"category","embeddable":true,"href":"https:\/\/blogs.correio24horas.com.br\/mesalte\/wp-json\/wp\/v2\/categories?post=21360"},{"taxonomy":"post_tag","embeddable":true,"href":"https:\/\/blogs.correio24horas.com.br\/mesalte\/wp-json\/wp\/v2\/tags?post=21360"}],"curies":[{"name":"wp","href":"https:\/\/api.w.org\/{rel}","templated":true}]}}