{"id":21357,"date":"2020-06-17T09:44:13","date_gmt":"2020-06-17T12:44:13","guid":{"rendered":"https:\/\/blogs.correio24horas.com.br\/mesalte\/?p=21357"},"modified":"2020-06-17T09:44:15","modified_gmt":"2020-06-17T12:44:15","slug":"margareth-menezes-apresenta-serie-de-lives-no-instagram-veja-programacao","status":"publish","type":"post","link":"https:\/\/blogs.correio24horas.com.br\/mesalte\/margareth-menezes-apresenta-serie-de-lives-no-instagram-veja-programacao\/","title":{"rendered":"Margareth Menezes apresenta s\u00e9rie de lives no Instagram; veja programa\u00e7\u00e3o"},"content":{"rendered":"\n<p>Depois de um bate papo recheado de hist\u00f3rias e com pitadas de m\u00fasicas com Teresa Cristina, Margareth Menezes vai conversar com a fil\u00f3sofa e escritora Djamila Ribeiro, hoje (17\/06), \u00e0s 20 horas, com transmiss\u00e3o via Instagram (@margarethmenezes).  Na Live da Maga &#8211; Inspira\u00e7\u00e3o, Conhecimento e Empatia, a artista baiana se conecta com mulheres que atuam de forma importante em diversos campos. Amanh\u00e3, a s\u00e9rie de bate-papo prossegue com a cantora e empres\u00e1ria Preta Gil (18\/06) e, na sexta-feira (19\/06), o encerramento ser\u00e1 com a biom\u00e9dica e pesquisadora Jaqueline G\u00f3es. Margareth representa diversas frentes. al\u00e9m da m\u00fasica, nunca se isolou das causas sociais e temas importantes.<\/p>\n\n\n\n<p>Durante o bate-papo, Margareth vai conversar com suas convidadas sobre v\u00e1rios temas, como ativismo, antirracismo, produ\u00e7\u00e3o cultural, sa\u00fade e com muita troca de viv\u00eancias pessoais.  <\/p>\n\n\n\n<p>&#8220;Estamos em um momento em que esclarecimento e troca \u00e9 algo fundamental para entendermos todas as frentes de nossa sociedade. Sinto que essa semana de conhecimento, com diversas mulheres, que atuam em diversas \u00e1reas e s\u00e3o vozes importantes, \u00e9 algo necess\u00e1rio para ajudar no processo como um todo e assim gerar maior empatia&#8221;, considera Margareth.<\/p>\n\n\n\n<p>Confira a programa\u00e7\u00e3o:<\/p>\n\n\n\n<p>16\/06 (ter\u00e7a-feira): Teresa Cristina.<\/p>\n\n\n\n<p>17\/06 (quarta-feira): Djamila Ribeiro.<\/p>\n\n\n\n<p>18\/06 (quinta-feira): Preta Gil.<\/p>\n\n\n\n<p>19\/06 (sexta-feira): Jaqueline G\u00f3es.<\/p>\n","protected":false},"excerpt":{"rendered":"<p>Depois de um bate papo recheado de hist\u00f3rias e com pitadas de m\u00fasicas com Teresa Cristina, Margareth Menezes vai conversar com a fil\u00f3sofa e escritora Djamila [&hellip;]<\/p>\n","protected":false},"author":1,"featured_media":21358,"comment_status":"open","ping_status":"open","sticky":false,"template":"","format":"standard","meta":{"footnotes":""},"categories":[80,26],"tags":[],"class_list":["post-21357","post","type-post","status-publish","format-standard","has-post-thumbnail","hentry","category-home","category-me-inspiro"],"_links":{"self":[{"href":"https:\/\/blogs.correio24horas.com.br\/mesalte\/wp-json\/wp\/v2\/posts\/21357","targetHints":{"allow":["GET"]}}],"collection":[{"href":"https:\/\/blogs.correio24horas.com.br\/mesalte\/wp-json\/wp\/v2\/posts"}],"about":[{"href":"https:\/\/blogs.correio24horas.com.br\/mesalte\/wp-json\/wp\/v2\/types\/post"}],"author":[{"embeddable":true,"href":"https:\/\/blogs.correio24horas.com.br\/mesalte\/wp-json\/wp\/v2\/users\/1"}],"replies":[{"embeddable":true,"href":"https:\/\/blogs.correio24horas.com.br\/mesalte\/wp-json\/wp\/v2\/comments?post=21357"}],"version-history":[{"count":1,"href":"https:\/\/blogs.correio24horas.com.br\/mesalte\/wp-json\/wp\/v2\/posts\/21357\/revisions"}],"predecessor-version":[{"id":21359,"href":"https:\/\/blogs.correio24horas.com.br\/mesalte\/wp-json\/wp\/v2\/posts\/21357\/revisions\/21359"}],"wp:featuredmedia":[{"embeddable":true,"href":"https:\/\/blogs.correio24horas.com.br\/mesalte\/wp-json\/wp\/v2\/media\/21358"}],"wp:attachment":[{"href":"https:\/\/blogs.correio24horas.com.br\/mesalte\/wp-json\/wp\/v2\/media?parent=21357"}],"wp:term":[{"taxonomy":"category","embeddable":true,"href":"https:\/\/blogs.correio24horas.com.br\/mesalte\/wp-json\/wp\/v2\/categories?post=21357"},{"taxonomy":"post_tag","embeddable":true,"href":"https:\/\/blogs.correio24horas.com.br\/mesalte\/wp-json\/wp\/v2\/tags?post=21357"}],"curies":[{"name":"wp","href":"https:\/\/api.w.org\/{rel}","templated":true}]}}