{"id":21113,"date":"2020-05-15T17:08:46","date_gmt":"2020-05-15T20:08:46","guid":{"rendered":"https:\/\/blogs.correio24horas.com.br\/mesalte\/?p=21113"},"modified":"2020-05-15T17:08:48","modified_gmt":"2020-05-15T20:08:48","slug":"ivete-sangalo-lanca-clipes-de-me-liga-e-na-janela-com-participacao-de-jao-e-vitao","status":"publish","type":"post","link":"https:\/\/blogs.correio24horas.com.br\/mesalte\/ivete-sangalo-lanca-clipes-de-me-liga-e-na-janela-com-participacao-de-jao-e-vitao\/","title":{"rendered":"Ivete Sangalo lan\u00e7a clipes de &#8220;Me Liga&#8221; e &#8220;Na Janela&#8221; com participa\u00e7\u00e3o de J\u00e3o e Vit\u00e3o"},"content":{"rendered":"\n<p>No \u00faltimo domingo,&nbsp;<strong>Ivete Sangalo<\/strong>&nbsp;apresentou em sua Live Leve seu novo EP. Com duas faixas, a artista mais popular do Brasil surpreendeu com o lan\u00e7amento em colabora\u00e7\u00e3o com dois dos principais artistas pop da nova gera\u00e7\u00e3o, os paulistas Vit\u00e3o e J\u00e3o.<\/p>\n\n\n\n<p>As duas m\u00fasicas apresentam-na em mais uma de suas compet\u00eancias art\u00edsticas, no pop rom\u00e2ntico e urbano, linhas em que os dois levam as pr\u00f3prias produ\u00e7\u00f5es. Ou\u00e7a&nbsp;<a href=\"https:\/\/umusicbrazil.lnk.to\/EP_IveteSangalo\" target=\"_blank\" rel=\"noreferrer noopener\">aqui<\/a>.<\/p>\n\n\n\n<p>E para o EP ficar completo, hoje, 15 de maio, Ivete Sangalo lan\u00e7a os clipes de \u201cMe Liga\u201d, com J\u00e3o e \u201cNa Janela\u201d, com Vit\u00e3o. Ambos os clipes tiveram a dire\u00e7\u00e3o de Chico Kert\u00e9sz.<\/p>\n\n\n\n<p>Em clima de quarentena, os artistas gravaram as imagens de suas pr\u00f3prias casas, os resultados foram v\u00eddeos cheios de intimidade e entrega.<\/p>\n\n\n\n<p>Assista&nbsp;<a href=\"https:\/\/www.youtube.com\/watch?v=W5JNWBCRuRE\" target=\"_blank\" rel=\"noreferrer noopener\">Me Liga<\/a>!<br>Assista&nbsp;<a href=\"https:\/\/www.youtube.com\/watch?v=xpanu8ny85s\" target=\"_blank\" rel=\"noreferrer noopener\">Na Janela<\/a>!<\/p>\n","protected":false},"excerpt":{"rendered":"<p>No \u00faltimo domingo,&nbsp;Ivete Sangalo&nbsp;apresentou em sua Live Leve seu novo EP. Com duas faixas, a artista mais popular do Brasil surpreendeu com o lan\u00e7amento em colabora\u00e7\u00e3o [&hellip;]<\/p>\n","protected":false},"author":1,"featured_media":0,"comment_status":"open","ping_status":"open","sticky":false,"template":"","format":"standard","meta":{"footnotes":""},"categories":[80],"tags":[],"class_list":["post-21113","post","type-post","status-publish","format-standard","hentry","category-home"],"_links":{"self":[{"href":"https:\/\/blogs.correio24horas.com.br\/mesalte\/wp-json\/wp\/v2\/posts\/21113","targetHints":{"allow":["GET"]}}],"collection":[{"href":"https:\/\/blogs.correio24horas.com.br\/mesalte\/wp-json\/wp\/v2\/posts"}],"about":[{"href":"https:\/\/blogs.correio24horas.com.br\/mesalte\/wp-json\/wp\/v2\/types\/post"}],"author":[{"embeddable":true,"href":"https:\/\/blogs.correio24horas.com.br\/mesalte\/wp-json\/wp\/v2\/users\/1"}],"replies":[{"embeddable":true,"href":"https:\/\/blogs.correio24horas.com.br\/mesalte\/wp-json\/wp\/v2\/comments?post=21113"}],"version-history":[{"count":1,"href":"https:\/\/blogs.correio24horas.com.br\/mesalte\/wp-json\/wp\/v2\/posts\/21113\/revisions"}],"predecessor-version":[{"id":21114,"href":"https:\/\/blogs.correio24horas.com.br\/mesalte\/wp-json\/wp\/v2\/posts\/21113\/revisions\/21114"}],"wp:attachment":[{"href":"https:\/\/blogs.correio24horas.com.br\/mesalte\/wp-json\/wp\/v2\/media?parent=21113"}],"wp:term":[{"taxonomy":"category","embeddable":true,"href":"https:\/\/blogs.correio24horas.com.br\/mesalte\/wp-json\/wp\/v2\/categories?post=21113"},{"taxonomy":"post_tag","embeddable":true,"href":"https:\/\/blogs.correio24horas.com.br\/mesalte\/wp-json\/wp\/v2\/tags?post=21113"}],"curies":[{"name":"wp","href":"https:\/\/api.w.org\/{rel}","templated":true}]}}