{"id":21110,"date":"2020-05-15T11:24:56","date_gmt":"2020-05-15T14:24:56","guid":{"rendered":"https:\/\/blogs.correio24horas.com.br\/mesalte\/?p=21110"},"modified":"2020-05-15T11:25:12","modified_gmt":"2020-05-15T14:25:12","slug":"fotografo-jacques-dequeker-realiza-desfiles-de-moda-online","status":"publish","type":"post","link":"https:\/\/blogs.correio24horas.com.br\/mesalte\/fotografo-jacques-dequeker-realiza-desfiles-de-moda-online\/","title":{"rendered":"Fot\u00f3grafo Jacques Dequeker realiza desfiles de moda online"},"content":{"rendered":"\n<p>Est\u00e1 com saudades de ver desfiles de moda? Certamente por conta da pandemia do novo coronav\u00edrus eles v\u00e3o demorar um pouco para retornar a acontecer. Pensando nisso, o  fot\u00f3grafo Jacques Dequeker desenvolveu um projeto durante a quarentena para ajudar a economia t\u00eaxtil e colocar os desfiles de moda de volta. Com ajuda de sua esposa, a influencer Ju Dequeker, eles produziram quatro desfiles e uma campanha de joias, que foram transmitidos virtualmente.<\/p>\n\n\n\n<figure class=\"wp-block-image\"><img loading=\"lazy\" decoding=\"async\" width=\"871\" height=\"1024\" src=\"https:\/\/blogs.correio24h.com.br\/mesalte\/wp-content\/uploads\/2020\/05\/modelo-871x1024.jpg\" alt=\"\" class=\"wp-image-21111\" srcset=\"https:\/\/blogs.correio24h.com.br\/mesalte\/wp-content\/uploads\/2020\/05\/modelo-871x1024.jpg 871w, https:\/\/blogs.correio24h.com.br\/mesalte\/wp-content\/uploads\/2020\/05\/modelo-255x300.jpg 255w, https:\/\/blogs.correio24h.com.br\/mesalte\/wp-content\/uploads\/2020\/05\/modelo-768x902.jpg 768w, https:\/\/blogs.correio24h.com.br\/mesalte\/wp-content\/uploads\/2020\/05\/modelo-124x146.jpg 124w, https:\/\/blogs.correio24h.com.br\/mesalte\/wp-content\/uploads\/2020\/05\/modelo-43x50.jpg 43w, https:\/\/blogs.correio24h.com.br\/mesalte\/wp-content\/uploads\/2020\/05\/modelo-64x75.jpg 64w, https:\/\/blogs.correio24h.com.br\/mesalte\/wp-content\/uploads\/2020\/05\/modelo.jpg 1080w\" sizes=\"auto, (max-width: 871px) 100vw, 871px\" \/><figcaption>Foto: Divulga\u00e7\u00e3o<\/figcaption><\/figure>\n\n\n\n<p>Os desfiles foram das marcas  Andreza Chagas, Karla Rezende,  Vicenza e Lila e foram transmitidos pela Fhits, a primeira plataforma de influenciadores digitais de moda e lifestyle do mundo. <\/p>\n\n\n\n<p>Cada evento, divulgado pelo Instagram, contou com mais de 25 mil visualiza\u00e7\u00f5es. Al\u00e9m dos desfiles, uma campanha de joias em parceria com a marca Ana Karin tamb\u00e9m foi transmitida.<\/p>\n\n\n\n<p>A influencer Ju Dequeker foi a modelo do projeto e produziu sua pr\u00f3pria maquiagem. A sala do casal foi o cen\u00e1rio dos desfiles, que contou com o apoio de fundos de papel e pain\u00e9is de LED \u2013 tudo isso capturado por uma c\u00e2mera Black Magic.<\/p>\n\n\n\n<p>Voc\u00ea pode conferir todo conte\u00fado nos links abaixo:<\/p>\n\n\n\n<p> Andreza Chagas <\/p>\n\n\n\n<figure class=\"wp-block-embed-instagram wp-block-embed is-type-rich is-provider-instagram\"><div class=\"wp-block-embed__wrapper\">\nhttps:\/\/www.instagram.com\/p\/B-iElcuj56B\/\n<\/div><\/figure>\n\n\n\n<p>  Karla Rezende  <\/p>\n\n\n\n<figure class=\"wp-block-embed-instagram wp-block-embed is-type-rich is-provider-instagram\"><div class=\"wp-block-embed__wrapper\">\nhttps:\/\/www.instagram.com\/p\/B-aZV-qDLf9\/\n<\/div><\/figure>\n\n\n\n<p> Vicenza <\/p>\n\n\n\n<figure class=\"wp-block-embed-instagram wp-block-embed is-type-rich is-provider-instagram\"><div class=\"wp-block-embed__wrapper\">\nhttps:\/\/www.instagram.com\/p\/B-QEJ0mjh1f\/\n<\/div><\/figure>\n\n\n\n<p>Lila<\/p>\n\n\n\n<figure class=\"wp-block-embed-instagram wp-block-embed is-type-rich is-provider-instagram\"><div class=\"wp-block-embed__wrapper\">\nhttps:\/\/www.instagram.com\/p\/B_qNbtFjwB3\/\n<\/div><\/figure>\n\n\n\n<p> Ana Karin <\/p>\n\n\n\n<figure class=\"wp-block-embed-instagram wp-block-embed is-type-rich is-provider-instagram\"><div class=\"wp-block-embed__wrapper\">\nhttps:\/\/www.instagram.com\/p\/B-k57smj-L3\/\n<\/div><\/figure>\n\n\n\n<p><\/p>\n\n\n\n<p><\/p>\n\n\n\n<p><\/p>\n","protected":false},"excerpt":{"rendered":"<p>Est\u00e1 com saudades de ver desfiles de moda? Certamente por conta da pandemia do novo coronav\u00edrus eles v\u00e3o demorar um pouco para retornar a acontecer. Pensando [&hellip;]<\/p>\n","protected":false},"author":1,"featured_media":0,"comment_status":"open","ping_status":"open","sticky":false,"template":"","format":"standard","meta":{"footnotes":""},"categories":[80],"tags":[],"class_list":["post-21110","post","type-post","status-publish","format-standard","hentry","category-home"],"_links":{"self":[{"href":"https:\/\/blogs.correio24horas.com.br\/mesalte\/wp-json\/wp\/v2\/posts\/21110","targetHints":{"allow":["GET"]}}],"collection":[{"href":"https:\/\/blogs.correio24horas.com.br\/mesalte\/wp-json\/wp\/v2\/posts"}],"about":[{"href":"https:\/\/blogs.correio24horas.com.br\/mesalte\/wp-json\/wp\/v2\/types\/post"}],"author":[{"embeddable":true,"href":"https:\/\/blogs.correio24horas.com.br\/mesalte\/wp-json\/wp\/v2\/users\/1"}],"replies":[{"embeddable":true,"href":"https:\/\/blogs.correio24horas.com.br\/mesalte\/wp-json\/wp\/v2\/comments?post=21110"}],"version-history":[{"count":1,"href":"https:\/\/blogs.correio24horas.com.br\/mesalte\/wp-json\/wp\/v2\/posts\/21110\/revisions"}],"predecessor-version":[{"id":21112,"href":"https:\/\/blogs.correio24horas.com.br\/mesalte\/wp-json\/wp\/v2\/posts\/21110\/revisions\/21112"}],"wp:attachment":[{"href":"https:\/\/blogs.correio24horas.com.br\/mesalte\/wp-json\/wp\/v2\/media?parent=21110"}],"wp:term":[{"taxonomy":"category","embeddable":true,"href":"https:\/\/blogs.correio24horas.com.br\/mesalte\/wp-json\/wp\/v2\/categories?post=21110"},{"taxonomy":"post_tag","embeddable":true,"href":"https:\/\/blogs.correio24horas.com.br\/mesalte\/wp-json\/wp\/v2\/tags?post=21110"}],"curies":[{"name":"wp","href":"https:\/\/api.w.org\/{rel}","templated":true}]}}