{"id":21028,"date":"2020-04-23T09:54:50","date_gmt":"2020-04-23T12:54:50","guid":{"rendered":"https:\/\/blogs.correio24horas.com.br\/mesalte\/?p=21028"},"modified":"2020-04-23T09:54:52","modified_gmt":"2020-04-23T12:54:52","slug":"apresentador-da-globo-que-mostrou-foto-de-penis-ao-vivo-e-demitido","status":"publish","type":"post","link":"https:\/\/blogs.correio24horas.com.br\/mesalte\/apresentador-da-globo-que-mostrou-foto-de-penis-ao-vivo-e-demitido\/","title":{"rendered":"Apresentador da Globo que mostrou foto de p\u00eanis ao vivo \u00e9 demitido"},"content":{"rendered":"\n<p> Nos \u00faltimos dias viralizou um v\u00eddeo de um apresentador que mostrou, sem querer, um nude no tel\u00e3o do telejornal Bom Dia MT, da TV Centro Am\u00e9rica, afiliada da Rede Globo no Mato Grosso. Mas, se o p\u00fablico riu da situa\u00e7\u00e3o, a dire\u00e7\u00e3o da emissora n\u00e3o achou gra\u00e7a da situa\u00e7\u00e3o e, segundo o portal Rep\u00f3rter MT, e o jornalista Douglas Belan foi demitido nesta quarta-feira (22). <\/p>\n\n\n\n<figure class=\"wp-block-embed-twitter wp-block-embed is-type-rich is-provider-twitter\"><div class=\"wp-block-embed__wrapper\">\nhttps:\/\/twitter.com\/sirluizfelipe\/status\/1252622662842662914?ref_src=twsrc%5Etfw%7Ctwcamp%5Etweetembed%7Ctwterm%5E1252622662842662914&#038;ref_url=https%3A%2F%2Fwww.correio24horas.com.br%2Fnoticia%2Fnid%2Fapresentador-da-globo-que-mostrou-foto-de-penis-ao-vivo-e-demitido%2F\n<\/div><\/figure>\n\n\n\n<p>A decis\u00e3o do canal de abrir m\u00e3o dos servi\u00e7os de Belan pegou de surpresa os colegas do apresentador. A dire\u00e7\u00e3o do canal n\u00e3o confirmou que a demiss\u00e3o aconteceu por conta da exibi\u00e7\u00e3o do nude, mas tudo leva a crer que este foi o motivo.<\/p>\n\n\n\n<p>Constrangido, o jornalista solicitou rapidamente a remo\u00e7\u00e3o da imagem do tel\u00e3o e tentou \u2018amenizar\u2019 a situa\u00e7\u00e3o, encarando-a com bom humor. \u201cDeixa eu tirar isso daqui, n\u00e3o sei o que \u00e9. Tirou a tempo? S\u00f3 no programa ao vivo\u201c, \u2018observou\u2019 na ocasi\u00e3o.<\/p>\n","protected":false},"excerpt":{"rendered":"<p>Nos \u00faltimos dias viralizou um v\u00eddeo de um apresentador que mostrou, sem querer, um nude no tel\u00e3o do telejornal Bom Dia MT, da TV Centro Am\u00e9rica, [&hellip;]<\/p>\n","protected":false},"author":1,"featured_media":21029,"comment_status":"open","ping_status":"open","sticky":false,"template":"","format":"standard","meta":{"footnotes":""},"categories":[28,80],"tags":[],"class_list":["post-21028","post","type-post","status-publish","format-standard","has-post-thumbnail","hentry","category-farofa-digital","category-home"],"_links":{"self":[{"href":"https:\/\/blogs.correio24horas.com.br\/mesalte\/wp-json\/wp\/v2\/posts\/21028","targetHints":{"allow":["GET"]}}],"collection":[{"href":"https:\/\/blogs.correio24horas.com.br\/mesalte\/wp-json\/wp\/v2\/posts"}],"about":[{"href":"https:\/\/blogs.correio24horas.com.br\/mesalte\/wp-json\/wp\/v2\/types\/post"}],"author":[{"embeddable":true,"href":"https:\/\/blogs.correio24horas.com.br\/mesalte\/wp-json\/wp\/v2\/users\/1"}],"replies":[{"embeddable":true,"href":"https:\/\/blogs.correio24horas.com.br\/mesalte\/wp-json\/wp\/v2\/comments?post=21028"}],"version-history":[{"count":1,"href":"https:\/\/blogs.correio24horas.com.br\/mesalte\/wp-json\/wp\/v2\/posts\/21028\/revisions"}],"predecessor-version":[{"id":21030,"href":"https:\/\/blogs.correio24horas.com.br\/mesalte\/wp-json\/wp\/v2\/posts\/21028\/revisions\/21030"}],"wp:featuredmedia":[{"embeddable":true,"href":"https:\/\/blogs.correio24horas.com.br\/mesalte\/wp-json\/wp\/v2\/media\/21029"}],"wp:attachment":[{"href":"https:\/\/blogs.correio24horas.com.br\/mesalte\/wp-json\/wp\/v2\/media?parent=21028"}],"wp:term":[{"taxonomy":"category","embeddable":true,"href":"https:\/\/blogs.correio24horas.com.br\/mesalte\/wp-json\/wp\/v2\/categories?post=21028"},{"taxonomy":"post_tag","embeddable":true,"href":"https:\/\/blogs.correio24horas.com.br\/mesalte\/wp-json\/wp\/v2\/tags?post=21028"}],"curies":[{"name":"wp","href":"https:\/\/api.w.org\/{rel}","templated":true}]}}