{"id":21019,"date":"2020-04-22T14:53:21","date_gmt":"2020-04-22T17:53:21","guid":{"rendered":"https:\/\/blogs.correio24horas.com.br\/mesalte\/?p=21019"},"modified":"2020-04-22T14:53:32","modified_gmt":"2020-04-22T17:53:32","slug":"pela-primeira-vez-em-50-anos-nova-york-nao-tera-uma-parada-do-orgulho-lgbtq-salvador-ainda-e-incerto","status":"publish","type":"post","link":"https:\/\/blogs.correio24horas.com.br\/mesalte\/pela-primeira-vez-em-50-anos-nova-york-nao-tera-uma-parada-do-orgulho-lgbtq-salvador-ainda-e-incerto\/","title":{"rendered":"Pela primeira vez em 50 anos, Nova York n\u00e3o ter\u00e1 uma Parada do Orgulho LGBTQ+; Salvador ainda \u00e9 incerto"},"content":{"rendered":"\n<p><\/p>\n\n\n\n<p>Pela primeira vez em 50 anos, Nova York n\u00e3o ter\u00e1 uma Parada do Orgulho LGBTQ+! O prefeito da cidade,  Bill de Blasio, anunciou que todos os eventos de junho est\u00e3o cancelados devido \u00e0 pandemia do novo coronav\u00edrus. Nova York \u00e9 o local com mais casos de coronav\u00edrus nos Estados Unidos.<\/p>\n\n\n\n<p>A tend\u00eancia \u00e9 que as paradas previstas at\u00e9 junho realmente sejam canceladas em todo mundo. <\/p>\n\n\n\n<p>N\u00e3o se sabe ao certo &#8211; a depender da expans\u00e3o do v\u00edrus &#8211; o que acontecer\u00e1 com as outras que est\u00e3o mais para o meio ou final do segundo semestre. \u00c9 o caso da parada LGBTQIA+ de Salvador. Marcelo Cerqueira, um dos fundadores do Grupo Gay da Bahia, que promove o evento, relatou ao Me Salte que a decis\u00e3o deve ser tomada no m\u00eas de maio sobre a realiza\u00e7\u00e3o do evento de acordo com a evolu\u00e7\u00e3o do v\u00edrus e recomenda\u00e7\u00f5es das autoridades. <\/p>\n\n\n\n<p><\/p>\n","protected":false},"excerpt":{"rendered":"<p>Pela primeira vez em 50 anos, Nova York n\u00e3o ter\u00e1 uma Parada do Orgulho LGBTQ+! O prefeito da cidade, Bill de Blasio, anunciou que todos os [&hellip;]<\/p>\n","protected":false},"author":1,"featured_media":20173,"comment_status":"open","ping_status":"open","sticky":false,"template":"","format":"standard","meta":{"footnotes":""},"categories":[80,9],"tags":[],"class_list":["post-21019","post","type-post","status-publish","format-standard","has-post-thumbnail","hentry","category-home","category-me-orgulho"],"_links":{"self":[{"href":"https:\/\/blogs.correio24horas.com.br\/mesalte\/wp-json\/wp\/v2\/posts\/21019","targetHints":{"allow":["GET"]}}],"collection":[{"href":"https:\/\/blogs.correio24horas.com.br\/mesalte\/wp-json\/wp\/v2\/posts"}],"about":[{"href":"https:\/\/blogs.correio24horas.com.br\/mesalte\/wp-json\/wp\/v2\/types\/post"}],"author":[{"embeddable":true,"href":"https:\/\/blogs.correio24horas.com.br\/mesalte\/wp-json\/wp\/v2\/users\/1"}],"replies":[{"embeddable":true,"href":"https:\/\/blogs.correio24horas.com.br\/mesalte\/wp-json\/wp\/v2\/comments?post=21019"}],"version-history":[{"count":2,"href":"https:\/\/blogs.correio24horas.com.br\/mesalte\/wp-json\/wp\/v2\/posts\/21019\/revisions"}],"predecessor-version":[{"id":21021,"href":"https:\/\/blogs.correio24horas.com.br\/mesalte\/wp-json\/wp\/v2\/posts\/21019\/revisions\/21021"}],"wp:featuredmedia":[{"embeddable":true,"href":"https:\/\/blogs.correio24horas.com.br\/mesalte\/wp-json\/wp\/v2\/media\/20173"}],"wp:attachment":[{"href":"https:\/\/blogs.correio24horas.com.br\/mesalte\/wp-json\/wp\/v2\/media?parent=21019"}],"wp:term":[{"taxonomy":"category","embeddable":true,"href":"https:\/\/blogs.correio24horas.com.br\/mesalte\/wp-json\/wp\/v2\/categories?post=21019"},{"taxonomy":"post_tag","embeddable":true,"href":"https:\/\/blogs.correio24horas.com.br\/mesalte\/wp-json\/wp\/v2\/tags?post=21019"}],"curies":[{"name":"wp","href":"https:\/\/api.w.org\/{rel}","templated":true}]}}